{"id":9195,"date":"2022-12-07T10:30:00","date_gmt":"2022-12-07T09:30:00","guid":{"rendered":"https:\/\/adntro.com\/?p=9195"},"modified":"2025-07-28T08:36:15","modified_gmt":"2025-07-28T06:36:15","slug":"alzheimer","status":"publish","type":"post","link":"https:\/\/adntro.com\/es\/blog\/salud\/alzheimer\/","title":{"rendered":"Alzheimer"},"content":{"rendered":"\n<h2 class=\"wp-block-heading\"><strong>\u00bfQu\u00e9 es la enfermedad de Alzheimer?<\/strong><\/h2>\n\n\n\n<p>La demencia, tambi\u00e9n denominada trastorno neurocognitivo mayor, engloba un conjunto de s\u00edntomas concurrentes cuyo s\u00edntoma principal es el deterioro cognitivo severo que afecta al funcionamiento y a las actividades de la vida diaria de las personas que la padecen.<\/p>\n\n\n\n<p><strong>La enfermedad de Alzheimer es la forma m\u00e1s com\u00fan de demencia<\/strong> (entre el 60-80% de los casos). Se considera una enfermedad neurocognitiva del envejecimiento, ya que su prevalencia en poblaciones occidentales aumenta desde un 1% entre los individuos de 65 a\u00f1os hasta un 25% entre los individuos mayores de 90 a\u00f1os. Dado el continuo envejecimiento de la poblaci\u00f3n, la enfermedad de Alzheimer ha sido catalogada como la epidemia del siglo XXI, siendo una de las principales prioridades a nivel de salud p\u00fablica.<\/p>\n\n\n\n<div style=\"height:31px\" aria-hidden=\"true\" class=\"wp-block-spacer\"><\/div>\n\n\n<div class=\"wp-block-image\">\n<figure class=\"aligncenter size-full is-resized\"><img fetchpriority=\"high\" decoding=\"async\" width=\"567\" height=\"543\" src=\"https:\/\/adntro.com\/wp-content\/uploads\/2022\/12\/prevalencia-AD-edad-1.png\" alt=\"Prevalencia de la enfermedad de Alzheimer en funci\u00f3n de la edad.\" class=\"wp-image-9226\" style=\"width:471px;height:451px\" srcset=\"https:\/\/adntro.com\/wp-content\/uploads\/2022\/12\/prevalencia-AD-edad-1.png 567w, https:\/\/adntro.com\/wp-content\/uploads\/2022\/12\/prevalencia-AD-edad-1-300x287.png 300w, https:\/\/adntro.com\/wp-content\/uploads\/2022\/12\/prevalencia-AD-edad-1-13x12.png 13w\" sizes=\"(max-width: 567px) 100vw, 567px\" \/><figcaption class=\"wp-element-caption\">Prevalencia de la enfermedad de Alzheimer en funci\u00f3n de la edad.<\/figcaption><\/figure>\n<\/div>\n\n\n<div style=\"height:26px\" aria-hidden=\"true\" class=\"wp-block-spacer\"><\/div>\n\n\n\n<p>A nivel cognitivo, la enfermedad de Alzheimer se caracteriza por problemas en la <strong>memoria<\/strong>, dificultades para reconocer o recordar los nombres de las cosas (anomia), problemas de <strong>orientaci\u00f3n<\/strong>, deterioro en la capacidad de <strong>razonamiento <\/strong>y toma de decisiones. Los s\u00edntomas al inicio de la enfermedad son sutiles y empeoran progresivamente hasta el punto de interferir con las tareas cotidianas. Por tanto, los d\u00e9ficits cognitivos de la enfermedad de Alzheimer var\u00edan en funci\u00f3n de la etapa de la enfermedad en la que nos encontremos:<\/p>\n\n\n\n<ol class=\"wp-block-list\" style=\"list-style-type:1\">\n<li><strong>S\u00edntomas de enfermedad de Alzheimer leve<\/strong>: es la etapa temprana y leve de la enfermedad de Alzheimer. La persona es capaz de desenvolverse de forma independiente. No obstante, la persona presenta episodios de p\u00e9rdida de memoria leves o incluso de la ubicaci\u00f3n de objetos que utiliza en el d\u00eda a d\u00eda.<\/li>\n\n\n\n<li><strong>S\u00edntomas de enfermedad de Alzheimer moderado<\/strong>: se trata de la etapa moderada y m\u00e1s larga de la enfermedad de Alzheimer. La persona tiene dificultades para expresar sus pensamientos y realizar tareas cotidianas. Empiezan las confusiones de lugares, fechas, nombres, informaci\u00f3n personal como el n\u00famero de tel\u00e9fono, desorientaci\u00f3n, cambio en los patrones de sue\u00f1o, problemas para controlar la necesidad de ir al ba\u00f1o\u2026<\/li>\n\n\n\n<li><strong>S\u00edntomas de enfermedad de Alzheimer severo<\/strong>: se trata de la etapa m\u00e1s grave. La comunicaci\u00f3n se vuelve muy costosa, se experimentan cambios en las capacidades f\u00edsicas, incluida la capacidad de hablar, sentarse y, eventualmente, tragar. La persona no es capaz de desenvolverse por s\u00ed sola y pierde la noci\u00f3n de experiencias recientes, recuerdos y hechos que le rodean. &nbsp;&nbsp;&nbsp;&nbsp;&nbsp;<\/li>\n<\/ol>\n\n\n\n<div style=\"height:35px\" aria-hidden=\"true\" class=\"wp-block-spacer\"><\/div>\n\n\n<div class=\"wp-block-image\">\n<figure class=\"aligncenter size-full\"><img decoding=\"async\" width=\"490\" height=\"322\" src=\"https:\/\/adntro.com\/wp-content\/uploads\/2022\/12\/AD.jpg\" alt=\"Representaci\u00f3n gr\u00e1fica del Alzheimer\" class=\"wp-image-9196\" srcset=\"https:\/\/adntro.com\/wp-content\/uploads\/2022\/12\/AD.jpg 490w, https:\/\/adntro.com\/wp-content\/uploads\/2022\/12\/AD-300x197.jpg 300w, https:\/\/adntro.com\/wp-content\/uploads\/2022\/12\/AD-18x12.jpg 18w\" sizes=\"(max-width: 490px) 100vw, 490px\" \/><\/figure>\n<\/div>\n\n\n<div style=\"height:34px\" aria-hidden=\"true\" class=\"wp-block-spacer\"><\/div>\n\n\n\n<h2 class=\"wp-block-heading\"><strong>Arquitectura gen\u00e9tica de la enfermedad de Alzheimer<\/strong><\/h2>\n\n\n\n<p><strong>Desde un punto de vista gen\u00e9tico<\/strong>, el <strong>Alzheimer<\/strong> puede dividirse en dos <strong>subgrupos<\/strong>:<\/p>\n\n\n\n<ol class=\"wp-block-list\" style=\"list-style-type:1\">\n<li><strong>Casos de aparici\u00f3n tard\u00eda o espor\u00e1dicos<\/strong>: se trata del subgrupo m\u00e1s com\u00fan (90-95% de los casos) influenciado por m\u00faltiples variantes comunes cuyo efecto individual en la enfermedad es bajo. La heredabilidad (proporci\u00f3n de variaci\u00f3n de un rasgo en una poblaci\u00f3n\u00a0que\u00a0se puede atribuir a factores gen\u00e9ticos) se encuentra entre el 70-80% y su an\u00e1lisis es posible con un genotipado (tecnolog\u00eda gen\u00f3mica usada en los <a href=\"https:\/\/adntro.com\/es\/adn-test-genetico-informe-enfermedades\/\"><strong>test de adn<\/strong><\/a> de ADNTRO).<\/li>\n\n\n\n<li><strong>Casos de inicio temprano o familiar<\/strong>: se trata de un Alzheimer de aparici\u00f3n temprana poco frecuente (5-10% de los casos) que se da en personas menores de 65 a\u00f1os y la <a href=\"https:\/\/adntro.com\/blog\/noticias-corporativas\/heredabilidad\/\">heredabilidad<\/a>, en este caso, es entorno al 90%. Suele explicarse por variantes gen\u00e9ticas poco frecuentes que tienen un fuerte efecto sobre la enfermedad. Su an\u00e1lisis se lleva a cabo con la secuenciaci\u00f3n del <a href=\"https:\/\/adntro.com\/es\/blog\/noticias-corporativas\/genoma-completo\/\">genoma completo<\/a> (servicio disponible en ADNTRO).<\/li>\n<\/ol>\n\n\n\n<p>Cuando hablamos de variantes gen\u00e9ticas y efectos, nos encontramos con la siguiente tendencia.<\/p>\n\n\n\n<div style=\"height:21px\" aria-hidden=\"true\" class=\"wp-block-spacer\"><\/div>\n\n\n<div class=\"wp-block-image\">\n<figure class=\"aligncenter size-full\"><img decoding=\"async\" width=\"488\" height=\"355\" src=\"https:\/\/adntro.com\/wp-content\/uploads\/2022\/12\/variantes_efectos.png\" alt=\"Efecto de las variantes comunes y variantes raras\" class=\"wp-image-9197\" srcset=\"https:\/\/adntro.com\/wp-content\/uploads\/2022\/12\/variantes_efectos.png 488w, https:\/\/adntro.com\/wp-content\/uploads\/2022\/12\/variantes_efectos-300x218.png 300w, https:\/\/adntro.com\/wp-content\/uploads\/2022\/12\/variantes_efectos-16x12.png 16w\" sizes=\"(max-width: 488px) 100vw, 488px\" \/><\/figure>\n<\/div>\n\n\n<div style=\"height:23px\" aria-hidden=\"true\" class=\"wp-block-spacer\"><\/div>\n\n\n\n<p>Existen variantes poco frecuentes que pueden causar la aparici\u00f3n temprana de la enfermedad de Alzheimer, por ejemplo: variantes poco frecuentes en los genes <em>PSEN1, PSEN2<\/em> y <em>APP<\/em>. Por lo contrario, las variantes comunes (frecuentes en la poblaci\u00f3n) por s\u00ed solas suelen influir menos en la enfermedad (el efecto es menor) haciendo necesaria la existencia de m\u00faltiples variantes comunes asociadas a dicha enfermedad para presentar una predisposici\u00f3n alta a desarrollarla.<\/p>\n\n\n\n<p><strong>En ADNTRO analizamos biomarcadores gen\u00e9ticos asociados con el Alzheimer de inicio tard\u00edo<\/strong>, analizando por tanto <strong>variantes gen\u00e9ticas comunes<\/strong> altamente asociadas con el Alzheimer.<\/p>\n\n\n\n<h2 class=\"wp-block-heading\"><strong>Tu predisposici\u00f3n gen\u00e9tica a desarrollar Alzheimer<\/strong><\/h2>\n\n\n\n<p><strong>En ADNTRO analizamos biomarcadores gen\u00e9ticos comunes asociados con la enfermedad de Alzheimer de inicio tard\u00edo, basados en descubrimientos de estudios de asociaci\u00f3n del genoma (GWAS) de gran escala llevados a cabo en grandes biobancos<\/strong>.<\/p>\n\n\n\n<p>Para calcular tu predisposici\u00f3n o protecci\u00f3n frente a la enfermedad de Alzheimer nos basamos en un <a href=\"https:\/\/journals.plos.org\/plosgenetics\/article?id=10.1371\/journal.pgen.1010208\" target=\"_blank\" rel=\"noreferrer noopener\">estudio<\/a> cient\u00edfico reciente en el cual identifican m\u00e1s de dos mil variantes gen\u00e9ticas comunes asociadas con dicha enfermedad.<\/p>\n\n\n\n<p>\u00a1Conoce tu predisposici\u00f3n gen\u00e9tica frente a la enfermedad de Alzheimer en ADNTRO!<\/p>\n\n\n\n<h2 class=\"wp-block-heading\"><strong>Gen\u00e9tica detr\u00e1s de la enfermedad de Alzheimer<\/strong><\/h2>\n\n\n\n<p>Las variantes gen\u00e9ticas de riesgo relacionadas con la enfermedad de Alzheimer incrementan el riesgo de desarrollar la enfermedad en t\u00e9rminos probabil\u00edsticos, por lo que <strong>un riesgo gen\u00e9tico alto para desarrollar la enfermedad de Alzheimer no significa que vayas a desarrollar la misma<\/strong>. Si bien es cierto que ser portador homocig\u00f3tico del haplotipo APOE-\u025b4 se asocia con un riesgo de desarrollar la enfermedad de Alzheimer entre 8 y 10 veces mayor que los no portadores de dicha forma del gen (variaci\u00f3n gen\u00e9tica en dicho gen explica aproximadamente un 10% del riesgo gen\u00e9tico para la enfermedad de Alzheimer).<\/p>\n\n\n\n<p>Las variantes gen\u00e9ticas son puntos concretos del ADN y por tanto pertenecen o est\u00e1n muy pr\u00f3ximas a ciertos genes.<\/p>\n\n\n\n<p>Entre los genes m\u00e1s relevantes para la enfermedad de Alzheimer encontramos:<\/p>\n\n\n\n<ol class=\"wp-block-list\" style=\"list-style-type:1\">\n<li><strong><em>CLU<\/em><\/strong>: &nbsp;ayuda a regular la eliminaci\u00f3n de beta amiloide del cerebro.<\/li>\n\n\n\n<li><strong><em>CR1<\/em><\/strong>: un d\u00e9ficit de la prote\u00edna codificada por este gen puede contribuir a la inflamaci\u00f3n cr\u00f3nica del cerebro.<\/li>\n\n\n\n<li><strong><em>PICALM<\/em><\/strong>: involucrado en la sinapsis. Una correcta sinapsis es fundamental para el funcionamiento adecuado de las neuronas y la formaci\u00f3n de la memoria.<\/li>\n\n\n\n<li><strong><em>APOE<\/em><\/strong>: es un gen altamente estudiado y relacionado con la enfermedad de Alzheimer. Existen diferentes \u201cversiones\u201d (alelos) de este gen. <strong>Distintas combinaciones de estas versiones confieren un mayor o menor riesgo de desarrollar la enfermedad<\/strong>. Por ese motivo, adem\u00e1s de obtener tu predisposici\u00f3n gen\u00e9tica en base a m\u00e1s de 2.000 variantes gen\u00e9ticas asociadas con el riesgo de ser diagnosticado con la enfermedad de Alzheimer, te indicamos tu haplotipo APOE. Es decir, tu \u201ccombinaci\u00f3n de las posibles versiones de APOE\u201d. El haplotipo APOE est\u00e1 basado en la combinaci\u00f3n del genotipo que presentes para dos variantes gen\u00e9ticas muy concretas del gen <em>APOE<\/em>. Descubre tu <a href=\"https:\/\/adntro.com\/es\/adn-test-genetico-informe-enfermedades\/\">haplotipo APOE<\/a> con ADNTRO.<\/li>\n<\/ol>\n\n\n\n<h2 class=\"wp-block-heading\"><strong>Tu haplotipo APOE<\/strong><\/h2>\n\n\n\n<p>El gen&nbsp;<em>APOE<\/em>&nbsp;es un gen altamente estudiado y relacionado con la enfermedad de Alzheimer. Dos variantes gen\u00e9ticas comunes dentro de este gen determinan las distintas formas que otorgan&nbsp;un mayor o menor riesgo de desarrollar la enfermedad. Por ejemplo, ser portador de la forma&nbsp;APOE- \u03b54\/APOE- \u03b54&nbsp;se ha asociado con un riesgo entre 8 y 10 veces mayor de desarrollar la enfermedad. <strong>Heredar la configuraci\u00f3n APOE \u03b54 no significa que vayas a desarrollar la enfermedad<\/strong>, solamente que tienes un mayor riesgo para la misma.<\/p>\n\n\n\n<p>Lo mismo aplica al contrario. El hecho de<strong> no tener la configuraci\u00f3n APOE \u03b54, no excluye la posibilidad de desarrollar la enfermedad de Alzheimer<\/strong>. Por ese motivo, tanto el haplotipo APOE como la \u00abbarrita\u00bb con tu resultado que proporcionamos en ADNTRO son variables independientes que indican si presentas un mayor o menor riesgo a padecer la enfermedad.<\/p>\n\n\n\n<p>El riesgo gen\u00e9tico de Alzheimer depende de otras muchas variantes gen\u00e9ticas, siendo el APOE responsable \u00fanicamente del 10% del riesgo total.<\/p>\n\n\n\n<p>El haplotipo APOE explica aproximadamente un 10% del riesgo gen\u00e9tico explicado por variantes gen\u00e9ticas comunes de padecer la enfermedad de Alzheimer, lo que representa un gran efecto para esta regi\u00f3n situada en el cromosoma 19. Se estima que el resto de variantes gen\u00e9ticas comunes de riesgo asociadas a la enfermedad de Alzheimer sean responsables de aproximadamente otro 10% del riesgo gen\u00e9tico de la misma, dejando hasta un 80% del riesgo gen\u00e9tico de Alzheimer todav\u00eda sin descubrir.<\/p>\n\n\n\n<p>Existen tres configuraciones del gen APOE (\u03b52, \u03b53, o \u03b54). \u00a1Descubre tu <a href=\"https:\/\/adntro.com\/es\/adn-test-genetico-informe-enfermedades\/\">haplotipo APOE en ADNTRO<\/a>!<\/p>\n\n\n\n<div style=\"height:27px\" aria-hidden=\"true\" class=\"wp-block-spacer\"><\/div>\n\n\n<div class=\"wp-block-image\">\n<figure class=\"aligncenter size-large is-resized\"><img loading=\"lazy\" decoding=\"async\" width=\"1024\" height=\"986\" src=\"https:\/\/adntro.com\/wp-content\/uploads\/2022\/12\/haplotipo_ADNTRO-1024x986.png\" alt=\"Prevalencia haplotipo APOE ADNTRO\" class=\"wp-image-9208\" style=\"width:519px;height:494px\" srcset=\"https:\/\/adntro.com\/wp-content\/uploads\/2022\/12\/haplotipo_ADNTRO-1024x986.png 1024w, https:\/\/adntro.com\/wp-content\/uploads\/2022\/12\/haplotipo_ADNTRO-300x289.png 300w, https:\/\/adntro.com\/wp-content\/uploads\/2022\/12\/haplotipo_ADNTRO-768x740.png 768w, https:\/\/adntro.com\/wp-content\/uploads\/2022\/12\/haplotipo_ADNTRO-1536x1479.png 1536w, https:\/\/adntro.com\/wp-content\/uploads\/2022\/12\/haplotipo_ADNTRO-2048x1972.png 2048w, https:\/\/adntro.com\/wp-content\/uploads\/2022\/12\/haplotipo_ADNTRO-12x12.png 12w\" sizes=\"(max-width: 1024px) 100vw, 1024px\" \/><\/figure>\n<\/div>\n\n\n<div style=\"height:29px\" aria-hidden=\"true\" class=\"wp-block-spacer\"><\/div>\n\n\n\n<h2 class=\"wp-block-heading\"><strong>Fisiopatolog\u00eda del Alzheimer <\/strong><\/h2>\n\n\n\n<p>La primera fase de la enfermedad de Alzheimer se basa en la muerte de las c\u00e9lulas del<strong> hipocampo<\/strong>, regi\u00f3n del cerebro <strong>donde se almacenan los recuerdos<\/strong>. Tambi\u00e9n se ve afectada la <strong>corteza parahipocampal<\/strong> que se encarga de procesos tan importante como la <strong>memoria y<\/strong> el <strong>aprendizaje<\/strong> perdiendo as\u00ed la capacidad de almacenar nuevos recuerdos.<\/p>\n\n\n\n<p>Posteriormente, el deterioro se ir\u00e1 expandiendo a otras estructuras cerebrales como la <strong>corteza entorrinal<\/strong> que desempe\u00f1a funciones extraordinariamente importantes como la consolidaci\u00f3n de la memoria autobiogr\u00e1fica, aquella que <strong>nos permite saber qui\u00e9nes somos<\/strong>.<\/p>\n\n\n\n<p><strong>La enfermedad de Alzheimer se caracteriza cl\u00ednicamente por un deterioro cognitivo<\/strong> (p\u00e9rdida y muerte de neuronas) que interfiere con la independencia en las actividades cotidianas. Y os preguntar\u00e9is, \u00bfqu\u00e9 causa todo este da\u00f1o en nuestro cerebro? Si hablamos de Alzheimer, a nivel molecular cabe destacar <strong>tres grandes caracter\u00edsticas responsables del deterioro cognitivo que caracteriza la enfermedad biol\u00f3gicamente<\/strong>:<\/p>\n\n\n\n<ol class=\"wp-block-list\" style=\"list-style-type:1\">\n<li><strong>Formaci\u00f3n de ovillos neurofibrilares<\/strong>. Estos ovillos aparecen a partir de la <strong>prote\u00edna tau<\/strong>. Dicha prote\u00edna se encarga de estabilizar unas estructuras de nuestro cerebro. El problema viene cuando la prote\u00edna tau pierde su actividad estabilizante y forma precipitados (ovillos neurofibrilares), que causa un da\u00f1o en la estructura de nuestro cerebro.<\/li>\n\n\n\n<li><strong>Aparici\u00f3n de placas neur\u00edticas<\/strong>. El responsable de la formaci\u00f3n de estas placas es una prote\u00edna llamada <strong>beta- amiloide<\/strong>. Al formarse estos precipitados se desencadena una fuerte respuesta inflamatoria generando as\u00ed da\u00f1o en nuestro cerebro. La prote\u00edna codificada por el gen <strong><em>APOE<\/em> <\/strong>es la <strong>responsable de romper<\/strong> estas placas de <strong>beta \u2013 amiloide<\/strong>. Se ha visto que el <strong>alelo \u03b54 es menos efectivo<\/strong> a la hora de realizar esta acci\u00f3n otorgando por tanto un mayor riesgo de padecer la enfermedad de Alzheimer a aquellas personas que lo portan.<\/li>\n\n\n\n<li><strong>P\u00e9rdida de sinapsis funcional<\/strong>. La sinapsis es la forma en la que se comunican nuestras neuronas. Para hacerlo un poco m\u00e1s visual y desarrollar una explicaci\u00f3n molecular simple, vamos a imaginarnos una enorme tela de ara\u00f1a creada en la esquina de una pared. Si una hormiga cae en la tela de ara\u00f1a, la estructura permanece intacta, pero en caso de caer un hormiguero entero a la vez, la estructura se romper\u00eda, eliminando las conexiones que exist\u00edan en un primer lugar entre un extremo y otro de la pared. Lo mismo ocurre con nuestro cerebro. Todas las conexiones formadas entre nuestras neuronas (sinapsis) puede verse alterada e incluso destruida con la formaci\u00f3n de ovillos neurofibrilares y placas neur\u00edticas que no son m\u00e1s que precipitados (grupos de hormigas) cayendo sobre nuestras conexiones neuronales (tela de ara\u00f1a).<\/li>\n<\/ol>\n\n\n<div class=\"wp-block-image\">\n<figure class=\"aligncenter size-full is-resized\"><img loading=\"lazy\" decoding=\"async\" width=\"844\" height=\"438\" src=\"https:\/\/adntro.com\/wp-content\/uploads\/2022\/12\/sinapsis.jpg\" alt=\"Sinapsis\" class=\"wp-image-9199\" style=\"width:605px;height:313px\" srcset=\"https:\/\/adntro.com\/wp-content\/uploads\/2022\/12\/sinapsis.jpg 844w, https:\/\/adntro.com\/wp-content\/uploads\/2022\/12\/sinapsis-300x156.jpg 300w, https:\/\/adntro.com\/wp-content\/uploads\/2022\/12\/sinapsis-768x399.jpg 768w, https:\/\/adntro.com\/wp-content\/uploads\/2022\/12\/sinapsis-18x9.jpg 18w\" sizes=\"(max-width: 844px) 100vw, 844px\" \/><\/figure>\n<\/div>\n\n\n<div style=\"height:28px\" aria-hidden=\"true\" class=\"wp-block-spacer\"><\/div>\n\n\n\n<p><strong>Estudios recientes sugieren que la prote\u00edna beta-amiloide<\/strong> no se trata de una prote\u00edna an\u00f3mala, sino de una mol\u00e9cula end\u00f3gena que <strong>forma parte del sistema inmunitario del cerebro<\/strong>. Esto posiciona a la prote\u00edna beta-amiloide como elemento clave de la respuesta inmunitaria del cerebro cuando se produce, por ejemplo, un traumatismo cerebral o infecci\u00f3n bacteriana.<\/p>\n\n\n\n<p>Debido a la gran similitud entre las mol\u00e9culas de grasa que componen las membranas de las bacterias y las membranas de las c\u00e9lulas cerebrales, se postula que la beta-amiloide en los casos de la enfermedad de Alzheimer podr\u00eda no distinguir entre las bacterias invasoras y las c\u00e9lulas cerebrales, atacando por error a estas \u00faltimas.<\/p>\n\n\n\n<p><strong>En este caso<\/strong>, si la nueva hip\u00f3tesis es correcta, <strong>la enfermedad de Alzheimer se considerar\u00eda una enfermedad autoinmune<\/strong> dado que la causa de la enfermedad se debe a un ataque mal dirigido del sistema inmunitario del cerebro.<\/p>\n\n\n\n<h2 class=\"wp-block-heading\">Fuentes y enlaces de inter\u00e9s<\/h2>\n\n\n\n<p><a href=\"https:\/\/www.fundacioace.com\/es\" target=\"_blank\" rel=\"noreferrer noopener\">https:\/\/www.fundacioace.com\/es<\/a><\/p>\n\n\n\n<p><a href=\"https:\/\/www.nia.nih.gov\/health\/alzheimers-disease-genetics-fact-sheet\" target=\"_blank\" rel=\"noreferrer noopener\">https:\/\/www.nia.nih.gov\/health\/alzheimers-disease-genetics-fact-sheet<\/a><\/p>\n\n\n\n<p><a href=\"https:\/\/www.mayoclinic.org\/diseases-conditions\/alzheimers-disease\/in-depth\/alzheimers-genes\/art-20046552#:~:text=Young%2Donset%20Alzheimer's&amp;text=This%20type%20of%20Alzheimer's%20disease,Alzheimer's%20symptoms%20before%20age%2065\" target=\"_blank\" rel=\"noreferrer noopener\">https:\/\/www.mayoclinic.org\/diseases-conditions\/alzheimers-disease\/in-depth\/alzheimers-genes\/art-20046552#:~:text=Young%2Donset%20Alzheimer&#8217;s&amp;text=This%20type%20of%20Alzheimer&#8217;s%20disease,Alzheimer&#8217;s%20symptoms%20before%20age%2065<\/a><\/p>\n\n\n\n<p><a href=\"https:\/\/www.ncbi.nlm.nih.gov\/pmc\/articles\/PMC9200312\/\" target=\"_blank\" rel=\"noreferrer noopener\">https:\/\/www.ncbi.nlm.nih.gov\/pmc\/articles\/PMC9200312\/<\/a><\/p>\n\n\n\n<p><a href=\"https:\/\/www.nia.nih.gov\/espanol\/hoja-informativa-sobre-enfermedad-alzheimer#:~:text=La%20enfermedad%20de%20Alzheimer%20es,m%C3%A1s%20tarde%20en%20la%20vida.\" target=\"_blank\" rel=\"noreferrer noopener\">https:\/\/www.nia.nih.gov\/espanol\/hoja-informativa-sobre-enfermedad-alzheimer#:~:text=La%20enfermedad%20de%20Alzheimer%20es,m%C3%A1s%20tarde%20en%20la%20vida<\/a><\/p>\n\n\n\n<p><a href=\"https:\/\/www.alz.org\/alzheimer-demencia\/etapas\" target=\"_blank\" rel=\"noreferrer noopener\">https:\/\/www.alz.org\/alzheimer-demencia\/etapas<\/a><\/p>\n\n\n\n<p><a href=\"https:\/\/www.mayoclinic.org\/es-es\/diseases-conditions\/alzheimers-disease\/in-depth\/alzheimers-genes\/art-20046552\" target=\"_blank\" rel=\"noreferrer noopener\">https:\/\/www.mayoclinic.org\/es-es\/diseases-conditions\/alzheimers-disease\/in-depth\/alzheimers-genes\/art-20046552<\/a><\/p>\n\n\n\n<p><a href=\"https:\/\/theconversation.com\/hay-motivos-para-sospechar-que-el-alzheimer-podria-ser-una-enfermedad-autoinmune-190998#:~:text=El%20alzh%C3%A9imer%20como%20enfermedad%20autoinmune&amp;text=Cuando%20se%20produce%20un%20traumatismo,es%20donde%20empieza%20el%20pro.\" target=\"_blank\" rel=\"noreferrer noopener\">https:\/\/theconversation.com\/hay-motivos-para-sospechar-que-el-alzheimer-podria-ser-una-enfermedad-autoinmune-190998#:~:text=El%20alzh%C3%A9imer%20como%20enfermedad%20autoinmune&amp;text=Cuando%20se%20produce%20un%20traumatismo,es%20donde%20empieza%20el%20pro.<\/a><\/p>\n","protected":false},"excerpt":{"rendered":"<p>\u00bfQu\u00e9 es la enfermedad de Alzheimer? La demencia, tambi\u00e9n denominada trastorno neurocognitivo mayor, engloba un conjunto de s\u00edntomas concurrentes cuyo s\u00edntoma principal es el deterioro cognitivo severo que afecta al funcionamiento y a las actividades de la vida diaria de las personas que la padecen. La enfermedad de Alzheimer es la forma m\u00e1s com\u00fan de [&hellip;]<\/p>\n","protected":false},"author":8,"featured_media":9196,"comment_status":"open","ping_status":"open","sticky":false,"template":"","format":"standard","meta":{"footnotes":""},"categories":[430],"tags":[42,417,418,419,389,421,420,422,32,20,238],"class_list":["post-9195","post","type-post","status-publish","format-standard","has-post-thumbnail","hentry","category-salud","tag-adntro","tag-alzheimer","tag-apoe","tag-epsilon-4","tag-genetica-2","tag-haplotipo-apoe","tag-haplotipos","tag-prevalencia","tag-salud","tag-snp","tag-variantes"],"yoast_head":"<!-- This site is optimized with the Yoast SEO plugin v22.0 - https:\/\/yoast.com\/wordpress\/plugins\/seo\/ -->\n<title>\u00bfQu\u00e9 es el Alzheimer? | ADNTRO<\/title>\n<meta name=\"description\" content=\"Descubre la gen\u00e9tica que hay detr\u00e1s de esta enfermedad y qu\u00e9 ocurre a nivel biol\u00f3gico en el organismo de personas diagnosticadas con Alzheimer\" \/>\n<meta name=\"robots\" content=\"index, follow, max-snippet:-1, max-image-preview:large, max-video-preview:-1\" \/>\n<link rel=\"canonical\" href=\"https:\/\/adntro.com\/es\/blog\/salud\/alzheimer\/\" \/>\n<meta property=\"og:locale\" content=\"es_ES\" \/>\n<meta property=\"og:type\" content=\"article\" \/>\n<meta property=\"og:title\" content=\"\u00bfQu\u00e9 es el Alzheimer? | ADNTRO\" \/>\n<meta property=\"og:description\" content=\"Descubre la gen\u00e9tica que hay detr\u00e1s de esta enfermedad y qu\u00e9 ocurre a nivel biol\u00f3gico en el organismo de personas diagnosticadas con Alzheimer\" \/>\n<meta property=\"og:url\" content=\"https:\/\/adntro.com\/es\/blog\/salud\/alzheimer\/\" \/>\n<meta property=\"og:site_name\" content=\"ADNTRO\" \/>\n<meta property=\"article:publisher\" content=\"https:\/\/www.facebook.com\/ADNTROSPAIN\/\" \/>\n<meta property=\"article:published_time\" content=\"2022-12-07T09:30:00+00:00\" \/>\n<meta property=\"article:modified_time\" content=\"2025-07-28T06:36:15+00:00\" \/>\n<meta property=\"og:image\" content=\"https:\/\/adntro.com\/wp-content\/uploads\/2022\/12\/AD.jpg\" \/>\n\t<meta property=\"og:image:width\" content=\"490\" \/>\n\t<meta property=\"og:image:height\" content=\"322\" \/>\n\t<meta property=\"og:image:type\" content=\"image\/jpeg\" \/>\n<meta name=\"author\" content=\"Sandra Ferreiro\" \/>\n<meta name=\"twitter:card\" content=\"summary_large_image\" \/>\n<meta name=\"twitter:creator\" content=\"@adntrospain\" \/>\n<meta name=\"twitter:site\" content=\"@adntrospain\" \/>\n<meta name=\"twitter:label1\" content=\"Escrito por\" \/>\n\t<meta name=\"twitter:data1\" content=\"Sandra Ferreiro\" \/>\n\t<meta name=\"twitter:label2\" content=\"Tiempo de lectura\" \/>\n\t<meta name=\"twitter:data2\" content=\"10 minutos\" \/>\n<script type=\"application\/ld+json\" class=\"yoast-schema-graph\">{\"@context\":\"https:\/\/schema.org\",\"@graph\":[{\"@type\":\"Article\",\"@id\":\"https:\/\/adntro.com\/es\/blog\/salud\/alzheimer\/#article\",\"isPartOf\":{\"@id\":\"https:\/\/adntro.com\/en\/blog\/salud\/alzheimer\/\"},\"author\":{\"name\":\"Sandra Ferreiro\",\"@id\":\"https:\/\/adntro.com\/es\/#\/schema\/person\/a71eca38b563da2bb60f24d7e71f7d6b\"},\"headline\":\"Alzheimer\",\"datePublished\":\"2022-12-07T09:30:00+00:00\",\"dateModified\":\"2025-07-28T06:36:15+00:00\",\"mainEntityOfPage\":{\"@id\":\"https:\/\/adntro.com\/en\/blog\/salud\/alzheimer\/\"},\"wordCount\":2118,\"commentCount\":0,\"publisher\":{\"@id\":\"https:\/\/adntro.com\/es\/#organization\"},\"keywords\":[\"adntro\",\"alzheimer\",\"APOE\",\"epsilon 4\",\"genetica\",\"haplotipo APOE\",\"haplotipos\",\"prevalencia\",\"salud\",\"SNP\",\"variantes\"],\"articleSection\":[\"Salud\"],\"inLanguage\":\"es\",\"potentialAction\":[{\"@type\":\"CommentAction\",\"name\":\"Comment\",\"target\":[\"https:\/\/adntro.com\/es\/blog\/salud\/alzheimer\/#respond\"]}]},{\"@type\":\"WebPage\",\"@id\":\"https:\/\/adntro.com\/en\/blog\/salud\/alzheimer\/\",\"url\":\"https:\/\/adntro.com\/es\/blog\/salud\/alzheimer\/\",\"name\":\"\u00bfQu\u00e9 es el Alzheimer? | ADNTRO\",\"isPartOf\":{\"@id\":\"https:\/\/adntro.com\/es\/#website\"},\"datePublished\":\"2022-12-07T09:30:00+00:00\",\"dateModified\":\"2025-07-28T06:36:15+00:00\",\"description\":\"Descubre la gen\u00e9tica que hay detr\u00e1s de esta enfermedad y qu\u00e9 ocurre a nivel biol\u00f3gico en el organismo de personas diagnosticadas con Alzheimer\",\"breadcrumb\":{\"@id\":\"https:\/\/adntro.com\/es\/blog\/salud\/alzheimer\/#breadcrumb\"},\"inLanguage\":\"es\",\"potentialAction\":[{\"@type\":\"ReadAction\",\"target\":[\"https:\/\/adntro.com\/es\/blog\/salud\/alzheimer\/\"]}]},{\"@type\":\"BreadcrumbList\",\"@id\":\"https:\/\/adntro.com\/es\/blog\/salud\/alzheimer\/#breadcrumb\",\"itemListElement\":[{\"@type\":\"ListItem\",\"position\":1,\"name\":\"Home\",\"item\":\"https:\/\/adntro.com\/de\/\"},{\"@type\":\"ListItem\",\"position\":2,\"name\":\"Alzheimer\"}]},{\"@type\":\"WebSite\",\"@id\":\"https:\/\/adntro.com\/es\/#website\",\"url\":\"https:\/\/adntro.com\/es\/\",\"name\":\"ADNTRO\",\"description\":\"Gen\u00e9tica, salud, nutrici\u00f3n\",\"publisher\":{\"@id\":\"https:\/\/adntro.com\/es\/#organization\"},\"potentialAction\":[{\"@type\":\"SearchAction\",\"target\":{\"@type\":\"EntryPoint\",\"urlTemplate\":\"https:\/\/adntro.com\/es\/?s={search_term_string}\"},\"query-input\":\"required name=search_term_string\"}],\"inLanguage\":\"es\"},{\"@type\":\"Organization\",\"@id\":\"https:\/\/adntro.com\/es\/#organization\",\"name\":\"ADNTRO Genetics\",\"url\":\"https:\/\/adntro.com\/es\/\",\"logo\":{\"@type\":\"ImageObject\",\"inLanguage\":\"es\",\"@id\":\"https:\/\/adntro.com\/es\/#\/schema\/logo\/image\/\",\"url\":\"https:\/\/adntro.com\/wp-content\/uploads\/2021\/08\/android-chrome-512x512-2.png\",\"contentUrl\":\"https:\/\/adntro.com\/wp-content\/uploads\/2021\/08\/android-chrome-512x512-2.png\",\"width\":512,\"height\":512,\"caption\":\"ADNTRO Genetics\"},\"image\":{\"@id\":\"https:\/\/adntro.com\/es\/#\/schema\/logo\/image\/\"},\"sameAs\":[\"https:\/\/www.facebook.com\/ADNTROSPAIN\/\",\"https:\/\/twitter.com\/adntrospain\",\"https:\/\/www.instagram.com\/adntro_\/\",\"https:\/\/www.pinterest.es\/ADNTRO_TEAM\/_saved\/\"]},{\"@type\":\"Person\",\"@id\":\"https:\/\/adntro.com\/es\/#\/schema\/person\/a71eca38b563da2bb60f24d7e71f7d6b\",\"name\":\"Sandra Ferreiro\",\"image\":{\"@type\":\"ImageObject\",\"inLanguage\":\"es\",\"@id\":\"https:\/\/adntro.com\/es\/#\/schema\/person\/image\/\",\"url\":\"https:\/\/secure.gravatar.com\/avatar\/ddaa4448bc53192d65c596cd5119749fb4d7167a3b3d7931d8b0470a2021bdc3?s=96&d=mm&r=g\",\"contentUrl\":\"https:\/\/secure.gravatar.com\/avatar\/ddaa4448bc53192d65c596cd5119749fb4d7167a3b3d7931d8b0470a2021bdc3?s=96&d=mm&r=g\",\"caption\":\"Sandra Ferreiro\"},\"description\":\"Bioinform\u00e1tica y Responsable del \u00e1rea cient\u00edfica en ADNTRO. Biotecn\u00f3loga por la Universidad Francisco de Vitoria, donde recibi\u00f3 dos becas de expediente acad\u00e9mico brillante. Estuvo trabajando en un proyecto de investigaci\u00f3n sobre la asimetr\u00eda izquierda-derecha en Newcastle, siendo premiada en la Conferencia del Centro de Investigaci\u00f3n Cardiovascular Trainees Meeting como el mejor p\u00f3ster (2018). Complet\u00f3 un m\u00e1ster en Biolog\u00eda Computacional en la Universidad Polit\u00e9cnica de Madrid. All\u00ed estudi\u00f3 las redes de interacci\u00f3n metab\u00f3lica en el microbioma de pacientes con Enfermedad de Chron y Colitis Ulcerosa en el centro de investigaci\u00f3n CBGP, centro de Excelencia Severo Ochoa (2020). Desde el 2020 es Bioinform\u00e1tica en ADNTRO donde desarrolla modelos predictivos, realiza anotaciones y an\u00e1lisis de variantes patog\u00e9nicas, investigaci\u00f3n de literatura GWAS y divulgaci\u00f3n cient\u00edfica.\",\"sameAs\":[\"https:\/\/www.linkedin.com\/in\/sandra-ferreiro-lpez-78804016a\/\"],\"url\":\"https:\/\/adntro.com\/es\/blog\/author\/sandra\/\"}]}<\/script>\n<!-- \/ Yoast SEO plugin. -->","yoast_head_json":{"title":"\u00bfQu\u00e9 es el Alzheimer? | ADNTRO","description":"Descubre la gen\u00e9tica que hay detr\u00e1s de esta enfermedad y qu\u00e9 ocurre a nivel biol\u00f3gico en el organismo de personas diagnosticadas con Alzheimer","robots":{"index":"index","follow":"follow","max-snippet":"max-snippet:-1","max-image-preview":"max-image-preview:large","max-video-preview":"max-video-preview:-1"},"canonical":"https:\/\/adntro.com\/es\/blog\/salud\/alzheimer\/","og_locale":"es_ES","og_type":"article","og_title":"\u00bfQu\u00e9 es el Alzheimer? | ADNTRO","og_description":"Descubre la gen\u00e9tica que hay detr\u00e1s de esta enfermedad y qu\u00e9 ocurre a nivel biol\u00f3gico en el organismo de personas diagnosticadas con Alzheimer","og_url":"https:\/\/adntro.com\/es\/blog\/salud\/alzheimer\/","og_site_name":"ADNTRO","article_publisher":"https:\/\/www.facebook.com\/ADNTROSPAIN\/","article_published_time":"2022-12-07T09:30:00+00:00","article_modified_time":"2025-07-28T06:36:15+00:00","og_image":[{"width":490,"height":322,"url":"https:\/\/adntro.com\/wp-content\/uploads\/2022\/12\/AD.jpg","type":"image\/jpeg"}],"author":"Sandra Ferreiro","twitter_card":"summary_large_image","twitter_creator":"@adntrospain","twitter_site":"@adntrospain","twitter_misc":{"Escrito por":"Sandra Ferreiro","Tiempo de lectura":"10 minutos"},"schema":{"@context":"https:\/\/schema.org","@graph":[{"@type":"Article","@id":"https:\/\/adntro.com\/es\/blog\/salud\/alzheimer\/#article","isPartOf":{"@id":"https:\/\/adntro.com\/en\/blog\/salud\/alzheimer\/"},"author":{"name":"Sandra Ferreiro","@id":"https:\/\/adntro.com\/es\/#\/schema\/person\/a71eca38b563da2bb60f24d7e71f7d6b"},"headline":"Alzheimer","datePublished":"2022-12-07T09:30:00+00:00","dateModified":"2025-07-28T06:36:15+00:00","mainEntityOfPage":{"@id":"https:\/\/adntro.com\/en\/blog\/salud\/alzheimer\/"},"wordCount":2118,"commentCount":0,"publisher":{"@id":"https:\/\/adntro.com\/es\/#organization"},"keywords":["adntro","alzheimer","APOE","epsilon 4","genetica","haplotipo APOE","haplotipos","prevalencia","salud","SNP","variantes"],"articleSection":["Salud"],"inLanguage":"es","potentialAction":[{"@type":"CommentAction","name":"Comment","target":["https:\/\/adntro.com\/es\/blog\/salud\/alzheimer\/#respond"]}]},{"@type":"WebPage","@id":"https:\/\/adntro.com\/en\/blog\/salud\/alzheimer\/","url":"https:\/\/adntro.com\/es\/blog\/salud\/alzheimer\/","name":"\u00bfQu\u00e9 es el Alzheimer? | ADNTRO","isPartOf":{"@id":"https:\/\/adntro.com\/es\/#website"},"datePublished":"2022-12-07T09:30:00+00:00","dateModified":"2025-07-28T06:36:15+00:00","description":"Descubre la gen\u00e9tica que hay detr\u00e1s de esta enfermedad y qu\u00e9 ocurre a nivel biol\u00f3gico en el organismo de personas diagnosticadas con Alzheimer","breadcrumb":{"@id":"https:\/\/adntro.com\/es\/blog\/salud\/alzheimer\/#breadcrumb"},"inLanguage":"es","potentialAction":[{"@type":"ReadAction","target":["https:\/\/adntro.com\/es\/blog\/salud\/alzheimer\/"]}]},{"@type":"BreadcrumbList","@id":"https:\/\/adntro.com\/es\/blog\/salud\/alzheimer\/#breadcrumb","itemListElement":[{"@type":"ListItem","position":1,"name":"Home","item":"https:\/\/adntro.com\/de\/"},{"@type":"ListItem","position":2,"name":"Alzheimer"}]},{"@type":"WebSite","@id":"https:\/\/adntro.com\/es\/#website","url":"https:\/\/adntro.com\/es\/","name":"ADNTRO","description":"Gen\u00e9tica, salud, nutrici\u00f3n","publisher":{"@id":"https:\/\/adntro.com\/es\/#organization"},"potentialAction":[{"@type":"SearchAction","target":{"@type":"EntryPoint","urlTemplate":"https:\/\/adntro.com\/es\/?s={search_term_string}"},"query-input":"required name=search_term_string"}],"inLanguage":"es"},{"@type":"Organization","@id":"https:\/\/adntro.com\/es\/#organization","name":"ADNTRO Genetics","url":"https:\/\/adntro.com\/es\/","logo":{"@type":"ImageObject","inLanguage":"es","@id":"https:\/\/adntro.com\/es\/#\/schema\/logo\/image\/","url":"https:\/\/adntro.com\/wp-content\/uploads\/2021\/08\/android-chrome-512x512-2.png","contentUrl":"https:\/\/adntro.com\/wp-content\/uploads\/2021\/08\/android-chrome-512x512-2.png","width":512,"height":512,"caption":"ADNTRO Genetics"},"image":{"@id":"https:\/\/adntro.com\/es\/#\/schema\/logo\/image\/"},"sameAs":["https:\/\/www.facebook.com\/ADNTROSPAIN\/","https:\/\/twitter.com\/adntrospain","https:\/\/www.instagram.com\/adntro_\/","https:\/\/www.pinterest.es\/ADNTRO_TEAM\/_saved\/"]},{"@type":"Person","@id":"https:\/\/adntro.com\/es\/#\/schema\/person\/a71eca38b563da2bb60f24d7e71f7d6b","name":"Sandra Ferreiro","image":{"@type":"ImageObject","inLanguage":"es","@id":"https:\/\/adntro.com\/es\/#\/schema\/person\/image\/","url":"https:\/\/secure.gravatar.com\/avatar\/ddaa4448bc53192d65c596cd5119749fb4d7167a3b3d7931d8b0470a2021bdc3?s=96&d=mm&r=g","contentUrl":"https:\/\/secure.gravatar.com\/avatar\/ddaa4448bc53192d65c596cd5119749fb4d7167a3b3d7931d8b0470a2021bdc3?s=96&d=mm&r=g","caption":"Sandra Ferreiro"},"description":"Bioinform\u00e1tica y Responsable del \u00e1rea cient\u00edfica en ADNTRO. Biotecn\u00f3loga por la Universidad Francisco de Vitoria, donde recibi\u00f3 dos becas de expediente acad\u00e9mico brillante. Estuvo trabajando en un proyecto de investigaci\u00f3n sobre la asimetr\u00eda izquierda-derecha en Newcastle, siendo premiada en la Conferencia del Centro de Investigaci\u00f3n Cardiovascular Trainees Meeting como el mejor p\u00f3ster (2018). Complet\u00f3 un m\u00e1ster en Biolog\u00eda Computacional en la Universidad Polit\u00e9cnica de Madrid. All\u00ed estudi\u00f3 las redes de interacci\u00f3n metab\u00f3lica en el microbioma de pacientes con Enfermedad de Chron y Colitis Ulcerosa en el centro de investigaci\u00f3n CBGP, centro de Excelencia Severo Ochoa (2020). Desde el 2020 es Bioinform\u00e1tica en ADNTRO donde desarrolla modelos predictivos, realiza anotaciones y an\u00e1lisis de variantes patog\u00e9nicas, investigaci\u00f3n de literatura GWAS y divulgaci\u00f3n cient\u00edfica.","sameAs":["https:\/\/www.linkedin.com\/in\/sandra-ferreiro-lpez-78804016a\/"],"url":"https:\/\/adntro.com\/es\/blog\/author\/sandra\/"}]}},"_links":{"self":[{"href":"https:\/\/adntro.com\/es\/wp-json\/wp\/v2\/posts\/9195","targetHints":{"allow":["GET"]}}],"collection":[{"href":"https:\/\/adntro.com\/es\/wp-json\/wp\/v2\/posts"}],"about":[{"href":"https:\/\/adntro.com\/es\/wp-json\/wp\/v2\/types\/post"}],"author":[{"embeddable":true,"href":"https:\/\/adntro.com\/es\/wp-json\/wp\/v2\/users\/8"}],"replies":[{"embeddable":true,"href":"https:\/\/adntro.com\/es\/wp-json\/wp\/v2\/comments?post=9195"}],"version-history":[{"count":15,"href":"https:\/\/adntro.com\/es\/wp-json\/wp\/v2\/posts\/9195\/revisions"}],"predecessor-version":[{"id":13012,"href":"https:\/\/adntro.com\/es\/wp-json\/wp\/v2\/posts\/9195\/revisions\/13012"}],"wp:featuredmedia":[{"embeddable":true,"href":"https:\/\/adntro.com\/es\/wp-json\/wp\/v2\/media\/9196"}],"wp:attachment":[{"href":"https:\/\/adntro.com\/es\/wp-json\/wp\/v2\/media?parent=9195"}],"wp:term":[{"taxonomy":"category","embeddable":true,"href":"https:\/\/adntro.com\/es\/wp-json\/wp\/v2\/categories?post=9195"},{"taxonomy":"post_tag","embeddable":true,"href":"https:\/\/adntro.com\/es\/wp-json\/wp\/v2\/tags?post=9195"}],"curies":[{"name":"wp","href":"https:\/\/api.w.org\/{rel}","templated":true}]}}