{"id":9015,"date":"2022-11-18T08:32:00","date_gmt":"2022-11-18T07:32:00","guid":{"rendered":"https:\/\/adntro.com\/?p=9015"},"modified":"2024-01-31T12:32:14","modified_gmt":"2024-01-31T11:32:14","slug":"pelo-indomable","status":"publish","type":"post","link":"https:\/\/adntro.com\/es\/blog\/curiosidades-geneticas\/pelo-indomable\/","title":{"rendered":"S\u00edndrome del pelo indomable"},"content":{"rendered":"\n<p>El s\u00edndrome del cabello indomable tambi\u00e9n denominado como&nbsp;<em>Pili trianguli et caniculi<\/em> es un s\u00edndrome raro que se caracteriza por la <strong>falta de control del cabello<\/strong>. Fue reportado y descrito por primera vez en los a\u00f1os 70 y a d\u00eda de hoy se conocen solo unos 100 casos.<\/p>\n\n\n\n<p>La enfermedad <strong>afecta aproximadamente a uno de cada 10 millones de individuos en todo el mundo<\/strong>. Es probable que esta cifra est\u00e9 subestimada, ya que muchas personas no acuden al m\u00e9dico debido a la ausencia de s\u00edntomas. Se desconoce la causa exacta de la enfermedad y no se conoce ninguna cura para este trastorno gen\u00e9tico.<\/p>\n\n\n\n<p>Seg\u00fan el GARD (Genetic and Rare Disease Information Center) se trata de una <strong>anomal\u00eda poco frecuente que se caracteriza por un cabello seco, rizado, encrespado, desordenado, claro, que se proyecta hacia fuera y crece en distintas direcciones en vez de hacia abajo haci\u00e9ndolo pr\u00e1cticamente imposible de cepillar<\/strong>. <\/p>\n\n\n\n<p>La enfermedad se manifiesta t\u00edpicamente durante la infancia, aunque puede presentarse m\u00e1s tarde en la vida. Su aparici\u00f3n es variable, desde la infancia hasta la edad adulta. En algunos casos, no hay antecedentes familiares de la enfermedad.<\/p>\n\n\n\n<p>Cuando termines de leer este art\u00edculo encontrar\u00e1s sentido a los caracter\u00edsticos pelos de Albert Einstein, prestigioso cient\u00edfico que padec\u00eda este s\u00edndrome.<\/p>\n\n\n<div class=\"wp-block-image\">\n<figure class=\"aligncenter size-full is-resized\"><img fetchpriority=\"high\" decoding=\"async\" src=\"https:\/\/adntro.com\/wp-content\/uploads\/2022\/10\/einstein.jpg\" alt=\"Albert einstein - S\u00edndrome del pelo indomable\" class=\"wp-image-9016\" width=\"389\" height=\"229\" srcset=\"https:\/\/adntro.com\/wp-content\/uploads\/2022\/10\/einstein.jpg 325w, https:\/\/adntro.com\/wp-content\/uploads\/2022\/10\/einstein-300x176.jpg 300w, https:\/\/adntro.com\/wp-content\/uploads\/2022\/10\/einstein-18x12.jpg 18w\" sizes=\"(max-width: 389px) 100vw, 389px\" \/><\/figure>\n<\/div>\n\n\n<h2 class=\"wp-block-heading\">Estructura del tallo piloso<\/h2>\n\n\n\n<p><strong>Es un problema que afecta al tallo del pelo<\/strong> (tallo piloso), estructura compuesta por:<\/p>\n\n\n\n<ul class=\"wp-block-list\"><li>La <strong>cut\u00edcula<\/strong>:&nbsp; parte exterior formada por c\u00e9lulas aplanadas, queratinizadas y sin pigmento.<\/li><li>El<strong> c\u00f3rtex<\/strong> o corteza: Forma la mayor parte de la estructura del cabello. Es la responsable de proporcionar elasticidad y resistencia al cabello.<\/li><li>La <strong>m\u00e9dula<\/strong>: es la parte interna del cabello y no tiene relaci\u00f3n directa en las alteraciones del tallo.<\/li><\/ul>\n\n\n\n<p>Alteraciones en la estructura del tallo pueden dar lugar a este s\u00edndrome tan poco com\u00fan. Se trata de<strong> un cabello fuerte, pero totalmente indomable<\/strong> dada su caracter\u00edstica estructura.<\/p>\n\n\n\n<p>Si observamos un cabello de una persona que padece este s\u00edndrome, &nbsp;el cabello tiene forma triangular o forma de coraz\u00f3n. Esta alteraci\u00f3n es cl\u00ednicamente evidente cuando est\u00e1 afectado alrededor del 50% de los fol\u00edculos pilosos<\/p>\n\n\n\n<h2 class=\"wp-block-heading\">Gen\u00e9tica detr\u00e1s del pelo indomable<\/h2>\n\n\n\n<p>Recientemente se ha descubierto que es causado por&nbsp;mutaciones&nbsp;en uno de&nbsp;los genes,&nbsp;<em>PADI3<\/em>,&nbsp;<em>TGM3<\/em>&nbsp;y&nbsp;<em>TCHH<\/em>. Estos tres genes codifican para&nbsp;prote\u00ednas&nbsp;que intervienen en la formaci\u00f3n del tallo piloso.<\/p>\n\n\n\n<p>El patr\u00f3n de herencia parece ser&nbsp;autos\u00f3mica recesiva. &nbsp;Sin embargo, otros casos familiares parecen ser heredado siguiendo un patr\u00f3n de herencia&nbsp;autos\u00f3mico dominante, y pueden estar causadas por defectos en otros genes que no se han identificado pero que&nbsp;tambi\u00e9n&nbsp;son implicados en la formaci\u00f3n del pelo.<\/p>\n\n\n\n<p>Existen dos tipos de este s\u00edndrome:<\/p>\n\n\n\n<ul class=\"wp-block-list\" type=\"1\"><li><strong>Hereditario<\/strong>: La forma hereditaria afecta a individuos que han heredado la mutaci\u00f3n de uno de sus padres.<\/li><li><strong>Adquirido<\/strong>: se da en personas que nunca han padecido esta enfermedad.<\/li><\/ul>\n\n\n<div class=\"wp-block-image\">\n<figure class=\"aligncenter size-full is-resized\"><img decoding=\"async\" src=\"https:\/\/adntro.com\/wp-content\/uploads\/2022\/10\/pelo-indomable.jpg\" alt=\"S\u00edndrome del pelo indomable\" class=\"wp-image-9017\" width=\"386\" height=\"216\" srcset=\"https:\/\/adntro.com\/wp-content\/uploads\/2022\/10\/pelo-indomable.jpg 310w, https:\/\/adntro.com\/wp-content\/uploads\/2022\/10\/pelo-indomable-300x168.jpg 300w, https:\/\/adntro.com\/wp-content\/uploads\/2022\/10\/pelo-indomable-18x10.jpg 18w\" sizes=\"(max-width: 386px) 100vw, 386px\" \/><\/figure>\n<\/div>","protected":false},"excerpt":{"rendered":"<p>El s\u00edndrome del cabello indomable tambi\u00e9n denominado como&nbsp;Pili trianguli et caniculi es un s\u00edndrome raro que se caracteriza por la falta de control del cabello. Fue reportado y descrito por primera vez en los a\u00f1os 70 y a d\u00eda de hoy se conocen solo unos 100 casos. La enfermedad afecta aproximadamente a uno de cada [&hellip;]<\/p>\n","protected":false},"author":8,"featured_media":9016,"comment_status":"open","ping_status":"open","sticky":false,"template":"","format":"standard","meta":{"footnotes":""},"categories":[192],"tags":[15,42,406,361,18,405,407],"class_list":["post-9015","post","type-post","status-publish","format-standard","has-post-thumbnail","hentry","category-curiosidades-geneticas","tag-adn","tag-adntro","tag-albert-einstein","tag-genes","tag-genetica","tag-sindorme-del-pelo-indomable","tag-tallo-piloso"],"yoast_head":"<!-- This site is optimized with the Yoast SEO plugin v22.0 - https:\/\/yoast.com\/wordpress\/plugins\/seo\/ -->\n<title>S\u00edndrome del pelo indomable<\/title>\n<meta name=\"description\" content=\"\u00bfHab\u00edas o\u00eddo hablar del s\u00edndrome del pelo indomable? Descubre de qu\u00e9 trata este s\u00edndrome que afecta a 1 de cada 10 millones de individuos.\" \/>\n<meta name=\"robots\" content=\"index, follow, max-snippet:-1, max-image-preview:large, max-video-preview:-1\" \/>\n<link rel=\"canonical\" href=\"https:\/\/adntro.com\/es\/blog\/genetic-curiosities\/hair-indomitable\/\" \/>\n<meta property=\"og:locale\" content=\"es_ES\" \/>\n<meta property=\"og:type\" content=\"article\" \/>\n<meta property=\"og:title\" content=\"S\u00edndrome del pelo indomable\" \/>\n<meta property=\"og:description\" content=\"\u00bfHab\u00edas o\u00eddo hablar del s\u00edndrome del pelo indomable? Descubre de qu\u00e9 trata este s\u00edndrome que afecta a 1 de cada 10 millones de individuos.\" \/>\n<meta property=\"og:url\" content=\"https:\/\/adntro.com\/es\/blog\/genetic-curiosities\/hair-indomitable\/\" \/>\n<meta property=\"og:site_name\" content=\"ADNTRO\" \/>\n<meta property=\"article:publisher\" content=\"https:\/\/www.facebook.com\/ADNTROSPAIN\/\" \/>\n<meta property=\"article:published_time\" content=\"2022-11-18T07:32:00+00:00\" \/>\n<meta property=\"article:modified_time\" content=\"2024-01-31T11:32:14+00:00\" \/>\n<meta property=\"og:image\" content=\"https:\/\/adntro.com\/wp-content\/uploads\/2022\/10\/einstein.jpg\" \/>\n\t<meta property=\"og:image:width\" content=\"325\" \/>\n\t<meta property=\"og:image:height\" content=\"191\" \/>\n\t<meta property=\"og:image:type\" content=\"image\/jpeg\" \/>\n<meta name=\"author\" content=\"Sandra Ferreiro\" \/>\n<meta name=\"twitter:card\" content=\"summary_large_image\" \/>\n<meta name=\"twitter:creator\" content=\"@adntrospain\" \/>\n<meta name=\"twitter:site\" content=\"@adntrospain\" \/>\n<meta name=\"twitter:label1\" content=\"Escrito por\" \/>\n\t<meta name=\"twitter:data1\" content=\"Sandra Ferreiro\" \/>\n\t<meta name=\"twitter:label2\" content=\"Tiempo de lectura\" \/>\n\t<meta name=\"twitter:data2\" content=\"3 minutos\" \/>\n<script type=\"application\/ld+json\" class=\"yoast-schema-graph\">{\"@context\":\"https:\/\/schema.org\",\"@graph\":[{\"@type\":\"Article\",\"@id\":\"https:\/\/adntro.com\/en\/blog\/genetic-curiosities\/hair-indomitable\/#article\",\"isPartOf\":{\"@id\":\"https:\/\/adntro.com\/en\/blog\/genetic-curiosities\/hair-indomitable\/\"},\"author\":{\"name\":\"Sandra Ferreiro\",\"@id\":\"https:\/\/adntro.com\/es\/#\/schema\/person\/a71eca38b563da2bb60f24d7e71f7d6b\"},\"headline\":\"S\u00edndrome del pelo indomable\",\"datePublished\":\"2022-11-18T07:32:00+00:00\",\"dateModified\":\"2024-01-31T11:32:14+00:00\",\"mainEntityOfPage\":{\"@id\":\"https:\/\/adntro.com\/en\/blog\/genetic-curiosities\/hair-indomitable\/\"},\"wordCount\":524,\"commentCount\":0,\"publisher\":{\"@id\":\"https:\/\/adntro.com\/es\/#organization\"},\"keywords\":[\"ADN\",\"adntro\",\"albert einstein\",\"genes\",\"gen\u00e9tica\",\"s\u00edndorme del pelo indomable\",\"tallo piloso\"],\"articleSection\":[\"Curiosidades gen\u00e9ticas\"],\"inLanguage\":\"es\",\"potentialAction\":[{\"@type\":\"CommentAction\",\"name\":\"Comment\",\"target\":[\"https:\/\/adntro.com\/en\/blog\/genetic-curiosities\/hair-indomitable\/#respond\"]}]},{\"@type\":\"WebPage\",\"@id\":\"https:\/\/adntro.com\/en\/blog\/genetic-curiosities\/hair-indomitable\/\",\"url\":\"https:\/\/adntro.com\/en\/blog\/genetic-curiosities\/hair-indomitable\/\",\"name\":\"S\u00edndrome del pelo indomable\",\"isPartOf\":{\"@id\":\"https:\/\/adntro.com\/es\/#website\"},\"datePublished\":\"2022-11-18T07:32:00+00:00\",\"dateModified\":\"2024-01-31T11:32:14+00:00\",\"description\":\"\u00bfHab\u00edas o\u00eddo hablar del s\u00edndrome del pelo indomable? Descubre de qu\u00e9 trata este s\u00edndrome que afecta a 1 de cada 10 millones de individuos.\",\"breadcrumb\":{\"@id\":\"https:\/\/adntro.com\/en\/blog\/genetic-curiosities\/hair-indomitable\/#breadcrumb\"},\"inLanguage\":\"es\",\"potentialAction\":[{\"@type\":\"ReadAction\",\"target\":[\"https:\/\/adntro.com\/en\/blog\/genetic-curiosities\/hair-indomitable\/\"]}]},{\"@type\":\"BreadcrumbList\",\"@id\":\"https:\/\/adntro.com\/en\/blog\/genetic-curiosities\/hair-indomitable\/#breadcrumb\",\"itemListElement\":[{\"@type\":\"ListItem\",\"position\":1,\"name\":\"Home\",\"item\":\"https:\/\/adntro.com\/de\/\"},{\"@type\":\"ListItem\",\"position\":2,\"name\":\"S\u00edndrome del pelo indomable\"}]},{\"@type\":\"WebSite\",\"@id\":\"https:\/\/adntro.com\/es\/#website\",\"url\":\"https:\/\/adntro.com\/es\/\",\"name\":\"ADNTRO\",\"description\":\"Gen\u00e9tica, salud, nutrici\u00f3n\",\"publisher\":{\"@id\":\"https:\/\/adntro.com\/es\/#organization\"},\"potentialAction\":[{\"@type\":\"SearchAction\",\"target\":{\"@type\":\"EntryPoint\",\"urlTemplate\":\"https:\/\/adntro.com\/es\/?s={search_term_string}\"},\"query-input\":\"required name=search_term_string\"}],\"inLanguage\":\"es\"},{\"@type\":\"Organization\",\"@id\":\"https:\/\/adntro.com\/es\/#organization\",\"name\":\"ADNTRO Genetics\",\"url\":\"https:\/\/adntro.com\/es\/\",\"logo\":{\"@type\":\"ImageObject\",\"inLanguage\":\"es\",\"@id\":\"https:\/\/adntro.com\/es\/#\/schema\/logo\/image\/\",\"url\":\"https:\/\/adntro.com\/wp-content\/uploads\/2021\/08\/android-chrome-512x512-2.png\",\"contentUrl\":\"https:\/\/adntro.com\/wp-content\/uploads\/2021\/08\/android-chrome-512x512-2.png\",\"width\":512,\"height\":512,\"caption\":\"ADNTRO Genetics\"},\"image\":{\"@id\":\"https:\/\/adntro.com\/es\/#\/schema\/logo\/image\/\"},\"sameAs\":[\"https:\/\/www.facebook.com\/ADNTROSPAIN\/\",\"https:\/\/twitter.com\/adntrospain\",\"https:\/\/www.instagram.com\/adntro_\/\",\"https:\/\/www.pinterest.es\/ADNTRO_TEAM\/_saved\/\"]},{\"@type\":\"Person\",\"@id\":\"https:\/\/adntro.com\/es\/#\/schema\/person\/a71eca38b563da2bb60f24d7e71f7d6b\",\"name\":\"Sandra Ferreiro\",\"image\":{\"@type\":\"ImageObject\",\"inLanguage\":\"es\",\"@id\":\"https:\/\/adntro.com\/es\/#\/schema\/person\/image\/\",\"url\":\"https:\/\/secure.gravatar.com\/avatar\/ddaa4448bc53192d65c596cd5119749fb4d7167a3b3d7931d8b0470a2021bdc3?s=96&d=mm&r=g\",\"contentUrl\":\"https:\/\/secure.gravatar.com\/avatar\/ddaa4448bc53192d65c596cd5119749fb4d7167a3b3d7931d8b0470a2021bdc3?s=96&d=mm&r=g\",\"caption\":\"Sandra Ferreiro\"},\"description\":\"Bioinform\u00e1tica y Responsable del \u00e1rea cient\u00edfica en ADNTRO. Biotecn\u00f3loga por la Universidad Francisco de Vitoria, donde recibi\u00f3 dos becas de expediente acad\u00e9mico brillante. Estuvo trabajando en un proyecto de investigaci\u00f3n sobre la asimetr\u00eda izquierda-derecha en Newcastle, siendo premiada en la Conferencia del Centro de Investigaci\u00f3n Cardiovascular Trainees Meeting como el mejor p\u00f3ster (2018). Complet\u00f3 un m\u00e1ster en Biolog\u00eda Computacional en la Universidad Polit\u00e9cnica de Madrid. All\u00ed estudi\u00f3 las redes de interacci\u00f3n metab\u00f3lica en el microbioma de pacientes con Enfermedad de Chron y Colitis Ulcerosa en el centro de investigaci\u00f3n CBGP, centro de Excelencia Severo Ochoa (2020). Desde el 2020 es Bioinform\u00e1tica en ADNTRO donde desarrolla modelos predictivos, realiza anotaciones y an\u00e1lisis de variantes patog\u00e9nicas, investigaci\u00f3n de literatura GWAS y divulgaci\u00f3n cient\u00edfica.\",\"sameAs\":[\"https:\/\/www.linkedin.com\/in\/sandra-ferreiro-lpez-78804016a\/\"],\"url\":\"https:\/\/adntro.com\/es\/blog\/author\/sandra\/\"}]}<\/script>\n<!-- \/ Yoast SEO plugin. -->","yoast_head_json":{"title":"S\u00edndrome del pelo indomable","description":"\u00bfHab\u00edas o\u00eddo hablar del s\u00edndrome del pelo indomable? Descubre de qu\u00e9 trata este s\u00edndrome que afecta a 1 de cada 10 millones de individuos.","robots":{"index":"index","follow":"follow","max-snippet":"max-snippet:-1","max-image-preview":"max-image-preview:large","max-video-preview":"max-video-preview:-1"},"canonical":"https:\/\/adntro.com\/es\/blog\/genetic-curiosities\/hair-indomitable\/","og_locale":"es_ES","og_type":"article","og_title":"S\u00edndrome del pelo indomable","og_description":"\u00bfHab\u00edas o\u00eddo hablar del s\u00edndrome del pelo indomable? Descubre de qu\u00e9 trata este s\u00edndrome que afecta a 1 de cada 10 millones de individuos.","og_url":"https:\/\/adntro.com\/es\/blog\/genetic-curiosities\/hair-indomitable\/","og_site_name":"ADNTRO","article_publisher":"https:\/\/www.facebook.com\/ADNTROSPAIN\/","article_published_time":"2022-11-18T07:32:00+00:00","article_modified_time":"2024-01-31T11:32:14+00:00","og_image":[{"width":325,"height":191,"url":"https:\/\/adntro.com\/wp-content\/uploads\/2022\/10\/einstein.jpg","type":"image\/jpeg"}],"author":"Sandra Ferreiro","twitter_card":"summary_large_image","twitter_creator":"@adntrospain","twitter_site":"@adntrospain","twitter_misc":{"Escrito por":"Sandra Ferreiro","Tiempo de lectura":"3 minutos"},"schema":{"@context":"https:\/\/schema.org","@graph":[{"@type":"Article","@id":"https:\/\/adntro.com\/en\/blog\/genetic-curiosities\/hair-indomitable\/#article","isPartOf":{"@id":"https:\/\/adntro.com\/en\/blog\/genetic-curiosities\/hair-indomitable\/"},"author":{"name":"Sandra Ferreiro","@id":"https:\/\/adntro.com\/es\/#\/schema\/person\/a71eca38b563da2bb60f24d7e71f7d6b"},"headline":"S\u00edndrome del pelo indomable","datePublished":"2022-11-18T07:32:00+00:00","dateModified":"2024-01-31T11:32:14+00:00","mainEntityOfPage":{"@id":"https:\/\/adntro.com\/en\/blog\/genetic-curiosities\/hair-indomitable\/"},"wordCount":524,"commentCount":0,"publisher":{"@id":"https:\/\/adntro.com\/es\/#organization"},"keywords":["ADN","adntro","albert einstein","genes","gen\u00e9tica","s\u00edndorme del pelo indomable","tallo piloso"],"articleSection":["Curiosidades gen\u00e9ticas"],"inLanguage":"es","potentialAction":[{"@type":"CommentAction","name":"Comment","target":["https:\/\/adntro.com\/en\/blog\/genetic-curiosities\/hair-indomitable\/#respond"]}]},{"@type":"WebPage","@id":"https:\/\/adntro.com\/en\/blog\/genetic-curiosities\/hair-indomitable\/","url":"https:\/\/adntro.com\/en\/blog\/genetic-curiosities\/hair-indomitable\/","name":"S\u00edndrome del pelo indomable","isPartOf":{"@id":"https:\/\/adntro.com\/es\/#website"},"datePublished":"2022-11-18T07:32:00+00:00","dateModified":"2024-01-31T11:32:14+00:00","description":"\u00bfHab\u00edas o\u00eddo hablar del s\u00edndrome del pelo indomable? Descubre de qu\u00e9 trata este s\u00edndrome que afecta a 1 de cada 10 millones de individuos.","breadcrumb":{"@id":"https:\/\/adntro.com\/en\/blog\/genetic-curiosities\/hair-indomitable\/#breadcrumb"},"inLanguage":"es","potentialAction":[{"@type":"ReadAction","target":["https:\/\/adntro.com\/en\/blog\/genetic-curiosities\/hair-indomitable\/"]}]},{"@type":"BreadcrumbList","@id":"https:\/\/adntro.com\/en\/blog\/genetic-curiosities\/hair-indomitable\/#breadcrumb","itemListElement":[{"@type":"ListItem","position":1,"name":"Home","item":"https:\/\/adntro.com\/de\/"},{"@type":"ListItem","position":2,"name":"S\u00edndrome del pelo indomable"}]},{"@type":"WebSite","@id":"https:\/\/adntro.com\/es\/#website","url":"https:\/\/adntro.com\/es\/","name":"ADNTRO","description":"Gen\u00e9tica, salud, nutrici\u00f3n","publisher":{"@id":"https:\/\/adntro.com\/es\/#organization"},"potentialAction":[{"@type":"SearchAction","target":{"@type":"EntryPoint","urlTemplate":"https:\/\/adntro.com\/es\/?s={search_term_string}"},"query-input":"required name=search_term_string"}],"inLanguage":"es"},{"@type":"Organization","@id":"https:\/\/adntro.com\/es\/#organization","name":"ADNTRO Genetics","url":"https:\/\/adntro.com\/es\/","logo":{"@type":"ImageObject","inLanguage":"es","@id":"https:\/\/adntro.com\/es\/#\/schema\/logo\/image\/","url":"https:\/\/adntro.com\/wp-content\/uploads\/2021\/08\/android-chrome-512x512-2.png","contentUrl":"https:\/\/adntro.com\/wp-content\/uploads\/2021\/08\/android-chrome-512x512-2.png","width":512,"height":512,"caption":"ADNTRO Genetics"},"image":{"@id":"https:\/\/adntro.com\/es\/#\/schema\/logo\/image\/"},"sameAs":["https:\/\/www.facebook.com\/ADNTROSPAIN\/","https:\/\/twitter.com\/adntrospain","https:\/\/www.instagram.com\/adntro_\/","https:\/\/www.pinterest.es\/ADNTRO_TEAM\/_saved\/"]},{"@type":"Person","@id":"https:\/\/adntro.com\/es\/#\/schema\/person\/a71eca38b563da2bb60f24d7e71f7d6b","name":"Sandra Ferreiro","image":{"@type":"ImageObject","inLanguage":"es","@id":"https:\/\/adntro.com\/es\/#\/schema\/person\/image\/","url":"https:\/\/secure.gravatar.com\/avatar\/ddaa4448bc53192d65c596cd5119749fb4d7167a3b3d7931d8b0470a2021bdc3?s=96&d=mm&r=g","contentUrl":"https:\/\/secure.gravatar.com\/avatar\/ddaa4448bc53192d65c596cd5119749fb4d7167a3b3d7931d8b0470a2021bdc3?s=96&d=mm&r=g","caption":"Sandra Ferreiro"},"description":"Bioinform\u00e1tica y Responsable del \u00e1rea cient\u00edfica en ADNTRO. Biotecn\u00f3loga por la Universidad Francisco de Vitoria, donde recibi\u00f3 dos becas de expediente acad\u00e9mico brillante. Estuvo trabajando en un proyecto de investigaci\u00f3n sobre la asimetr\u00eda izquierda-derecha en Newcastle, siendo premiada en la Conferencia del Centro de Investigaci\u00f3n Cardiovascular Trainees Meeting como el mejor p\u00f3ster (2018). Complet\u00f3 un m\u00e1ster en Biolog\u00eda Computacional en la Universidad Polit\u00e9cnica de Madrid. All\u00ed estudi\u00f3 las redes de interacci\u00f3n metab\u00f3lica en el microbioma de pacientes con Enfermedad de Chron y Colitis Ulcerosa en el centro de investigaci\u00f3n CBGP, centro de Excelencia Severo Ochoa (2020). Desde el 2020 es Bioinform\u00e1tica en ADNTRO donde desarrolla modelos predictivos, realiza anotaciones y an\u00e1lisis de variantes patog\u00e9nicas, investigaci\u00f3n de literatura GWAS y divulgaci\u00f3n cient\u00edfica.","sameAs":["https:\/\/www.linkedin.com\/in\/sandra-ferreiro-lpez-78804016a\/"],"url":"https:\/\/adntro.com\/es\/blog\/author\/sandra\/"}]}},"_links":{"self":[{"href":"https:\/\/adntro.com\/es\/wp-json\/wp\/v2\/posts\/9015","targetHints":{"allow":["GET"]}}],"collection":[{"href":"https:\/\/adntro.com\/es\/wp-json\/wp\/v2\/posts"}],"about":[{"href":"https:\/\/adntro.com\/es\/wp-json\/wp\/v2\/types\/post"}],"author":[{"embeddable":true,"href":"https:\/\/adntro.com\/es\/wp-json\/wp\/v2\/users\/8"}],"replies":[{"embeddable":true,"href":"https:\/\/adntro.com\/es\/wp-json\/wp\/v2\/comments?post=9015"}],"version-history":[{"count":3,"href":"https:\/\/adntro.com\/es\/wp-json\/wp\/v2\/posts\/9015\/revisions"}],"predecessor-version":[{"id":9047,"href":"https:\/\/adntro.com\/es\/wp-json\/wp\/v2\/posts\/9015\/revisions\/9047"}],"wp:featuredmedia":[{"embeddable":true,"href":"https:\/\/adntro.com\/es\/wp-json\/wp\/v2\/media\/9016"}],"wp:attachment":[{"href":"https:\/\/adntro.com\/es\/wp-json\/wp\/v2\/media?parent=9015"}],"wp:term":[{"taxonomy":"category","embeddable":true,"href":"https:\/\/adntro.com\/es\/wp-json\/wp\/v2\/categories?post=9015"},{"taxonomy":"post_tag","embeddable":true,"href":"https:\/\/adntro.com\/es\/wp-json\/wp\/v2\/tags?post=9015"}],"curies":[{"name":"wp","href":"https:\/\/api.w.org\/{rel}","templated":true}]}}