{"id":8905,"date":"2022-09-30T14:16:00","date_gmt":"2022-09-30T12:16:00","guid":{"rendered":"https:\/\/adntro.com\/?p=8905"},"modified":"2025-07-28T08:37:59","modified_gmt":"2025-07-28T06:37:59","slug":"daltonismo","status":"publish","type":"post","link":"https:\/\/adntro.com\/es\/blog\/salud\/daltonismo\/","title":{"rendered":"\u00bfAlguna vez te has preguntado qu\u00e9 causa el daltonismo?"},"content":{"rendered":"\n<p>A la hora de dar instrucciones para localizar objetos o personas, utilizar colores es algo muy recurrente. Al hacer eso nos olvidamos de que no todos percibimos los colores del mismo modo.<br><br>Existen personas que confunden el morado con el azul, por ejemplo. Estas personas sufren daltonismo y el motivo por el que no todos los dalt\u00f3nicos confunden los mismos colores se debe a que existen distintos tipos de daltonismo en funci\u00f3n de los genes o de la porci\u00f3n del gen que tengas afectado.<\/p>\n\n\n\n<h2 class=\"wp-block-heading\">C\u00f3mo funciona la vista<\/h2>\n\n\n\n<p>Para poder entender bien los distintos tipos de daltonismo que existen, primero es necesario conocer c\u00f3mo nuestro organismo es capaz de procesar los distintos colores.<\/p>\n\n\n\n<p>La luz solar a simple vista parece blanca, pero realmente es un conjunto de todos los colores que existen y cada color tiene asociado un rango de longitud de onda dentro del espectro visible.<\/p>\n\n\n<div class=\"wp-block-image\">\n<figure class=\"aligncenter size-full\"><img fetchpriority=\"high\" decoding=\"async\" width=\"610\" height=\"179\" src=\"https:\/\/adntro.com\/wp-content\/uploads\/2022\/09\/espectro-visible.png\" alt=\"Espectro visible\" class=\"wp-image-8907\" srcset=\"https:\/\/adntro.com\/wp-content\/uploads\/2022\/09\/espectro-visible.png 610w, https:\/\/adntro.com\/wp-content\/uploads\/2022\/09\/espectro-visible-300x88.png 300w, https:\/\/adntro.com\/wp-content\/uploads\/2022\/09\/espectro-visible-18x5.png 18w\" sizes=\"(max-width: 610px) 100vw, 610px\" \/><\/figure>\n<\/div>\n\n\n<p>Observamos el color de un objeto gracias a que dicho objeto absorbe ciertas longitudes de onda y reflejan el resto de la luz solar (longitudes que llegan a nuestros ojos).<\/p>\n\n\n\n<p>En funci\u00f3n de la longitud de onda que refleje dicho objeto, un fot\u00f3n u otro excitar\u00e1 nuestras c\u00e9lulas de los ojos permitiendo que estas capten una longitud de onda u otra y emitan se\u00f1ales qu\u00edmicas al cerebro que permiten asociar dichas longitudes de onda a un color espec\u00edfico.<\/p>\n\n\n\n<p>Es decir, los seres humanos somos capaces de percibir los colores gracias a que un fot\u00f3n pasa a convertirse en una corriente el\u00e9ctrica&nbsp;en el interior de nuestro sistema biol\u00f3gico.<\/p>\n\n\n\n<h2 class=\"wp-block-heading\">C\u00e9lulas de los ojos (fotorreceptores)<\/h2>\n\n\n<div class=\"wp-block-image\">\n<figure class=\"alignright size-full is-resized\"><img decoding=\"async\" width=\"249\" height=\"195\" src=\"https:\/\/adntro.com\/wp-content\/uploads\/2022\/09\/conos-y-bastones.jpg\" alt=\"Conos y bastones. C\u00e9lulas fotorreceptoras\" class=\"wp-image-8908\" style=\"width:257px;height:202px\" srcset=\"https:\/\/adntro.com\/wp-content\/uploads\/2022\/09\/conos-y-bastones.jpg 249w, https:\/\/adntro.com\/wp-content\/uploads\/2022\/09\/conos-y-bastones-15x12.jpg 15w\" sizes=\"(max-width: 249px) 100vw, 249px\" \/><\/figure>\n<\/div>\n\n\n<p>Nuestros ojos tienen dos tipos de c\u00e9lulas responsables de la visi\u00f3n (las c\u00e9lulas fotorreceptoras):<\/p>\n\n\n\n<ol class=\"wp-block-list\">\n<li><strong>Bastones<\/strong>: se encuentran fuera de la parte central de la retina, se ocupan de la visi\u00f3n perif\u00e9rica y son los responsables de la <strong>visi\u00f3n nocturna<\/strong> dado que son muy sensibles a la luz de baja intensidad.<\/li>\n\n\n\n<li><strong>Conos<\/strong>: se encuentran en la m\u00e1cula, se ocupan de la visi\u00f3n central y son los responsables de la <strong>percepci\u00f3n del color<\/strong>.<\/li>\n<\/ol>\n\n\n\n<p>Dentro de los conos, las c\u00e9lulas que nos ata\u00f1an para explicar la variaci\u00f3n que existe ante la percepci\u00f3n del color, existen 3 tipos diferentes.<\/p>\n\n\n\n<p>Cada uno contiene un pigmento espec\u00edfico (opsina) m\u00e1s sensible a determinadas longitudes de onda y codificado por un gen diferente:<\/p>\n\n\n\n<ol class=\"wp-block-list\">\n<li><strong><em>OPN1LW<\/em><\/strong>: sintetiza <strong>c\u00e9lulas c\u00f3nicas de tipo L<\/strong>. Estas c\u00e9lulas absorben la regi\u00f3n del espectro que corresponde a longitudes de onda altas (opsina sensible a las tonalidades <strong>rojas<\/strong>).<\/li>\n\n\n\n<li><strong><em>OPN1MW<\/em><\/strong>: codifica las <strong>c\u00e9lulas c\u00f3nicas de tipo M<\/strong>, encargadas de captar longitudes de ondas medias en el espectro (tonalidades <strong>verdes<\/strong>).<\/li>\n\n\n\n<li><strong><em>OPN1SW<\/em><\/strong>: sintetiza <strong>c\u00e9lulas c\u00f3nicas de tipo S<\/strong>, encargadas de detectar las longitudes cortas del espectro (rangos <strong>azules<\/strong>).<\/li>\n<\/ol>\n\n\n\n<p>Aunque parezca imposible, la informaci\u00f3n de estos tres tipos de conos es suficiente para que el cerebro produzca una visi\u00f3n normal del color.<\/p>\n\n\n\n<h2 class=\"wp-block-heading\">Tipos de daltonismo<\/h2>\n\n\n\n<p>En funci\u00f3n del gen que tengas alterado, tendr\u00e1s menor capacidad para absorber determinados rangos de longitudes de onda y, por tanto, presentar\u00e1s mayor o menor dificultad en distinguir unos colores u otros.<\/p>\n\n\n\n<p>A priori los nombres que designan los distintos tipos de daltonismo pueden parecer rebuscados, pero en realidad no lo son tanto. Los prefijos indican sobre qu\u00e9 pigmento se produce la alteraci\u00f3n (<em>protos<\/em>: primero \u2013 rojo; <em>deutos<\/em>: segundo &#8211; verde; <em>tritos<\/em>: tercero &#8211; azul) y los sufijos si se trata de una dificultad (<em>anomal\u00eda<\/em>) o imposibilidad (<em>anop\u00eda<\/em>) de reconocer dichos colores.<\/p>\n\n\n\n<h3 class=\"wp-block-heading\">Daltonismo \u00abRojo Verde\u00bb<\/h3>\n\n\n\n<p>Es la variedad m\u00e1s frecuente de deficiencia de visi\u00f3n de colores en los seres humanos. Afecta a los hombres con mucha m\u00e1s frecuencia que a las mujeres debido al tipo de herencia que posee (<a href=\"https:\/\/adntro.com\/es\/blog\/curiosidades-geneticas\/las-leyes-de-mendel\/\">recesiva ligada al cromosoma X<\/a>). Entre las poblaciones con ascendencia del norte de Europa, se da en aproximadamente 1 de cada 12 hombres y 1 de cada 200 mujeres.<\/p>\n\n\n\n<h4 class=\"wp-block-heading\"><strong>Protanomal\u00eda<\/strong><\/h4>\n\n\n\n<p>Falta de sensibilidad de los&nbsp;<a href=\"https:\/\/es.wikipedia.org\/wiki\/Conos\" target=\"_blank\" rel=\"noreferrer noopener\">conos<\/a>&nbsp;oculares a&nbsp;<a href=\"https:\/\/es.wikipedia.org\/wiki\/Longitudes_de_onda\" target=\"_blank\" rel=\"noreferrer noopener\">longitudes de onda<\/a>&nbsp;largas. Este tipo de daltonismo se caracteriza por la <strong>dificultad para percibir el color rojo correctamente y distinguirlo del verde<\/strong>.<\/p>\n\n\n\n<h4 class=\"wp-block-heading\"><strong>Protanop\u00eda<\/strong><\/h4>\n\n\n\n<p><strong>Incapacidad de ver el color rojo<\/strong> al carecer de c\u00e9lulas c\u00f3nicas de tipo L.<\/p>\n\n\n\n<h4 class=\"wp-block-heading\"><strong>Deuteranomal\u00eda<\/strong><\/h4>\n\n\n\n<p>Sensibilidad reducida a la luz verde. Les resulta <strong>dif\u00edcil distinguir entre el rojo y el verde<\/strong> y, a menudo, entre el <strong>azul y el morado<\/strong>, as\u00ed como entre el <strong>rosa y el gris<\/strong> (especialmente con poca luz).<\/p>\n\n\n\n<h4 class=\"wp-block-heading\"><strong>Deuteranop\u00eda<\/strong><\/h4>\n\n\n\n<p><strong>Incapacidad de percibir el color verde<\/strong> al carecer de c\u00e9lulas c\u00f3nicas de tipo M.<\/p>\n\n\n\n<h3 class=\"wp-block-heading\">Daltonismo \u00abAzul Amarillo\u00bb<\/h3>\n\n\n\n<p>Tambi\u00e9n conocido como <strong>tritanomal\u00eda<\/strong>. Este tipo de daltonismo se caracteriza por la <strong>dificultad para diferenciar los tonos azules de los amarillos<\/strong> debido a la sensibilidad reducida que existe ante la luz azul.<\/p>\n\n\n\n<p>Las personas con deficiencias azules ven el mundo generalmente rojo, rosa, negro, blanco, gris y turquesa. Este tipo de daltonismo es el m\u00e1s inusual (menos de 1 de cada 10.000 personas en todo el mundo) y afecta por igual a hombres y mujeres dado su tipo de herencia (<a href=\"https:\/\/adntro.com\/es\/blog\/curiosidades-geneticas\/las-leyes-de-mendel\/\">autos\u00f3mica dominante<\/a>).<\/p>\n\n\n<div class=\"wp-block-image\">\n<figure class=\"aligncenter size-full is-resized\"><img decoding=\"async\" width=\"281\" height=\"180\" src=\"https:\/\/adntro.com\/wp-content\/uploads\/2022\/09\/gafas-daltonismo.jpg\" alt=\"Daltonismo. Alteraci\u00f3n en la percepci\u00f3n de colores\" class=\"wp-image-8909\" style=\"width:409px;height:262px\" srcset=\"https:\/\/adntro.com\/wp-content\/uploads\/2022\/09\/gafas-daltonismo.jpg 281w, https:\/\/adntro.com\/wp-content\/uploads\/2022\/09\/gafas-daltonismo-18x12.jpg 18w\" sizes=\"(max-width: 281px) 100vw, 281px\" \/><\/figure>\n<\/div>\n\n\n<h2 class=\"wp-block-heading\">Daltonismo causas gen\u00e9ticas<\/h2>\n\n\n\n<p>A pesar de existir algunos polimorfismos (<a href=\"https:\/\/adntro.com\/es\/blog\/curiosidades-geneticas\/que-son-los-snps\/\">SNPs<\/a>) asociados al daltonismo, la mayor\u00eda de los cambios gen\u00e9ticos relacionados con el daltonismo implican eventos de recombinaci\u00f3n entre los genes <em>OPN1LW<\/em> y <em>OPN1MW<\/em> altamente similares, que pueden resultar en la deleci\u00f3n de uno o ambos genes.<\/p>\n\n\n\n<p>Esto puede hacer que falte un tipo de cono o que este sea menos sensible a cierta parte del espectro, lo que conduce a una informaci\u00f3n incorrecta a trav\u00e9s de se\u00f1ales el\u00e9ctricas \u00abdefectuosas\u00bb que van desde los conos al cerebro.<\/p>\n\n\n\n<p>Si est\u00e1s interesado en conocer m\u00e1s acerca de la gen\u00e9tica humana, podr\u00e1s encontrar m\u00e1s informaci\u00f3n en nuestro <a href=\"https:\/\/adntro.com\/es\/blog\/\">blog<\/a>. En caso de querer ir m\u00e1s all\u00e1 y querer conocer la informaci\u00f3n que esconde tu propio ADN, \u00a1los <a href=\"https:\/\/adntro.com\/es\/\">test de adn<\/a> de ADNTRO son para ti!<\/p>\n\n\n\n<p>Si ya est\u00e1s genotipado con otra compa\u00f1\u00eda, <a href=\"https:\/\/adntro.com\/sube-tu-raw-adn-landing\/\">sube tu archivo RAW gratis<\/a>.<\/p>\n","protected":false},"excerpt":{"rendered":"<p>A la hora de dar instrucciones para localizar objetos o personas, utilizar colores es algo muy recurrente. Al hacer eso nos olvidamos de que no todos percibimos los colores del mismo modo. Existen personas que confunden el morado con el azul, por ejemplo. Estas personas sufren daltonismo y el motivo por el que no todos [&hellip;]<\/p>\n","protected":false},"author":8,"featured_media":8909,"comment_status":"open","ping_status":"open","sticky":false,"template":"","format":"standard","meta":{"footnotes":""},"categories":[430],"tags":[42,394,393,395,18,51,396],"class_list":["post-8905","post","type-post","status-publish","format-standard","has-post-thumbnail","hentry","category-salud","tag-adntro","tag-conos","tag-daltonismo","tag-daltonismo-rojo-verde","tag-genetica","tag-snps","tag-vista"],"yoast_head":"<!-- This site is optimized with the Yoast SEO plugin v22.0 - https:\/\/yoast.com\/wordpress\/plugins\/seo\/ -->\n<title>\u00bfAlguna vez te has preguntado qu\u00e9 causa el daltonismo?<\/title>\n<meta name=\"description\" content=\"Descubre c\u00f3mo funciona la vista, qu\u00e9 causa el daltonismo, la gen\u00e9tica que hay detr\u00e1s y los distintos tipos de daltonismo que existen\" \/>\n<meta name=\"robots\" content=\"index, follow, max-snippet:-1, max-image-preview:large, max-video-preview:-1\" \/>\n<link rel=\"canonical\" href=\"https:\/\/adntro.com\/es\/blog\/salud\/daltonismo\/\" \/>\n<meta property=\"og:locale\" content=\"es_ES\" \/>\n<meta property=\"og:type\" content=\"article\" \/>\n<meta property=\"og:title\" content=\"\u00bfAlguna vez te has preguntado qu\u00e9 causa el daltonismo?\" \/>\n<meta property=\"og:description\" content=\"Descubre c\u00f3mo funciona la vista, qu\u00e9 causa el daltonismo, la gen\u00e9tica que hay detr\u00e1s y los distintos tipos de daltonismo que existen\" \/>\n<meta property=\"og:url\" content=\"https:\/\/adntro.com\/es\/blog\/salud\/daltonismo\/\" \/>\n<meta property=\"og:site_name\" content=\"ADNTRO\" \/>\n<meta property=\"article:publisher\" content=\"https:\/\/www.facebook.com\/ADNTROSPAIN\/\" \/>\n<meta property=\"article:published_time\" content=\"2022-09-30T12:16:00+00:00\" \/>\n<meta property=\"article:modified_time\" content=\"2025-07-28T06:37:59+00:00\" \/>\n<meta property=\"og:image\" content=\"https:\/\/adntro.com\/wp-content\/uploads\/2022\/09\/gafas-daltonismo.jpg\" \/>\n\t<meta property=\"og:image:width\" content=\"281\" \/>\n\t<meta property=\"og:image:height\" content=\"180\" \/>\n\t<meta property=\"og:image:type\" content=\"image\/jpeg\" \/>\n<meta name=\"author\" content=\"Sandra Ferreiro\" \/>\n<meta name=\"twitter:card\" content=\"summary_large_image\" \/>\n<meta name=\"twitter:creator\" content=\"@adntrospain\" \/>\n<meta name=\"twitter:site\" content=\"@adntrospain\" \/>\n<meta name=\"twitter:label1\" content=\"Escrito por\" \/>\n\t<meta name=\"twitter:data1\" content=\"Sandra Ferreiro\" \/>\n\t<meta name=\"twitter:label2\" content=\"Tiempo de lectura\" \/>\n\t<meta name=\"twitter:data2\" content=\"6 minutos\" \/>\n<script type=\"application\/ld+json\" class=\"yoast-schema-graph\">{\"@context\":\"https:\/\/schema.org\",\"@graph\":[{\"@type\":\"Article\",\"@id\":\"https:\/\/adntro.com\/es\/blog\/salud\/daltonismo\/#article\",\"isPartOf\":{\"@id\":\"https:\/\/adntro.com\/es\/blog\/salud\/daltonismo\/\"},\"author\":{\"name\":\"Sandra Ferreiro\",\"@id\":\"https:\/\/adntro.com\/es\/#\/schema\/person\/a71eca38b563da2bb60f24d7e71f7d6b\"},\"headline\":\"\u00bfAlguna vez te has preguntado qu\u00e9 causa el daltonismo?\",\"datePublished\":\"2022-09-30T12:16:00+00:00\",\"dateModified\":\"2025-07-28T06:37:59+00:00\",\"mainEntityOfPage\":{\"@id\":\"https:\/\/adntro.com\/es\/blog\/salud\/daltonismo\/\"},\"wordCount\":1042,\"commentCount\":0,\"publisher\":{\"@id\":\"https:\/\/adntro.com\/es\/#organization\"},\"keywords\":[\"adntro\",\"conos\",\"daltonismo\",\"daltonismo rojo verde\",\"gen\u00e9tica\",\"SNPs\",\"vista\"],\"articleSection\":[\"Salud\"],\"inLanguage\":\"es\",\"potentialAction\":[{\"@type\":\"CommentAction\",\"name\":\"Comment\",\"target\":[\"https:\/\/adntro.com\/es\/blog\/salud\/daltonismo\/#respond\"]}]},{\"@type\":\"WebPage\",\"@id\":\"https:\/\/adntro.com\/es\/blog\/salud\/daltonismo\/\",\"url\":\"https:\/\/adntro.com\/es\/blog\/salud\/daltonismo\/\",\"name\":\"\u00bfAlguna vez te has preguntado qu\u00e9 causa el daltonismo?\",\"isPartOf\":{\"@id\":\"https:\/\/adntro.com\/es\/#website\"},\"datePublished\":\"2022-09-30T12:16:00+00:00\",\"dateModified\":\"2025-07-28T06:37:59+00:00\",\"description\":\"Descubre c\u00f3mo funciona la vista, qu\u00e9 causa el daltonismo, la gen\u00e9tica que hay detr\u00e1s y los distintos tipos de daltonismo que existen\",\"breadcrumb\":{\"@id\":\"https:\/\/adntro.com\/es\/blog\/salud\/daltonismo\/#breadcrumb\"},\"inLanguage\":\"es\",\"potentialAction\":[{\"@type\":\"ReadAction\",\"target\":[\"https:\/\/adntro.com\/es\/blog\/salud\/daltonismo\/\"]}]},{\"@type\":\"BreadcrumbList\",\"@id\":\"https:\/\/adntro.com\/es\/blog\/salud\/daltonismo\/#breadcrumb\",\"itemListElement\":[{\"@type\":\"ListItem\",\"position\":1,\"name\":\"Home\",\"item\":\"https:\/\/adntro.com\/de\/\"},{\"@type\":\"ListItem\",\"position\":2,\"name\":\"\u00bfAlguna vez te has preguntado qu\u00e9 causa el daltonismo?\"}]},{\"@type\":\"WebSite\",\"@id\":\"https:\/\/adntro.com\/es\/#website\",\"url\":\"https:\/\/adntro.com\/es\/\",\"name\":\"ADNTRO\",\"description\":\"Gen\u00e9tica, salud, nutrici\u00f3n\",\"publisher\":{\"@id\":\"https:\/\/adntro.com\/es\/#organization\"},\"potentialAction\":[{\"@type\":\"SearchAction\",\"target\":{\"@type\":\"EntryPoint\",\"urlTemplate\":\"https:\/\/adntro.com\/es\/?s={search_term_string}\"},\"query-input\":\"required name=search_term_string\"}],\"inLanguage\":\"es\"},{\"@type\":\"Organization\",\"@id\":\"https:\/\/adntro.com\/es\/#organization\",\"name\":\"ADNTRO Genetics\",\"url\":\"https:\/\/adntro.com\/es\/\",\"logo\":{\"@type\":\"ImageObject\",\"inLanguage\":\"es\",\"@id\":\"https:\/\/adntro.com\/es\/#\/schema\/logo\/image\/\",\"url\":\"https:\/\/adntro.com\/wp-content\/uploads\/2021\/08\/android-chrome-512x512-2.png\",\"contentUrl\":\"https:\/\/adntro.com\/wp-content\/uploads\/2021\/08\/android-chrome-512x512-2.png\",\"width\":512,\"height\":512,\"caption\":\"ADNTRO Genetics\"},\"image\":{\"@id\":\"https:\/\/adntro.com\/es\/#\/schema\/logo\/image\/\"},\"sameAs\":[\"https:\/\/www.facebook.com\/ADNTROSPAIN\/\",\"https:\/\/twitter.com\/adntrospain\",\"https:\/\/www.instagram.com\/adntro_\/\",\"https:\/\/www.pinterest.es\/ADNTRO_TEAM\/_saved\/\"]},{\"@type\":\"Person\",\"@id\":\"https:\/\/adntro.com\/es\/#\/schema\/person\/a71eca38b563da2bb60f24d7e71f7d6b\",\"name\":\"Sandra Ferreiro\",\"image\":{\"@type\":\"ImageObject\",\"inLanguage\":\"es\",\"@id\":\"https:\/\/adntro.com\/es\/#\/schema\/person\/image\/\",\"url\":\"https:\/\/secure.gravatar.com\/avatar\/ddaa4448bc53192d65c596cd5119749fb4d7167a3b3d7931d8b0470a2021bdc3?s=96&d=mm&r=g\",\"contentUrl\":\"https:\/\/secure.gravatar.com\/avatar\/ddaa4448bc53192d65c596cd5119749fb4d7167a3b3d7931d8b0470a2021bdc3?s=96&d=mm&r=g\",\"caption\":\"Sandra Ferreiro\"},\"description\":\"Bioinform\u00e1tica y Responsable del \u00e1rea cient\u00edfica en ADNTRO. Biotecn\u00f3loga por la Universidad Francisco de Vitoria, donde recibi\u00f3 dos becas de expediente acad\u00e9mico brillante. Estuvo trabajando en un proyecto de investigaci\u00f3n sobre la asimetr\u00eda izquierda-derecha en Newcastle, siendo premiada en la Conferencia del Centro de Investigaci\u00f3n Cardiovascular Trainees Meeting como el mejor p\u00f3ster (2018). Complet\u00f3 un m\u00e1ster en Biolog\u00eda Computacional en la Universidad Polit\u00e9cnica de Madrid. All\u00ed estudi\u00f3 las redes de interacci\u00f3n metab\u00f3lica en el microbioma de pacientes con Enfermedad de Chron y Colitis Ulcerosa en el centro de investigaci\u00f3n CBGP, centro de Excelencia Severo Ochoa (2020). Desde el 2020 es Bioinform\u00e1tica en ADNTRO donde desarrolla modelos predictivos, realiza anotaciones y an\u00e1lisis de variantes patog\u00e9nicas, investigaci\u00f3n de literatura GWAS y divulgaci\u00f3n cient\u00edfica.\",\"sameAs\":[\"https:\/\/www.linkedin.com\/in\/sandra-ferreiro-lpez-78804016a\/\"],\"url\":\"https:\/\/adntro.com\/es\/blog\/author\/sandra\/\"}]}<\/script>\n<!-- \/ Yoast SEO plugin. -->","yoast_head_json":{"title":"\u00bfAlguna vez te has preguntado qu\u00e9 causa el daltonismo?","description":"Descubre c\u00f3mo funciona la vista, qu\u00e9 causa el daltonismo, la gen\u00e9tica que hay detr\u00e1s y los distintos tipos de daltonismo que existen","robots":{"index":"index","follow":"follow","max-snippet":"max-snippet:-1","max-image-preview":"max-image-preview:large","max-video-preview":"max-video-preview:-1"},"canonical":"https:\/\/adntro.com\/es\/blog\/salud\/daltonismo\/","og_locale":"es_ES","og_type":"article","og_title":"\u00bfAlguna vez te has preguntado qu\u00e9 causa el daltonismo?","og_description":"Descubre c\u00f3mo funciona la vista, qu\u00e9 causa el daltonismo, la gen\u00e9tica que hay detr\u00e1s y los distintos tipos de daltonismo que existen","og_url":"https:\/\/adntro.com\/es\/blog\/salud\/daltonismo\/","og_site_name":"ADNTRO","article_publisher":"https:\/\/www.facebook.com\/ADNTROSPAIN\/","article_published_time":"2022-09-30T12:16:00+00:00","article_modified_time":"2025-07-28T06:37:59+00:00","og_image":[{"width":281,"height":180,"url":"https:\/\/adntro.com\/wp-content\/uploads\/2022\/09\/gafas-daltonismo.jpg","type":"image\/jpeg"}],"author":"Sandra Ferreiro","twitter_card":"summary_large_image","twitter_creator":"@adntrospain","twitter_site":"@adntrospain","twitter_misc":{"Escrito por":"Sandra Ferreiro","Tiempo de lectura":"6 minutos"},"schema":{"@context":"https:\/\/schema.org","@graph":[{"@type":"Article","@id":"https:\/\/adntro.com\/es\/blog\/salud\/daltonismo\/#article","isPartOf":{"@id":"https:\/\/adntro.com\/es\/blog\/salud\/daltonismo\/"},"author":{"name":"Sandra Ferreiro","@id":"https:\/\/adntro.com\/es\/#\/schema\/person\/a71eca38b563da2bb60f24d7e71f7d6b"},"headline":"\u00bfAlguna vez te has preguntado qu\u00e9 causa el daltonismo?","datePublished":"2022-09-30T12:16:00+00:00","dateModified":"2025-07-28T06:37:59+00:00","mainEntityOfPage":{"@id":"https:\/\/adntro.com\/es\/blog\/salud\/daltonismo\/"},"wordCount":1042,"commentCount":0,"publisher":{"@id":"https:\/\/adntro.com\/es\/#organization"},"keywords":["adntro","conos","daltonismo","daltonismo rojo verde","gen\u00e9tica","SNPs","vista"],"articleSection":["Salud"],"inLanguage":"es","potentialAction":[{"@type":"CommentAction","name":"Comment","target":["https:\/\/adntro.com\/es\/blog\/salud\/daltonismo\/#respond"]}]},{"@type":"WebPage","@id":"https:\/\/adntro.com\/es\/blog\/salud\/daltonismo\/","url":"https:\/\/adntro.com\/es\/blog\/salud\/daltonismo\/","name":"\u00bfAlguna vez te has preguntado qu\u00e9 causa el daltonismo?","isPartOf":{"@id":"https:\/\/adntro.com\/es\/#website"},"datePublished":"2022-09-30T12:16:00+00:00","dateModified":"2025-07-28T06:37:59+00:00","description":"Descubre c\u00f3mo funciona la vista, qu\u00e9 causa el daltonismo, la gen\u00e9tica que hay detr\u00e1s y los distintos tipos de daltonismo que existen","breadcrumb":{"@id":"https:\/\/adntro.com\/es\/blog\/salud\/daltonismo\/#breadcrumb"},"inLanguage":"es","potentialAction":[{"@type":"ReadAction","target":["https:\/\/adntro.com\/es\/blog\/salud\/daltonismo\/"]}]},{"@type":"BreadcrumbList","@id":"https:\/\/adntro.com\/es\/blog\/salud\/daltonismo\/#breadcrumb","itemListElement":[{"@type":"ListItem","position":1,"name":"Home","item":"https:\/\/adntro.com\/de\/"},{"@type":"ListItem","position":2,"name":"\u00bfAlguna vez te has preguntado qu\u00e9 causa el daltonismo?"}]},{"@type":"WebSite","@id":"https:\/\/adntro.com\/es\/#website","url":"https:\/\/adntro.com\/es\/","name":"ADNTRO","description":"Gen\u00e9tica, salud, nutrici\u00f3n","publisher":{"@id":"https:\/\/adntro.com\/es\/#organization"},"potentialAction":[{"@type":"SearchAction","target":{"@type":"EntryPoint","urlTemplate":"https:\/\/adntro.com\/es\/?s={search_term_string}"},"query-input":"required name=search_term_string"}],"inLanguage":"es"},{"@type":"Organization","@id":"https:\/\/adntro.com\/es\/#organization","name":"ADNTRO Genetics","url":"https:\/\/adntro.com\/es\/","logo":{"@type":"ImageObject","inLanguage":"es","@id":"https:\/\/adntro.com\/es\/#\/schema\/logo\/image\/","url":"https:\/\/adntro.com\/wp-content\/uploads\/2021\/08\/android-chrome-512x512-2.png","contentUrl":"https:\/\/adntro.com\/wp-content\/uploads\/2021\/08\/android-chrome-512x512-2.png","width":512,"height":512,"caption":"ADNTRO Genetics"},"image":{"@id":"https:\/\/adntro.com\/es\/#\/schema\/logo\/image\/"},"sameAs":["https:\/\/www.facebook.com\/ADNTROSPAIN\/","https:\/\/twitter.com\/adntrospain","https:\/\/www.instagram.com\/adntro_\/","https:\/\/www.pinterest.es\/ADNTRO_TEAM\/_saved\/"]},{"@type":"Person","@id":"https:\/\/adntro.com\/es\/#\/schema\/person\/a71eca38b563da2bb60f24d7e71f7d6b","name":"Sandra Ferreiro","image":{"@type":"ImageObject","inLanguage":"es","@id":"https:\/\/adntro.com\/es\/#\/schema\/person\/image\/","url":"https:\/\/secure.gravatar.com\/avatar\/ddaa4448bc53192d65c596cd5119749fb4d7167a3b3d7931d8b0470a2021bdc3?s=96&d=mm&r=g","contentUrl":"https:\/\/secure.gravatar.com\/avatar\/ddaa4448bc53192d65c596cd5119749fb4d7167a3b3d7931d8b0470a2021bdc3?s=96&d=mm&r=g","caption":"Sandra Ferreiro"},"description":"Bioinform\u00e1tica y Responsable del \u00e1rea cient\u00edfica en ADNTRO. Biotecn\u00f3loga por la Universidad Francisco de Vitoria, donde recibi\u00f3 dos becas de expediente acad\u00e9mico brillante. Estuvo trabajando en un proyecto de investigaci\u00f3n sobre la asimetr\u00eda izquierda-derecha en Newcastle, siendo premiada en la Conferencia del Centro de Investigaci\u00f3n Cardiovascular Trainees Meeting como el mejor p\u00f3ster (2018). Complet\u00f3 un m\u00e1ster en Biolog\u00eda Computacional en la Universidad Polit\u00e9cnica de Madrid. All\u00ed estudi\u00f3 las redes de interacci\u00f3n metab\u00f3lica en el microbioma de pacientes con Enfermedad de Chron y Colitis Ulcerosa en el centro de investigaci\u00f3n CBGP, centro de Excelencia Severo Ochoa (2020). Desde el 2020 es Bioinform\u00e1tica en ADNTRO donde desarrolla modelos predictivos, realiza anotaciones y an\u00e1lisis de variantes patog\u00e9nicas, investigaci\u00f3n de literatura GWAS y divulgaci\u00f3n cient\u00edfica.","sameAs":["https:\/\/www.linkedin.com\/in\/sandra-ferreiro-lpez-78804016a\/"],"url":"https:\/\/adntro.com\/es\/blog\/author\/sandra\/"}]}},"_links":{"self":[{"href":"https:\/\/adntro.com\/es\/wp-json\/wp\/v2\/posts\/8905","targetHints":{"allow":["GET"]}}],"collection":[{"href":"https:\/\/adntro.com\/es\/wp-json\/wp\/v2\/posts"}],"about":[{"href":"https:\/\/adntro.com\/es\/wp-json\/wp\/v2\/types\/post"}],"author":[{"embeddable":true,"href":"https:\/\/adntro.com\/es\/wp-json\/wp\/v2\/users\/8"}],"replies":[{"embeddable":true,"href":"https:\/\/adntro.com\/es\/wp-json\/wp\/v2\/comments?post=8905"}],"version-history":[{"count":5,"href":"https:\/\/adntro.com\/es\/wp-json\/wp\/v2\/posts\/8905\/revisions"}],"predecessor-version":[{"id":13297,"href":"https:\/\/adntro.com\/es\/wp-json\/wp\/v2\/posts\/8905\/revisions\/13297"}],"wp:featuredmedia":[{"embeddable":true,"href":"https:\/\/adntro.com\/es\/wp-json\/wp\/v2\/media\/8909"}],"wp:attachment":[{"href":"https:\/\/adntro.com\/es\/wp-json\/wp\/v2\/media?parent=8905"}],"wp:term":[{"taxonomy":"category","embeddable":true,"href":"https:\/\/adntro.com\/es\/wp-json\/wp\/v2\/categories?post=8905"},{"taxonomy":"post_tag","embeddable":true,"href":"https:\/\/adntro.com\/es\/wp-json\/wp\/v2\/tags?post=8905"}],"curies":[{"name":"wp","href":"https:\/\/api.w.org\/{rel}","templated":true}]}}