{"id":6704,"date":"2022-06-03T08:36:00","date_gmt":"2022-06-03T06:36:00","guid":{"rendered":"https:\/\/adntro.com\/?p=6704"},"modified":"2025-08-04T11:49:14","modified_gmt":"2025-08-04T09:49:14","slug":"etnia_vasca","status":"publish","type":"post","link":"https:\/\/adntro.com\/es\/blog\/ancestria\/etnia_vasca\/","title":{"rendered":"Etnia Vasca &#8211; Or\u00edgenes ancestrales"},"content":{"rendered":"\n<p>Entre los a\u00f1os 3500 a.C. y el 3000 a.C., la cultura indoeuropea situada entre Europa y Asia, ten\u00eda como eje vertebrador de su <strong>tecnolog\u00eda la rueda, el trabajo del metal y la agricultura y la ganader\u00eda<\/strong>.<\/p>\n\n\n\n<p>Esta poblaci\u00f3n <strong>ten\u00eda su propia lengua, cultura y religi\u00f3n<\/strong>, a partir de la cual surgieron una gran cantidad de etnias y lenguas tanto en Europa como en Asia.<\/p>\n\n\n\n<p>Sin embargo, la lengua hablada por los vascos (el euskera) es de origen preindoeuropeo y de procedencia diferente. Este es un grupo de lenguas de las cuales tan s\u00f3lo han llegado a nuestros d\u00edas unas pocas de ellas. Algunas de las que desaparecieron fueron el ib\u00e9rico, el tartesio o el etrusco. Curiosamente, el euskera comparte ciertas similitudes tipol\u00f3gicas con las lenguas cauc\u00e1sicas, aunque diversos autores se\u00f1alan que esto puede ser debido al azar.<\/p>\n\n\n<div class=\"wp-block-image\">\n<figure class=\"aligncenter size-large is-resized\"><img fetchpriority=\"high\" decoding=\"async\" width=\"1024\" height=\"329\" src=\"https:\/\/adntro.com\/wp-content\/uploads\/2022\/05\/vascos2-1024x329.png\" alt=\"etnia vasca\" class=\"wp-image-6705\" style=\"width:669px;height:214px\" srcset=\"https:\/\/adntro.com\/wp-content\/uploads\/2022\/05\/vascos2-1024x329.png 1024w, https:\/\/adntro.com\/wp-content\/uploads\/2022\/05\/vascos2-300x96.png 300w, https:\/\/adntro.com\/wp-content\/uploads\/2022\/05\/vascos2-768x246.png 768w, https:\/\/adntro.com\/wp-content\/uploads\/2022\/05\/vascos2-1536x493.png 1536w, https:\/\/adntro.com\/wp-content\/uploads\/2022\/05\/vascos2-2048x657.png 2048w, https:\/\/adntro.com\/wp-content\/uploads\/2022\/05\/vascos2-18x6.png 18w\" sizes=\"(max-width: 1024px) 100vw, 1024px\" \/><\/figure>\n<\/div>\n\n\n<p>El debate del origen de la etnia vasca es muy controvertido. Algunos expertos opinan que evolucionaron a partir de los croma\u00f1ones, cuando estos buscaron refugio ante un per\u00edodo de glaciaciones y se instalaron en la zona oeste de los Pirineos. <\/p>\n\n\n\n<p>Lo cierto es que historiadores romanos como Plinio, atestiguan la presencia de los vascones en el norte de la pen\u00ednsula ib\u00e9rica y aquitanos en el suroeste de Francia. Estas dos poblaciones compart\u00edan semejanzas en cuanto a cultura o ancestr\u00eda gen\u00e9tica.<strong> En la actualidad, la etnia vasca est\u00e1 presente en lo que hoy ser\u00eda la comunidad de Navarra y Pa\u00eds Vasco<\/strong> (Espa\u00f1a) <strong>y<\/strong> el <strong>Pa\u00eds Vasco franc\u00e9s<\/strong> (Francia).<\/p>\n\n\n\n<p>\u00bfQuieres saber si tu ADN tiene un componente de la etnia Vasca? \u00bfTienes curiosidad por saber m\u00e1s acerca de otras etnias? Desc\u00fabrelo con el <a href=\"https:\/\/adntro.com\/es\/test-adn-genetico-informe-origen\/\"><strong>test de adn de origen<\/strong><\/a> de ADNTRO o <a href=\"https:\/\/adntro.com\/sube-tu-raw-adn-landing\/\"><strong>sube tu archivo RAW gratis<\/strong><\/a>. No te dejar\u00e1 indiferente.<\/p>\n","protected":false},"excerpt":{"rendered":"<p>Entre los a\u00f1os 3500 a.C. y el 3000 a.C., la cultura indoeuropea situada entre Europa y Asia, ten\u00eda como eje vertebrador de su tecnolog\u00eda la rueda, el trabajo del metal y la agricultura y la ganader\u00eda. Esta poblaci\u00f3n ten\u00eda su propia lengua, cultura y religi\u00f3n, a partir de la cual surgieron una gran cantidad de [&hellip;]<\/p>\n","protected":false},"author":8,"featured_media":6706,"comment_status":"open","ping_status":"open","sticky":false,"template":"","format":"standard","meta":{"footnotes":""},"categories":[23],"tags":[42,321,323,18,324,322],"class_list":["post-6704","post","type-post","status-publish","format-standard","has-post-thumbnail","hentry","category-ancestria","tag-adntro","tag-etnia","tag-euskera","tag-genetica","tag-pais-vasco","tag-vascos"],"yoast_head":"<!-- This site is optimized with the Yoast SEO plugin v22.0 - https:\/\/yoast.com\/wordpress\/plugins\/seo\/ -->\n<title>\u00bfInteresado en conocer caracter\u00edsticas de la etnia vasca?<\/title>\n<meta name=\"description\" content=\"En este art\u00edculos podr\u00e1s conocer caracter\u00edsticas propias de la etnia vasca en un contexto hist\u00f3rico. Su lengua, sus or\u00edgenes...\" \/>\n<meta name=\"robots\" content=\"index, follow, max-snippet:-1, max-image-preview:large, max-video-preview:-1\" \/>\n<link rel=\"canonical\" href=\"https:\/\/adntro.com\/es\/blog\/ancestria\/etnia_vasca\/\" \/>\n<meta property=\"og:locale\" content=\"es_ES\" \/>\n<meta property=\"og:type\" content=\"article\" \/>\n<meta property=\"og:title\" content=\"\u00bfInteresado en conocer caracter\u00edsticas de la etnia vasca?\" \/>\n<meta property=\"og:description\" content=\"En este art\u00edculos podr\u00e1s conocer caracter\u00edsticas propias de la etnia vasca en un contexto hist\u00f3rico. Su lengua, sus or\u00edgenes...\" \/>\n<meta property=\"og:url\" content=\"https:\/\/adntro.com\/es\/blog\/ancestria\/etnia_vasca\/\" \/>\n<meta property=\"og:site_name\" content=\"ADNTRO\" \/>\n<meta property=\"article:publisher\" content=\"https:\/\/www.facebook.com\/ADNTROSPAIN\/\" \/>\n<meta property=\"article:published_time\" content=\"2022-06-03T06:36:00+00:00\" \/>\n<meta property=\"article:modified_time\" content=\"2025-08-04T09:49:14+00:00\" \/>\n<meta property=\"og:image\" content=\"https:\/\/adntro.com\/wp-content\/uploads\/2022\/05\/vascos.jpg\" \/>\n\t<meta property=\"og:image:width\" content=\"640\" \/>\n\t<meta property=\"og:image:height\" content=\"360\" \/>\n\t<meta property=\"og:image:type\" content=\"image\/jpeg\" \/>\n<meta name=\"author\" content=\"Sandra Ferreiro\" \/>\n<meta name=\"twitter:card\" content=\"summary_large_image\" \/>\n<meta name=\"twitter:creator\" content=\"@adntrospain\" \/>\n<meta name=\"twitter:site\" content=\"@adntrospain\" \/>\n<meta name=\"twitter:label1\" content=\"Escrito por\" \/>\n\t<meta name=\"twitter:data1\" content=\"Sandra Ferreiro\" \/>\n\t<meta name=\"twitter:label2\" content=\"Tiempo de lectura\" \/>\n\t<meta name=\"twitter:data2\" content=\"2 minutos\" \/>\n<script type=\"application\/ld+json\" class=\"yoast-schema-graph\">{\"@context\":\"https:\/\/schema.org\",\"@graph\":[{\"@type\":\"Article\",\"@id\":\"https:\/\/adntro.com\/es\/blog\/ancestria\/etnia_vasca\/#article\",\"isPartOf\":{\"@id\":\"https:\/\/adntro.com\/de\/blog\/abstammung\/ethnizitat_vasca\/\"},\"author\":{\"name\":\"Sandra Ferreiro\",\"@id\":\"https:\/\/adntro.com\/es\/#\/schema\/person\/a71eca38b563da2bb60f24d7e71f7d6b\"},\"headline\":\"Etnia Vasca &#8211; Or\u00edgenes ancestrales\",\"datePublished\":\"2022-06-03T06:36:00+00:00\",\"dateModified\":\"2025-08-04T09:49:14+00:00\",\"mainEntityOfPage\":{\"@id\":\"https:\/\/adntro.com\/de\/blog\/abstammung\/ethnizitat_vasca\/\"},\"wordCount\":318,\"commentCount\":0,\"publisher\":{\"@id\":\"https:\/\/adntro.com\/es\/#organization\"},\"keywords\":[\"adntro\",\"etnia\",\"euskera\",\"gen\u00e9tica\",\"pa\u00eds vasco\",\"vascos\"],\"articleSection\":[\"Or\u00edgenes y Ancestr\u00eda\"],\"inLanguage\":\"es\",\"potentialAction\":[{\"@type\":\"CommentAction\",\"name\":\"Comment\",\"target\":[\"https:\/\/adntro.com\/es\/blog\/ancestria\/etnia_vasca\/#respond\"]}]},{\"@type\":\"WebPage\",\"@id\":\"https:\/\/adntro.com\/de\/blog\/abstammung\/ethnizitat_vasca\/\",\"url\":\"https:\/\/adntro.com\/es\/blog\/ancestria\/etnia_vasca\/\",\"name\":\"\u00bfInteresado en conocer caracter\u00edsticas de la etnia vasca?\",\"isPartOf\":{\"@id\":\"https:\/\/adntro.com\/es\/#website\"},\"datePublished\":\"2022-06-03T06:36:00+00:00\",\"dateModified\":\"2025-08-04T09:49:14+00:00\",\"description\":\"En este art\u00edculos podr\u00e1s conocer caracter\u00edsticas propias de la etnia vasca en un contexto hist\u00f3rico. Su lengua, sus or\u00edgenes...\",\"breadcrumb\":{\"@id\":\"https:\/\/adntro.com\/es\/blog\/ancestria\/etnia_vasca\/#breadcrumb\"},\"inLanguage\":\"es\",\"potentialAction\":[{\"@type\":\"ReadAction\",\"target\":[\"https:\/\/adntro.com\/es\/blog\/ancestria\/etnia_vasca\/\"]}]},{\"@type\":\"BreadcrumbList\",\"@id\":\"https:\/\/adntro.com\/es\/blog\/ancestria\/etnia_vasca\/#breadcrumb\",\"itemListElement\":[{\"@type\":\"ListItem\",\"position\":1,\"name\":\"Home\",\"item\":\"https:\/\/adntro.com\/de\/\"},{\"@type\":\"ListItem\",\"position\":2,\"name\":\"Etnia Vasca &#8211; Or\u00edgenes ancestrales\"}]},{\"@type\":\"WebSite\",\"@id\":\"https:\/\/adntro.com\/es\/#website\",\"url\":\"https:\/\/adntro.com\/es\/\",\"name\":\"ADNTRO\",\"description\":\"Gen\u00e9tica, salud, nutrici\u00f3n\",\"publisher\":{\"@id\":\"https:\/\/adntro.com\/es\/#organization\"},\"potentialAction\":[{\"@type\":\"SearchAction\",\"target\":{\"@type\":\"EntryPoint\",\"urlTemplate\":\"https:\/\/adntro.com\/es\/?s={search_term_string}\"},\"query-input\":\"required name=search_term_string\"}],\"inLanguage\":\"es\"},{\"@type\":\"Organization\",\"@id\":\"https:\/\/adntro.com\/es\/#organization\",\"name\":\"ADNTRO Genetics\",\"url\":\"https:\/\/adntro.com\/es\/\",\"logo\":{\"@type\":\"ImageObject\",\"inLanguage\":\"es\",\"@id\":\"https:\/\/adntro.com\/es\/#\/schema\/logo\/image\/\",\"url\":\"https:\/\/adntro.com\/wp-content\/uploads\/2021\/08\/android-chrome-512x512-2.png\",\"contentUrl\":\"https:\/\/adntro.com\/wp-content\/uploads\/2021\/08\/android-chrome-512x512-2.png\",\"width\":512,\"height\":512,\"caption\":\"ADNTRO Genetics\"},\"image\":{\"@id\":\"https:\/\/adntro.com\/es\/#\/schema\/logo\/image\/\"},\"sameAs\":[\"https:\/\/www.facebook.com\/ADNTROSPAIN\/\",\"https:\/\/twitter.com\/adntrospain\",\"https:\/\/www.instagram.com\/adntro_\/\",\"https:\/\/www.pinterest.es\/ADNTRO_TEAM\/_saved\/\"]},{\"@type\":\"Person\",\"@id\":\"https:\/\/adntro.com\/es\/#\/schema\/person\/a71eca38b563da2bb60f24d7e71f7d6b\",\"name\":\"Sandra Ferreiro\",\"image\":{\"@type\":\"ImageObject\",\"inLanguage\":\"es\",\"@id\":\"https:\/\/adntro.com\/es\/#\/schema\/person\/image\/\",\"url\":\"https:\/\/secure.gravatar.com\/avatar\/ddaa4448bc53192d65c596cd5119749fb4d7167a3b3d7931d8b0470a2021bdc3?s=96&d=mm&r=g\",\"contentUrl\":\"https:\/\/secure.gravatar.com\/avatar\/ddaa4448bc53192d65c596cd5119749fb4d7167a3b3d7931d8b0470a2021bdc3?s=96&d=mm&r=g\",\"caption\":\"Sandra Ferreiro\"},\"description\":\"Bioinform\u00e1tica y Responsable del \u00e1rea cient\u00edfica en ADNTRO. Biotecn\u00f3loga por la Universidad Francisco de Vitoria, donde recibi\u00f3 dos becas de expediente acad\u00e9mico brillante. Estuvo trabajando en un proyecto de investigaci\u00f3n sobre la asimetr\u00eda izquierda-derecha en Newcastle, siendo premiada en la Conferencia del Centro de Investigaci\u00f3n Cardiovascular Trainees Meeting como el mejor p\u00f3ster (2018). Complet\u00f3 un m\u00e1ster en Biolog\u00eda Computacional en la Universidad Polit\u00e9cnica de Madrid. All\u00ed estudi\u00f3 las redes de interacci\u00f3n metab\u00f3lica en el microbioma de pacientes con Enfermedad de Chron y Colitis Ulcerosa en el centro de investigaci\u00f3n CBGP, centro de Excelencia Severo Ochoa (2020). Desde el 2020 es Bioinform\u00e1tica en ADNTRO donde desarrolla modelos predictivos, realiza anotaciones y an\u00e1lisis de variantes patog\u00e9nicas, investigaci\u00f3n de literatura GWAS y divulgaci\u00f3n cient\u00edfica.\",\"sameAs\":[\"https:\/\/www.linkedin.com\/in\/sandra-ferreiro-lpez-78804016a\/\"],\"url\":\"https:\/\/adntro.com\/es\/blog\/author\/sandra\/\"}]}<\/script>\n<!-- \/ Yoast SEO plugin. -->","yoast_head_json":{"title":"\u00bfInteresado en conocer caracter\u00edsticas de la etnia vasca?","description":"En este art\u00edculos podr\u00e1s conocer caracter\u00edsticas propias de la etnia vasca en un contexto hist\u00f3rico. Su lengua, sus or\u00edgenes...","robots":{"index":"index","follow":"follow","max-snippet":"max-snippet:-1","max-image-preview":"max-image-preview:large","max-video-preview":"max-video-preview:-1"},"canonical":"https:\/\/adntro.com\/es\/blog\/ancestria\/etnia_vasca\/","og_locale":"es_ES","og_type":"article","og_title":"\u00bfInteresado en conocer caracter\u00edsticas de la etnia vasca?","og_description":"En este art\u00edculos podr\u00e1s conocer caracter\u00edsticas propias de la etnia vasca en un contexto hist\u00f3rico. Su lengua, sus or\u00edgenes...","og_url":"https:\/\/adntro.com\/es\/blog\/ancestria\/etnia_vasca\/","og_site_name":"ADNTRO","article_publisher":"https:\/\/www.facebook.com\/ADNTROSPAIN\/","article_published_time":"2022-06-03T06:36:00+00:00","article_modified_time":"2025-08-04T09:49:14+00:00","og_image":[{"width":640,"height":360,"url":"https:\/\/adntro.com\/wp-content\/uploads\/2022\/05\/vascos.jpg","type":"image\/jpeg"}],"author":"Sandra Ferreiro","twitter_card":"summary_large_image","twitter_creator":"@adntrospain","twitter_site":"@adntrospain","twitter_misc":{"Escrito por":"Sandra Ferreiro","Tiempo de lectura":"2 minutos"},"schema":{"@context":"https:\/\/schema.org","@graph":[{"@type":"Article","@id":"https:\/\/adntro.com\/es\/blog\/ancestria\/etnia_vasca\/#article","isPartOf":{"@id":"https:\/\/adntro.com\/de\/blog\/abstammung\/ethnizitat_vasca\/"},"author":{"name":"Sandra Ferreiro","@id":"https:\/\/adntro.com\/es\/#\/schema\/person\/a71eca38b563da2bb60f24d7e71f7d6b"},"headline":"Etnia Vasca &#8211; Or\u00edgenes ancestrales","datePublished":"2022-06-03T06:36:00+00:00","dateModified":"2025-08-04T09:49:14+00:00","mainEntityOfPage":{"@id":"https:\/\/adntro.com\/de\/blog\/abstammung\/ethnizitat_vasca\/"},"wordCount":318,"commentCount":0,"publisher":{"@id":"https:\/\/adntro.com\/es\/#organization"},"keywords":["adntro","etnia","euskera","gen\u00e9tica","pa\u00eds vasco","vascos"],"articleSection":["Or\u00edgenes y Ancestr\u00eda"],"inLanguage":"es","potentialAction":[{"@type":"CommentAction","name":"Comment","target":["https:\/\/adntro.com\/es\/blog\/ancestria\/etnia_vasca\/#respond"]}]},{"@type":"WebPage","@id":"https:\/\/adntro.com\/de\/blog\/abstammung\/ethnizitat_vasca\/","url":"https:\/\/adntro.com\/es\/blog\/ancestria\/etnia_vasca\/","name":"\u00bfInteresado en conocer caracter\u00edsticas de la etnia vasca?","isPartOf":{"@id":"https:\/\/adntro.com\/es\/#website"},"datePublished":"2022-06-03T06:36:00+00:00","dateModified":"2025-08-04T09:49:14+00:00","description":"En este art\u00edculos podr\u00e1s conocer caracter\u00edsticas propias de la etnia vasca en un contexto hist\u00f3rico. Su lengua, sus or\u00edgenes...","breadcrumb":{"@id":"https:\/\/adntro.com\/es\/blog\/ancestria\/etnia_vasca\/#breadcrumb"},"inLanguage":"es","potentialAction":[{"@type":"ReadAction","target":["https:\/\/adntro.com\/es\/blog\/ancestria\/etnia_vasca\/"]}]},{"@type":"BreadcrumbList","@id":"https:\/\/adntro.com\/es\/blog\/ancestria\/etnia_vasca\/#breadcrumb","itemListElement":[{"@type":"ListItem","position":1,"name":"Home","item":"https:\/\/adntro.com\/de\/"},{"@type":"ListItem","position":2,"name":"Etnia Vasca &#8211; Or\u00edgenes ancestrales"}]},{"@type":"WebSite","@id":"https:\/\/adntro.com\/es\/#website","url":"https:\/\/adntro.com\/es\/","name":"ADNTRO","description":"Gen\u00e9tica, salud, nutrici\u00f3n","publisher":{"@id":"https:\/\/adntro.com\/es\/#organization"},"potentialAction":[{"@type":"SearchAction","target":{"@type":"EntryPoint","urlTemplate":"https:\/\/adntro.com\/es\/?s={search_term_string}"},"query-input":"required name=search_term_string"}],"inLanguage":"es"},{"@type":"Organization","@id":"https:\/\/adntro.com\/es\/#organization","name":"ADNTRO Genetics","url":"https:\/\/adntro.com\/es\/","logo":{"@type":"ImageObject","inLanguage":"es","@id":"https:\/\/adntro.com\/es\/#\/schema\/logo\/image\/","url":"https:\/\/adntro.com\/wp-content\/uploads\/2021\/08\/android-chrome-512x512-2.png","contentUrl":"https:\/\/adntro.com\/wp-content\/uploads\/2021\/08\/android-chrome-512x512-2.png","width":512,"height":512,"caption":"ADNTRO Genetics"},"image":{"@id":"https:\/\/adntro.com\/es\/#\/schema\/logo\/image\/"},"sameAs":["https:\/\/www.facebook.com\/ADNTROSPAIN\/","https:\/\/twitter.com\/adntrospain","https:\/\/www.instagram.com\/adntro_\/","https:\/\/www.pinterest.es\/ADNTRO_TEAM\/_saved\/"]},{"@type":"Person","@id":"https:\/\/adntro.com\/es\/#\/schema\/person\/a71eca38b563da2bb60f24d7e71f7d6b","name":"Sandra Ferreiro","image":{"@type":"ImageObject","inLanguage":"es","@id":"https:\/\/adntro.com\/es\/#\/schema\/person\/image\/","url":"https:\/\/secure.gravatar.com\/avatar\/ddaa4448bc53192d65c596cd5119749fb4d7167a3b3d7931d8b0470a2021bdc3?s=96&d=mm&r=g","contentUrl":"https:\/\/secure.gravatar.com\/avatar\/ddaa4448bc53192d65c596cd5119749fb4d7167a3b3d7931d8b0470a2021bdc3?s=96&d=mm&r=g","caption":"Sandra Ferreiro"},"description":"Bioinform\u00e1tica y Responsable del \u00e1rea cient\u00edfica en ADNTRO. Biotecn\u00f3loga por la Universidad Francisco de Vitoria, donde recibi\u00f3 dos becas de expediente acad\u00e9mico brillante. Estuvo trabajando en un proyecto de investigaci\u00f3n sobre la asimetr\u00eda izquierda-derecha en Newcastle, siendo premiada en la Conferencia del Centro de Investigaci\u00f3n Cardiovascular Trainees Meeting como el mejor p\u00f3ster (2018). Complet\u00f3 un m\u00e1ster en Biolog\u00eda Computacional en la Universidad Polit\u00e9cnica de Madrid. All\u00ed estudi\u00f3 las redes de interacci\u00f3n metab\u00f3lica en el microbioma de pacientes con Enfermedad de Chron y Colitis Ulcerosa en el centro de investigaci\u00f3n CBGP, centro de Excelencia Severo Ochoa (2020). Desde el 2020 es Bioinform\u00e1tica en ADNTRO donde desarrolla modelos predictivos, realiza anotaciones y an\u00e1lisis de variantes patog\u00e9nicas, investigaci\u00f3n de literatura GWAS y divulgaci\u00f3n cient\u00edfica.","sameAs":["https:\/\/www.linkedin.com\/in\/sandra-ferreiro-lpez-78804016a\/"],"url":"https:\/\/adntro.com\/es\/blog\/author\/sandra\/"}]}},"_links":{"self":[{"href":"https:\/\/adntro.com\/es\/wp-json\/wp\/v2\/posts\/6704","targetHints":{"allow":["GET"]}}],"collection":[{"href":"https:\/\/adntro.com\/es\/wp-json\/wp\/v2\/posts"}],"about":[{"href":"https:\/\/adntro.com\/es\/wp-json\/wp\/v2\/types\/post"}],"author":[{"embeddable":true,"href":"https:\/\/adntro.com\/es\/wp-json\/wp\/v2\/users\/8"}],"replies":[{"embeddable":true,"href":"https:\/\/adntro.com\/es\/wp-json\/wp\/v2\/comments?post=6704"}],"version-history":[{"count":4,"href":"https:\/\/adntro.com\/es\/wp-json\/wp\/v2\/posts\/6704\/revisions"}],"predecessor-version":[{"id":13318,"href":"https:\/\/adntro.com\/es\/wp-json\/wp\/v2\/posts\/6704\/revisions\/13318"}],"wp:featuredmedia":[{"embeddable":true,"href":"https:\/\/adntro.com\/es\/wp-json\/wp\/v2\/media\/6706"}],"wp:attachment":[{"href":"https:\/\/adntro.com\/es\/wp-json\/wp\/v2\/media?parent=6704"}],"wp:term":[{"taxonomy":"category","embeddable":true,"href":"https:\/\/adntro.com\/es\/wp-json\/wp\/v2\/categories?post=6704"},{"taxonomy":"post_tag","embeddable":true,"href":"https:\/\/adntro.com\/es\/wp-json\/wp\/v2\/tags?post=6704"}],"curies":[{"name":"wp","href":"https:\/\/api.w.org\/{rel}","templated":true}]}}