{"id":1971,"date":"2020-11-11T15:27:45","date_gmt":"2020-11-11T14:27:45","guid":{"rendered":"https:\/\/www.adntro.com\/?p=1971"},"modified":"2026-03-26T09:33:29","modified_gmt":"2026-03-26T08:33:29","slug":"aprende-sobre-la-interaccion-entre-genoma-y-alimentacion-con-adntro","status":"publish","type":"post","link":"https:\/\/adntro.com\/es\/blog\/nutrigenetica\/aprende-sobre-la-interaccion-entre-genoma-y-alimentacion-con-adntro\/","title":{"rendered":"Aprende sobre la interacci\u00f3n entre genoma y alimentaci\u00f3n con ADNTRO"},"content":{"rendered":"\n<p>En los \u00faltimos diez a\u00f1os, se ha incrementado notablemente el n\u00famero de personas con alergias e intolerancias alimentarias. Esto se hace patente en nuestra vida diaria, pues ahora los men\u00fas de los restaurantes siempre indican con toda claridad los al\u00e9rgenos de cada plato, cosa que hace unos a\u00f1os no se ve\u00eda con tanta frecuencia. Pero, \u00bfcu\u00e1l es el motivo? Aunque no existe ninguna hip\u00f3tesis totalmente contrastada, s\u00ed sabemos que nuestra dieta cambia r\u00e1pidamente, avanzando hacia el consumo de alimentos ultraprocesados, con multitud de conservantes, saborizantes, colorantes, etc. <\/p>\n\n\n\n<div style=\"height:10px\" aria-hidden=\"true\" class=\"wp-block-spacer\"><\/div>\n\n\n\n<p>Esto, junto con la sobreexposici\u00f3n a ciertos alimentos, como la leche o el trigo, son dos factores que determinan un \u00edndice creciente de alergias e intolerancias alimentarias. En este art\u00edculo vamos a ver en qu\u00e9 consisten, cu\u00e1l es la gen\u00e9tica que hay tras ellas, y c\u00f3mo puede ayudarnos el viaje \u00fanico que emprendemos con <a href=\"https:\/\/adntro.com\/\">ADNTRO<\/a> y nuestra <a href=\"https:\/\/adntro.com\/es\/\">prueba de ADN<\/a>.&nbsp;<\/p>\n\n\n\n<div style=\"height:10px\" aria-hidden=\"true\" class=\"wp-block-spacer\"><\/div>\n\n\n\n<h2 class=\"wp-block-heading\"><strong>Definici\u00f3n de alergia e intolerancia alimentaria y diferencia entre ellas<\/strong><\/h2>\n\n\n\n<div style=\"height:10px\" aria-hidden=\"true\" class=\"wp-block-spacer\"><\/div>\n\n\n\n<p>La <strong>alergia es la respuesta inmunitaria<\/strong> que se produce cuando el organismo entra en contacto con un agente extra\u00f1o o un determinado alimento (que se denomina al\u00e9rgeno), que para la poblaci\u00f3n normal resulta inocuo. Esta respuesta inmunitaria consiste un proceso inflamatorio desencadenado mediante la producci\u00f3n de anticuerpos de tipo IgE, y causa s\u00edntomas de distinta gravedad, que van desde una irritaci\u00f3n menor hasta problemas respiratorios y shock anafil\u00e1ctico.&nbsp;<\/p>\n\n\n\n<div style=\"height:10px\" aria-hidden=\"true\" class=\"wp-block-spacer\"><\/div>\n\n\n\n<p>Las <strong><a href=\"https:\/\/adntro.com\/es\/test-genetico-intolerancias\/\">intolerancias alimentarias<\/a><\/strong>, en cambio, son <strong>reacciones adversas no inmunitarias<\/strong> producidas cuando el organismo no es capaz de procesar o digerir un determinado compuesto de los alimentos, lo que puede causar problemas digestivos de distinta gravedad, siendo los m\u00e1s frecuentes dolores abdominales, gases y diarrea. Seg\u00fan lo que las cause, distinguimos intolerancias de tipo metab\u00f3lico o enzim\u00e1tico, farmacol\u00f3gicas y de causa indeterminada.&nbsp;<\/p>\n\n\n\n<div style=\"height:10px\" aria-hidden=\"true\" class=\"wp-block-spacer\"><\/div>\n\n\n\n<p><strong>Por tanto, la principal diferencia entre alergia e intolerancia alimentaria es que la primera activa una respuesta inmune, y la segunda no lo hace.&nbsp;<\/strong><\/p>\n\n\n\n<div style=\"height:10px\" aria-hidden=\"true\" class=\"wp-block-spacer\"><\/div>\n\n\n\n<p>Adem\u00e1s, en ambos casos la ingesti\u00f3n del alimento en cuesti\u00f3n (al\u00e9rgeno) es la responsable de la sintomatolog\u00eda posterior, pero en el caso de las intolerancias, muchos de los afectados pueden tolerar peque\u00f1as cantidades del alimento sin que ello les suponga grandes molestias. Las reacciones que se desencadenan cuando un intolerante a una determinada sustancia la ingiere son dosis-dependientes, ya que los s\u00edntomas se hacen m\u00e1s patentes cuanto mayor es la dosis ingerida.&nbsp;<\/p>\n\n\n\n<div style=\"height:10px\" aria-hidden=\"true\" class=\"wp-block-spacer\"><\/div>\n\n\n<div class=\"wp-block-image\">\n<figure class=\"aligncenter size-full\"><img fetchpriority=\"high\" decoding=\"async\" width=\"626\" height=\"417\" src=\"http:\/\/adntro.com\/wp-content\/uploads\/2021\/08\/image1.jpg\" alt=\"intolerancias alimentarias\" class=\"wp-image-3426\" srcset=\"https:\/\/adntro.com\/wp-content\/uploads\/2021\/08\/image1.jpg 626w, https:\/\/adntro.com\/wp-content\/uploads\/2021\/08\/image1-300x200.jpg 300w, https:\/\/adntro.com\/wp-content\/uploads\/2021\/08\/image1-18x12.jpg 18w\" sizes=\"(max-width: 626px) 100vw, 626px\" \/><\/figure>\n<\/div>\n\n\n<p><\/p>\n\n\n\n<h2 class=\"wp-block-heading\"><strong>Gen\u00e9tica de las alergias y de las intolerancias alimentarias&nbsp;<\/strong><\/h2>\n\n\n\n<div style=\"height:10px\" aria-hidden=\"true\" class=\"wp-block-spacer\"><\/div>\n\n\n\n<p>Los procesos al\u00e9rgicos presentan un ac\u00famulo familiar, lo que quiere decir que un n\u00famero significativo de pacientes al\u00e9rgicos tiene antecedentes familiares de alergia. Esto sugiere, por tanto, la <strong>existencia de una predisposici\u00f3n gen\u00e9tica a la alergia<\/strong>. Sin embargo, se ha observado que la herencia de la alergia no sigue un <a href=\"https:\/\/adntro.com\/blog\/curiosidades-geneticas\/las-leyes-de-mendel\/\">patr\u00f3n mendeliano<\/a> claro, ya que su aparici\u00f3n est\u00e1 determinada por varios genes con efectos aditivos (poligenia) que adem\u00e1s interaccionan con factores ambientales.\u00a0<\/p>\n\n\n\n<div style=\"height:10px\" aria-hidden=\"true\" class=\"wp-block-spacer\"><\/div>\n\n\n\n<p>En cuanto a las intolerancias, hay que considerar separadamente cada una de ellas, ya que, aunque en todas existe un componente gen\u00e9tico, este ser\u00e1 distinto dependiendo del tipo de intolerancia que analicemos (metab\u00f3lica, farmacol\u00f3gica, etc.).&nbsp;<\/p>\n\n\n\n<div style=\"height:10px\" aria-hidden=\"true\" class=\"wp-block-spacer\"><\/div>\n\n\n\n<h3 class=\"wp-block-heading\"><strong>\u00bfQu\u00e9 aspectos nutricionales podemos descubrir a partir de lo que llevamos ADNTRO?&nbsp;<\/strong><\/h3>\n\n\n\n<div style=\"height:10px\" aria-hidden=\"true\" class=\"wp-block-spacer\"><\/div>\n\n\n\n<p>El viaje que emprendemos con el <a href=\"https:\/\/adntro.com\/es\/test-genetico-informe-nutricional\/\">test nutrigen\u00e9tico<\/a> de ADNTRO nos da informaci\u00f3n sobre nuestra mayor o menor predisposici\u00f3n a desarrollar alergias al cacahuete (y muy pronto tambi\u00e9n al marisco y al huevo) e <a href=\"https:\/\/adntro.com\/blog\/nutrigenetica\/intolerancia_gluten_lactosa_fructosa\/\">intolerancias alimentarias a la lactosa, fructosa y gluten<\/a>. Pero, \u00bfc\u00f3mo se calcula esta predisposici\u00f3n?<\/p>\n\n\n\n<div style=\"height:10px\" aria-hidden=\"true\" class=\"wp-block-spacer\"><\/div>\n\n\n<div class=\"wp-block-image\">\n<figure class=\"aligncenter size-full\"><img decoding=\"async\" width=\"1024\" height=\"576\" src=\"http:\/\/adntro.com\/wp-content\/uploads\/2021\/08\/image2-1024x576-1.jpg\" alt=\"aspectos nutricionales con adntro\" class=\"wp-image-3425\" srcset=\"https:\/\/adntro.com\/wp-content\/uploads\/2021\/08\/image2-1024x576-1.jpg 1024w, https:\/\/adntro.com\/wp-content\/uploads\/2021\/08\/image2-1024x576-1-300x169.jpg 300w, https:\/\/adntro.com\/wp-content\/uploads\/2021\/08\/image2-1024x576-1-768x432.jpg 768w, https:\/\/adntro.com\/wp-content\/uploads\/2021\/08\/image2-1024x576-1-18x10.jpg 18w\" sizes=\"(max-width: 1024px) 100vw, 1024px\" \/><\/figure>\n<\/div>\n\n\n<p>Para explicarlo, pongamos el ejemplo de la intolerancia a la lactosa. La intolerancia a la lactosa es el principal ejemplo de intolerancia metab\u00f3lica y es causada por un d\u00e9ficit de la enzima lactasa, encargada de descomponer la lactosa en galactosa y glucosa.&nbsp;<\/p>\n\n\n\n<div style=\"height:10px\" aria-hidden=\"true\" class=\"wp-block-spacer\"><\/div>\n\n\n\n<p>El primer paso <strong>es localizar dentro de un determinado gen la posici\u00f3n de las variantes gen\u00e9ticas involucrados en el desarrollo de la intolerancia a la lactosa.<\/strong> Para ello, se revisan y se consultan estudios de asociaci\u00f3n (m\u00e1s conocidos como <strong>GWAS<\/strong>, por sus siglas inglesas <em>Genome-wide association study<\/em>) incluidos en el cat\u00e1logo del NHGRI (<em><a href=\"https:\/\/www.genome.gov\/\" target=\"_blank\" rel=\"noreferrer noopener\">National Human Genome Research Institute<\/a><\/em>).&nbsp;<\/p>\n\n\n\n<div style=\"height:10px\" aria-hidden=\"true\" class=\"wp-block-spacer\"><\/div>\n\n\n\n<p>Los <a href=\"https:\/\/youtu.be\/Fizghv_PyTA\" target=\"_blank\" rel=\"noreferrer noopener\">estudios de tipo GWAS<\/a> se basan en comparar el genotipo de n\u00facleos familiares que presentan un determinado rasgo o patolog\u00eda (en nuestro ejemplo, la intolerancia a la lactosa) con el genotipo de la poblaci\u00f3n control. De esta forma, se puede localizar variantes gen\u00e9ticas cuya frecuencia sea m\u00e1s elevada en pacientes (con intolerancia) que en controles.&nbsp;<\/p>\n\n\n\n<div style=\"height:10px\" aria-hidden=\"true\" class=\"wp-block-spacer\"><\/div>\n\n\n\n<p><strong>Una vez localizadas las variantes gen\u00e9ticas prevalentes en personas con intolerancias, el siguiente paso es analizar el genotipo de una persona. <\/strong>Al hacerlo, nos fijaremos en la variante asociada a la intolerancia a la lactosa (identificada gracias a los estudios GWAS) y comprobaremos si esa persona presenta la variante prevalente en el grupo de pacientes o la variante prevalente en la poblaci\u00f3n control. As\u00ed es c\u00f3mo <strong>podremos determinar su mayor o menor predisposici\u00f3n gen\u00e9tica<\/strong>, respectivamente, a desarrollar dicha intolerancia alimentaria.&nbsp;<\/p>\n\n\n\n<div style=\"height:10px\" aria-hidden=\"true\" class=\"wp-block-spacer\"><\/div>\n\n\n\n<p>Un tipo de variante gen\u00e9tica muy utilizada en estudios de tipo GWAS son los <a href=\"https:\/\/adntro.com\/es\/blog\/curiosidades-geneticas\/que-son-los-snps\/\">SNPs<\/a> (polimorfismos de un solo nucle\u00f3tido), que son variantes gen\u00e9ticas de una sola base. Siguiendo con nuestro ejemplo de intolerancia a la lactosa, en ADNTRO analizamos dos SNPs localizados en el gen <em><a href=\"https:\/\/medlineplus.gov\/genetics\/gene\/mcm6\/\" target=\"_blank\" rel=\"noreferrer noopener\">MCM6<\/a><\/em>, que se encarga de regular la cantidad de lactasa que genera el organismo. Las personas cuyo genotipo coincida con los SNPs asociados a la intolerancia, tendr\u00e1n mayor predisposici\u00f3n a padecerla que aquellas cuyo genotipo no coincida.&nbsp;<\/p>\n\n\n\n<div style=\"height:10px\" aria-hidden=\"true\" class=\"wp-block-spacer\"><\/div>\n\n\n\n<p>La intolerancia a la fructosa o fructosemia, en cambio, consiste en un trastorno gen\u00e9tico presente desde el nacimiento, causado por un d\u00e9ficit de fructosa-1-fosfato aldolasa hep\u00e1tica, tambi\u00e9n llamada enzima aldolasa B. El gen que codifica esta enzima se denomina <em><a href=\"https:\/\/medlineplus.gov\/genetics\/gene\/aldob\/\" target=\"_blank\" rel=\"noreferrer noopener\">ALDOB<\/a>, <\/em>y la presencia de variantes en su secuencia permite identificar personas con intolerancia a la fructosa.<\/p>\n\n\n\n<div style=\"height:10px\" aria-hidden=\"true\" class=\"wp-block-spacer\"><\/div>\n\n\n\n<p>El caso de la intolerancia al gluten o enfermedad cel\u00edaca es m\u00e1s complejo, ya que se trata de una condici\u00f3n permanente, en cuyo desarrollo influyen factores gen\u00e9ticos, ambientales e inmunol\u00f3gicos, y por ello no es del todo correcto clasificarla dentro de las intolerancias alimentarias.&nbsp;<\/p>\n\n\n\n<div style=\"height:10px\" aria-hidden=\"true\" class=\"wp-block-spacer\"><\/div>\n\n\n\n<p>Dado que nuestra relaci\u00f3n con la comida es muy importante y especial, y sabiendo que nuestros genes controlan la forma en que digerimos, absorbemos y utilizamos los nutrientes, te invitamos a subir a bordo y comenzar este viaje con nosotros.&nbsp;<\/p>\n\n\n\n<div style=\"height:10px\" aria-hidden=\"true\" class=\"wp-block-spacer\"><\/div>\n\n\n\n<p><strong>Bibliograf\u00eda<\/strong><\/p>\n\n\n\n<ul class=\"wp-block-list\">\n<li>Dr Francisco Arasa y Dr. Santiago Garc\u00eda Tornel. Intolerancias alimentarias m\u00e1s comunes. Servicio de Pediatr\u00eda. Hospital Sant Joan de D\u00e9u.&nbsp;<\/li>\n\n\n\n<li>Ballesta F. Gen\u00e9tica y alergia. Vol. 26 N\u00fam. 3, p\u00e1ginas 81-119&nbsp;(mayo 1998)<\/li>\n\n\n\n<li>Hong X. et al, Genome-wide association study identifies peanut allergy-specific loci and evidence of epigenetic mediation in US children. DOI: <a href=\"http:\/\/www.nature.com\/articles\/ncomms7304\" target=\"_blank\" rel=\"noreferrer noopener\">10.1038\/ncomms7304<\/a><\/li>\n\n\n\n<li>Dzialanski Z. et al, Lactase persistence versus lactose intolerance: Is there an intermediate phenotype? DOI: <a href=\"https:\/\/linkinghub.elsevier.com\/retrieve\/pii\/S0009912015005081\" target=\"_blank\" rel=\"noreferrer noopener\">https:\/\/linkinghub.elsevier.com\/retrieve\/pii\/S0009912015005081<\/a><\/li>\n<\/ul>\n\n\n\n<ul class=\"wp-block-list\">\n<li>Hereditary fructose intolerance. Medline Plus.&nbsp;<\/li>\n\n\n\n<li>Uitterlinden A.G. An Introduction to Genome-Wide Association Studies: GWAS for Dummies. Semin Reprod Med 2016;34:196\u2013204<\/li>\n\n\n\n<li>Ana Zugasti Murillo<a href=\"https:\/\/www.elsevier.es\/es-revista-endocrinologia-nutricion-12-articulo-intolerancia-alimentaria-S157509220971407X#cor1\"><sup>\u2020<\/sup><\/a>. Intolerancia alimentaria. Unidad de Nutrici\u00f3n Cl\u00ednica y Diet\u00e9tica. Hospital Virgen del Camino. Pamplona. Navarra. Espa\u00f1a<\/li>\n\n\n\n<li>Ruiz S\u00e1nchez JG. [A global vision of adverse reactions to foods: food allergy and food intolerance].<\/li>\n<\/ul>\n\n\n\n<p>Otros recursos<\/p>\n\n\n\n<ul class=\"wp-block-list\">\n<li><a href=\"https:\/\/www.mayoclinic.org\/\" target=\"_blank\" rel=\"noreferrer noopener\">www.mayoclinic.org<\/a><\/li>\n<\/ul>\n","protected":false},"excerpt":{"rendered":"<p>En los \u00faltimos diez a\u00f1os, se ha incrementado notablemente el n\u00famero de personas con alergias e intolerancias alimentarias. Esto se hace patente en nuestra vida diaria, pues ahora los men\u00fas de los restaurantes siempre indican con toda claridad los al\u00e9rgenos de cada plato, cosa que hace unos a\u00f1os no se ve\u00eda con tanta frecuencia. Pero, [&hellip;]<\/p>\n","protected":false},"author":8,"featured_media":5489,"comment_status":"closed","ping_status":"closed","sticky":false,"template":"","format":"standard","meta":{"footnotes":""},"categories":[41],"tags":[15,42,43,44,45],"class_list":["post-1971","post","type-post","status-publish","format-standard","has-post-thumbnail","hentry","category-nutrigenetica","tag-adn","tag-adntro","tag-alimentacion","tag-lactosa","tag-nutricion"],"yoast_head":"<!-- This site is optimized with the Yoast SEO plugin v22.0 - https:\/\/yoast.com\/wordpress\/plugins\/seo\/ -->\n<title>Interacci\u00f3n entre genoma y alimentaci\u00f3n | ADNTRO<\/title>\n<meta name=\"description\" content=\"La alergia es la respuesta inmunitaria que se produce cuando el organismo entra en contacto con un agente extra\u00f1o o un determinado alimento.\" \/>\n<meta name=\"robots\" content=\"index, follow, max-snippet:-1, max-image-preview:large, max-video-preview:-1\" \/>\n<link rel=\"canonical\" href=\"https:\/\/adntro.com\/es\/blog\/ernahrung\/lerne-uber-die-interaktion-zwischen-genom-und-futtern-mit-adntro\/\" \/>\n<meta property=\"og:locale\" content=\"es_ES\" \/>\n<meta property=\"og:type\" content=\"article\" \/>\n<meta property=\"og:title\" content=\"Interacci\u00f3n entre genoma y alimentaci\u00f3n | ADNTRO\" \/>\n<meta property=\"og:description\" content=\"La alergia es la respuesta inmunitaria que se produce cuando el organismo entra en contacto con un agente extra\u00f1o o un determinado alimento.\" \/>\n<meta property=\"og:url\" content=\"https:\/\/adntro.com\/es\/blog\/ernahrung\/lerne-uber-die-interaktion-zwischen-genom-und-futtern-mit-adntro\/\" \/>\n<meta property=\"og:site_name\" content=\"ADNTRO\" \/>\n<meta property=\"article:publisher\" content=\"https:\/\/www.facebook.com\/ADNTROSPAIN\/\" \/>\n<meta property=\"article:published_time\" content=\"2020-11-11T14:27:45+00:00\" \/>\n<meta property=\"article:modified_time\" content=\"2026-03-26T08:33:29+00:00\" \/>\n<meta property=\"og:image\" content=\"https:\/\/adntro.com\/wp-content\/uploads\/2020\/11\/interaccion-genoma-alimentacion-t.jpg\" \/>\n\t<meta property=\"og:image:width\" content=\"567\" \/>\n\t<meta property=\"og:image:height\" content=\"378\" \/>\n\t<meta property=\"og:image:type\" content=\"image\/jpeg\" \/>\n<meta name=\"author\" content=\"Sandra Ferreiro\" \/>\n<meta name=\"twitter:card\" content=\"summary_large_image\" \/>\n<meta name=\"twitter:creator\" content=\"@adntrospain\" \/>\n<meta name=\"twitter:site\" content=\"@adntrospain\" \/>\n<meta name=\"twitter:label1\" content=\"Escrito por\" \/>\n\t<meta name=\"twitter:data1\" content=\"Sandra Ferreiro\" \/>\n\t<meta name=\"twitter:label2\" content=\"Tiempo de lectura\" \/>\n\t<meta name=\"twitter:data2\" content=\"6 minutos\" \/>\n<script type=\"application\/ld+json\" class=\"yoast-schema-graph\">{\"@context\":\"https:\/\/schema.org\",\"@graph\":[{\"@type\":\"Article\",\"@id\":\"https:\/\/adntro.com\/de\/blog\/ernahrung\/lerne-uber-die-interaktion-zwischen-genom-und-futtern-mit-adntro\/#article\",\"isPartOf\":{\"@id\":\"https:\/\/adntro.com\/de\/blog\/ernahrung\/lerne-uber-die-interaktion-zwischen-genom-und-futtern-mit-adntro\/\"},\"author\":{\"name\":\"Sandra Ferreiro\",\"@id\":\"https:\/\/adntro.com\/es\/#\/schema\/person\/a71eca38b563da2bb60f24d7e71f7d6b\"},\"headline\":\"Aprende sobre la interacci\u00f3n entre genoma y alimentaci\u00f3n con ADNTRO\",\"datePublished\":\"2020-11-11T14:27:45+00:00\",\"dateModified\":\"2026-03-26T08:33:29+00:00\",\"mainEntityOfPage\":{\"@id\":\"https:\/\/adntro.com\/de\/blog\/ernahrung\/lerne-uber-die-interaktion-zwischen-genom-und-futtern-mit-adntro\/\"},\"wordCount\":1281,\"publisher\":{\"@id\":\"https:\/\/adntro.com\/es\/#organization\"},\"keywords\":[\"ADN\",\"adntro\",\"alimentaci\u00f3n\",\"lactosa\",\"nutrici\u00f3n\"],\"articleSection\":[\"Nutrigen\u00e9tica\"],\"inLanguage\":\"es\"},{\"@type\":\"WebPage\",\"@id\":\"https:\/\/adntro.com\/de\/blog\/ernahrung\/lerne-uber-die-interaktion-zwischen-genom-und-futtern-mit-adntro\/\",\"url\":\"https:\/\/adntro.com\/de\/blog\/ernahrung\/lerne-uber-die-interaktion-zwischen-genom-und-futtern-mit-adntro\/\",\"name\":\"Interacci\u00f3n entre genoma y alimentaci\u00f3n | ADNTRO\",\"isPartOf\":{\"@id\":\"https:\/\/adntro.com\/es\/#website\"},\"datePublished\":\"2020-11-11T14:27:45+00:00\",\"dateModified\":\"2026-03-26T08:33:29+00:00\",\"description\":\"La alergia es la respuesta inmunitaria que se produce cuando el organismo entra en contacto con un agente extra\u00f1o o un determinado alimento.\",\"breadcrumb\":{\"@id\":\"https:\/\/adntro.com\/de\/blog\/ernahrung\/lerne-uber-die-interaktion-zwischen-genom-und-futtern-mit-adntro\/#breadcrumb\"},\"inLanguage\":\"es\",\"potentialAction\":[{\"@type\":\"ReadAction\",\"target\":[\"https:\/\/adntro.com\/de\/blog\/ernahrung\/lerne-uber-die-interaktion-zwischen-genom-und-futtern-mit-adntro\/\"]}]},{\"@type\":\"BreadcrumbList\",\"@id\":\"https:\/\/adntro.com\/de\/blog\/ernahrung\/lerne-uber-die-interaktion-zwischen-genom-und-futtern-mit-adntro\/#breadcrumb\",\"itemListElement\":[{\"@type\":\"ListItem\",\"position\":1,\"name\":\"Home\",\"item\":\"https:\/\/adntro.com\/de\/\"},{\"@type\":\"ListItem\",\"position\":2,\"name\":\"Aprende sobre la interacci\u00f3n entre genoma y alimentaci\u00f3n con ADNTRO\"}]},{\"@type\":\"WebSite\",\"@id\":\"https:\/\/adntro.com\/es\/#website\",\"url\":\"https:\/\/adntro.com\/es\/\",\"name\":\"ADNTRO\",\"description\":\"Gen\u00e9tica, salud, nutrici\u00f3n\",\"publisher\":{\"@id\":\"https:\/\/adntro.com\/es\/#organization\"},\"potentialAction\":[{\"@type\":\"SearchAction\",\"target\":{\"@type\":\"EntryPoint\",\"urlTemplate\":\"https:\/\/adntro.com\/es\/?s={search_term_string}\"},\"query-input\":\"required name=search_term_string\"}],\"inLanguage\":\"es\"},{\"@type\":\"Organization\",\"@id\":\"https:\/\/adntro.com\/es\/#organization\",\"name\":\"ADNTRO Genetics\",\"url\":\"https:\/\/adntro.com\/es\/\",\"logo\":{\"@type\":\"ImageObject\",\"inLanguage\":\"es\",\"@id\":\"https:\/\/adntro.com\/es\/#\/schema\/logo\/image\/\",\"url\":\"https:\/\/adntro.com\/wp-content\/uploads\/2021\/08\/android-chrome-512x512-2.png\",\"contentUrl\":\"https:\/\/adntro.com\/wp-content\/uploads\/2021\/08\/android-chrome-512x512-2.png\",\"width\":512,\"height\":512,\"caption\":\"ADNTRO Genetics\"},\"image\":{\"@id\":\"https:\/\/adntro.com\/es\/#\/schema\/logo\/image\/\"},\"sameAs\":[\"https:\/\/www.facebook.com\/ADNTROSPAIN\/\",\"https:\/\/twitter.com\/adntrospain\",\"https:\/\/www.instagram.com\/adntro_\/\",\"https:\/\/www.pinterest.es\/ADNTRO_TEAM\/_saved\/\"]},{\"@type\":\"Person\",\"@id\":\"https:\/\/adntro.com\/es\/#\/schema\/person\/a71eca38b563da2bb60f24d7e71f7d6b\",\"name\":\"Sandra Ferreiro\",\"image\":{\"@type\":\"ImageObject\",\"inLanguage\":\"es\",\"@id\":\"https:\/\/adntro.com\/es\/#\/schema\/person\/image\/\",\"url\":\"https:\/\/secure.gravatar.com\/avatar\/ddaa4448bc53192d65c596cd5119749fb4d7167a3b3d7931d8b0470a2021bdc3?s=96&d=mm&r=g\",\"contentUrl\":\"https:\/\/secure.gravatar.com\/avatar\/ddaa4448bc53192d65c596cd5119749fb4d7167a3b3d7931d8b0470a2021bdc3?s=96&d=mm&r=g\",\"caption\":\"Sandra Ferreiro\"},\"description\":\"Bioinform\u00e1tica y Responsable del \u00e1rea cient\u00edfica en ADNTRO. Biotecn\u00f3loga por la Universidad Francisco de Vitoria, donde recibi\u00f3 dos becas de expediente acad\u00e9mico brillante. Estuvo trabajando en un proyecto de investigaci\u00f3n sobre la asimetr\u00eda izquierda-derecha en Newcastle, siendo premiada en la Conferencia del Centro de Investigaci\u00f3n Cardiovascular Trainees Meeting como el mejor p\u00f3ster (2018). Complet\u00f3 un m\u00e1ster en Biolog\u00eda Computacional en la Universidad Polit\u00e9cnica de Madrid. All\u00ed estudi\u00f3 las redes de interacci\u00f3n metab\u00f3lica en el microbioma de pacientes con Enfermedad de Chron y Colitis Ulcerosa en el centro de investigaci\u00f3n CBGP, centro de Excelencia Severo Ochoa (2020). Desde el 2020 es Bioinform\u00e1tica en ADNTRO donde desarrolla modelos predictivos, realiza anotaciones y an\u00e1lisis de variantes patog\u00e9nicas, investigaci\u00f3n de literatura GWAS y divulgaci\u00f3n cient\u00edfica.\",\"sameAs\":[\"https:\/\/www.linkedin.com\/in\/sandra-ferreiro-lpez-78804016a\/\"],\"url\":\"https:\/\/adntro.com\/es\/blog\/author\/sandra\/\"}]}<\/script>\n<!-- \/ Yoast SEO plugin. -->","yoast_head_json":{"title":"Interacci\u00f3n entre genoma y alimentaci\u00f3n | ADNTRO","description":"La alergia es la respuesta inmunitaria que se produce cuando el organismo entra en contacto con un agente extra\u00f1o o un determinado alimento.","robots":{"index":"index","follow":"follow","max-snippet":"max-snippet:-1","max-image-preview":"max-image-preview:large","max-video-preview":"max-video-preview:-1"},"canonical":"https:\/\/adntro.com\/es\/blog\/ernahrung\/lerne-uber-die-interaktion-zwischen-genom-und-futtern-mit-adntro\/","og_locale":"es_ES","og_type":"article","og_title":"Interacci\u00f3n entre genoma y alimentaci\u00f3n | ADNTRO","og_description":"La alergia es la respuesta inmunitaria que se produce cuando el organismo entra en contacto con un agente extra\u00f1o o un determinado alimento.","og_url":"https:\/\/adntro.com\/es\/blog\/ernahrung\/lerne-uber-die-interaktion-zwischen-genom-und-futtern-mit-adntro\/","og_site_name":"ADNTRO","article_publisher":"https:\/\/www.facebook.com\/ADNTROSPAIN\/","article_published_time":"2020-11-11T14:27:45+00:00","article_modified_time":"2026-03-26T08:33:29+00:00","og_image":[{"width":567,"height":378,"url":"https:\/\/adntro.com\/wp-content\/uploads\/2020\/11\/interaccion-genoma-alimentacion-t.jpg","type":"image\/jpeg"}],"author":"Sandra Ferreiro","twitter_card":"summary_large_image","twitter_creator":"@adntrospain","twitter_site":"@adntrospain","twitter_misc":{"Escrito por":"Sandra Ferreiro","Tiempo de lectura":"6 minutos"},"schema":{"@context":"https:\/\/schema.org","@graph":[{"@type":"Article","@id":"https:\/\/adntro.com\/de\/blog\/ernahrung\/lerne-uber-die-interaktion-zwischen-genom-und-futtern-mit-adntro\/#article","isPartOf":{"@id":"https:\/\/adntro.com\/de\/blog\/ernahrung\/lerne-uber-die-interaktion-zwischen-genom-und-futtern-mit-adntro\/"},"author":{"name":"Sandra Ferreiro","@id":"https:\/\/adntro.com\/es\/#\/schema\/person\/a71eca38b563da2bb60f24d7e71f7d6b"},"headline":"Aprende sobre la interacci\u00f3n entre genoma y alimentaci\u00f3n con ADNTRO","datePublished":"2020-11-11T14:27:45+00:00","dateModified":"2026-03-26T08:33:29+00:00","mainEntityOfPage":{"@id":"https:\/\/adntro.com\/de\/blog\/ernahrung\/lerne-uber-die-interaktion-zwischen-genom-und-futtern-mit-adntro\/"},"wordCount":1281,"publisher":{"@id":"https:\/\/adntro.com\/es\/#organization"},"keywords":["ADN","adntro","alimentaci\u00f3n","lactosa","nutrici\u00f3n"],"articleSection":["Nutrigen\u00e9tica"],"inLanguage":"es"},{"@type":"WebPage","@id":"https:\/\/adntro.com\/de\/blog\/ernahrung\/lerne-uber-die-interaktion-zwischen-genom-und-futtern-mit-adntro\/","url":"https:\/\/adntro.com\/de\/blog\/ernahrung\/lerne-uber-die-interaktion-zwischen-genom-und-futtern-mit-adntro\/","name":"Interacci\u00f3n entre genoma y alimentaci\u00f3n | ADNTRO","isPartOf":{"@id":"https:\/\/adntro.com\/es\/#website"},"datePublished":"2020-11-11T14:27:45+00:00","dateModified":"2026-03-26T08:33:29+00:00","description":"La alergia es la respuesta inmunitaria que se produce cuando el organismo entra en contacto con un agente extra\u00f1o o un determinado alimento.","breadcrumb":{"@id":"https:\/\/adntro.com\/de\/blog\/ernahrung\/lerne-uber-die-interaktion-zwischen-genom-und-futtern-mit-adntro\/#breadcrumb"},"inLanguage":"es","potentialAction":[{"@type":"ReadAction","target":["https:\/\/adntro.com\/de\/blog\/ernahrung\/lerne-uber-die-interaktion-zwischen-genom-und-futtern-mit-adntro\/"]}]},{"@type":"BreadcrumbList","@id":"https:\/\/adntro.com\/de\/blog\/ernahrung\/lerne-uber-die-interaktion-zwischen-genom-und-futtern-mit-adntro\/#breadcrumb","itemListElement":[{"@type":"ListItem","position":1,"name":"Home","item":"https:\/\/adntro.com\/de\/"},{"@type":"ListItem","position":2,"name":"Aprende sobre la interacci\u00f3n entre genoma y alimentaci\u00f3n con ADNTRO"}]},{"@type":"WebSite","@id":"https:\/\/adntro.com\/es\/#website","url":"https:\/\/adntro.com\/es\/","name":"ADNTRO","description":"Gen\u00e9tica, salud, nutrici\u00f3n","publisher":{"@id":"https:\/\/adntro.com\/es\/#organization"},"potentialAction":[{"@type":"SearchAction","target":{"@type":"EntryPoint","urlTemplate":"https:\/\/adntro.com\/es\/?s={search_term_string}"},"query-input":"required name=search_term_string"}],"inLanguage":"es"},{"@type":"Organization","@id":"https:\/\/adntro.com\/es\/#organization","name":"ADNTRO Genetics","url":"https:\/\/adntro.com\/es\/","logo":{"@type":"ImageObject","inLanguage":"es","@id":"https:\/\/adntro.com\/es\/#\/schema\/logo\/image\/","url":"https:\/\/adntro.com\/wp-content\/uploads\/2021\/08\/android-chrome-512x512-2.png","contentUrl":"https:\/\/adntro.com\/wp-content\/uploads\/2021\/08\/android-chrome-512x512-2.png","width":512,"height":512,"caption":"ADNTRO Genetics"},"image":{"@id":"https:\/\/adntro.com\/es\/#\/schema\/logo\/image\/"},"sameAs":["https:\/\/www.facebook.com\/ADNTROSPAIN\/","https:\/\/twitter.com\/adntrospain","https:\/\/www.instagram.com\/adntro_\/","https:\/\/www.pinterest.es\/ADNTRO_TEAM\/_saved\/"]},{"@type":"Person","@id":"https:\/\/adntro.com\/es\/#\/schema\/person\/a71eca38b563da2bb60f24d7e71f7d6b","name":"Sandra Ferreiro","image":{"@type":"ImageObject","inLanguage":"es","@id":"https:\/\/adntro.com\/es\/#\/schema\/person\/image\/","url":"https:\/\/secure.gravatar.com\/avatar\/ddaa4448bc53192d65c596cd5119749fb4d7167a3b3d7931d8b0470a2021bdc3?s=96&d=mm&r=g","contentUrl":"https:\/\/secure.gravatar.com\/avatar\/ddaa4448bc53192d65c596cd5119749fb4d7167a3b3d7931d8b0470a2021bdc3?s=96&d=mm&r=g","caption":"Sandra Ferreiro"},"description":"Bioinform\u00e1tica y Responsable del \u00e1rea cient\u00edfica en ADNTRO. Biotecn\u00f3loga por la Universidad Francisco de Vitoria, donde recibi\u00f3 dos becas de expediente acad\u00e9mico brillante. Estuvo trabajando en un proyecto de investigaci\u00f3n sobre la asimetr\u00eda izquierda-derecha en Newcastle, siendo premiada en la Conferencia del Centro de Investigaci\u00f3n Cardiovascular Trainees Meeting como el mejor p\u00f3ster (2018). Complet\u00f3 un m\u00e1ster en Biolog\u00eda Computacional en la Universidad Polit\u00e9cnica de Madrid. All\u00ed estudi\u00f3 las redes de interacci\u00f3n metab\u00f3lica en el microbioma de pacientes con Enfermedad de Chron y Colitis Ulcerosa en el centro de investigaci\u00f3n CBGP, centro de Excelencia Severo Ochoa (2020). Desde el 2020 es Bioinform\u00e1tica en ADNTRO donde desarrolla modelos predictivos, realiza anotaciones y an\u00e1lisis de variantes patog\u00e9nicas, investigaci\u00f3n de literatura GWAS y divulgaci\u00f3n cient\u00edfica.","sameAs":["https:\/\/www.linkedin.com\/in\/sandra-ferreiro-lpez-78804016a\/"],"url":"https:\/\/adntro.com\/es\/blog\/author\/sandra\/"}]}},"_links":{"self":[{"href":"https:\/\/adntro.com\/es\/wp-json\/wp\/v2\/posts\/1971","targetHints":{"allow":["GET"]}}],"collection":[{"href":"https:\/\/adntro.com\/es\/wp-json\/wp\/v2\/posts"}],"about":[{"href":"https:\/\/adntro.com\/es\/wp-json\/wp\/v2\/types\/post"}],"author":[{"embeddable":true,"href":"https:\/\/adntro.com\/es\/wp-json\/wp\/v2\/users\/8"}],"replies":[{"embeddable":true,"href":"https:\/\/adntro.com\/es\/wp-json\/wp\/v2\/comments?post=1971"}],"version-history":[{"count":27,"href":"https:\/\/adntro.com\/es\/wp-json\/wp\/v2\/posts\/1971\/revisions"}],"predecessor-version":[{"id":18127,"href":"https:\/\/adntro.com\/es\/wp-json\/wp\/v2\/posts\/1971\/revisions\/18127"}],"wp:featuredmedia":[{"embeddable":true,"href":"https:\/\/adntro.com\/es\/wp-json\/wp\/v2\/media\/5489"}],"wp:attachment":[{"href":"https:\/\/adntro.com\/es\/wp-json\/wp\/v2\/media?parent=1971"}],"wp:term":[{"taxonomy":"category","embeddable":true,"href":"https:\/\/adntro.com\/es\/wp-json\/wp\/v2\/categories?post=1971"},{"taxonomy":"post_tag","embeddable":true,"href":"https:\/\/adntro.com\/es\/wp-json\/wp\/v2\/tags?post=1971"}],"curies":[{"name":"wp","href":"https:\/\/api.w.org\/{rel}","templated":true}]}}