{"id":17031,"date":"2025-04-24T09:42:39","date_gmt":"2025-04-24T07:42:39","guid":{"rendered":"https:\/\/adntro.com\/?p=17031"},"modified":"2025-07-24T12:48:04","modified_gmt":"2025-07-24T10:48:04","slug":"lecanemab-perfil-genetico-apoe","status":"publish","type":"post","link":"https:\/\/adntro.com\/es\/blog\/farmacogenetica-farmacogenomica\/lecanemab-perfil-genetico-apoe\/","title":{"rendered":"Tratamiento del Alzheimer con Lecanemab: por qu\u00e9 tu Perfil Gen\u00e9tico (APOE) importa"},"content":{"rendered":"\n<h2 class=\"wp-block-heading\">\u00bfQu\u00e9 es el Alzheimer y c\u00f3mo influye la gen\u00e9tica (APOE)?<\/h2>\n\n\n\n<p><strong>La <a href=\"https:\/\/adntro.com\/es\/blog\/salud\/alzheimer\/\" target=\"_blank\" rel=\"noreferrer noopener\">enfermedad de Alzheimer<\/a> es la forma m\u00e1s com\u00fan de <a href=\"https:\/\/www.who.int\/es\/news-room\/fact-sheets\/detail\/dementia\" target=\"_blank\" rel=\"noreferrer noopener\">demencia<\/a><\/strong>, responsable de entre el 60% y el 80% de los casos. Se considera una condici\u00f3n neurocognitiva vinculada al envejecimiento, ya que su frecuencia aumenta notablemente con la edad. En las poblaciones occidentales, afecta aproximadamente al <strong>1% de las personas de 65 a\u00f1os<\/strong>, pero llega a impactar a una de cada cuatro entre quienes superan los 90. A medida que la poblaci\u00f3n mundial envejece, millones de personas se enfrentan, de forma directa o indirecta, a este diagn\u00f3stico que deteriora la memoria, el razonamiento, la orientaci\u00f3n y, con el tiempo, incluso la capacidad para realizar tareas b\u00e1sicas del d\u00eda a d\u00eda.<\/p>\n\n\n\n<p>Aunque el Alzheimer es una enfermedad compleja influida por m\u00faltiples factores, uno de los <strong>elementos gen\u00e9ticos m\u00e1s estudiados es el gen <em>APOE<\/em><\/strong>. Este gen tiene varias variantes comunes que pueden aumentar o reducir el riesgo de desarrollarla. En especial, las<strong> personas <\/strong>que heredan<strong> dos copias<\/strong> de la variante <strong>APOE-\u03b54<\/strong> presentan un riesgo entre <strong>8 y 10 veces mayor<\/strong> de padecer Alzheimer en comparaci\u00f3n con quienes no la portan.<\/p>\n\n\n<div class=\"wp-block-image\">\n<figure class=\"aligncenter size-full is-resized\"><img fetchpriority=\"high\" decoding=\"async\" width=\"649\" height=\"648\" src=\"https:\/\/adntro.com\/wp-content\/uploads\/2025\/04\/Alzheimer_perfil_genetico_apoe_2.png\" alt=\"Lecanemab y perfil gen\u00e9tico APOE\" class=\"wp-image-17035\" style=\"width:413px;height:auto\" srcset=\"https:\/\/adntro.com\/wp-content\/uploads\/2025\/04\/Alzheimer_perfil_genetico_apoe_2.png 649w, https:\/\/adntro.com\/wp-content\/uploads\/2025\/04\/Alzheimer_perfil_genetico_apoe_2-300x300.png 300w, https:\/\/adntro.com\/wp-content\/uploads\/2025\/04\/Alzheimer_perfil_genetico_apoe_2-150x150.png 150w, https:\/\/adntro.com\/wp-content\/uploads\/2025\/04\/Alzheimer_perfil_genetico_apoe_2-12x12.png 12w\" sizes=\"(max-width: 649px) 100vw, 649px\" \/><\/figure>\n<\/div>\n\n\n<h2 class=\"wp-block-heading\">\u00bfQu\u00e9 es lecanemab y por qu\u00e9 es importante conocer el perfil gen\u00e9tico (APOE)?<\/h2>\n\n\n\n<p>El revolucionario <strong>f\u00e1rmaco lecanemab <\/strong>se centra en <strong>ralentizar el deterioro cognitivo en las etapas tempranas del Alzheimer<\/strong>. Se trata de un anticuerpo monoclonal comercializado como <strong><a href=\"https:\/\/www.leqembi.com\/es\" target=\"_blank\" rel=\"noreferrer noopener\">Leqembi<\/a><\/strong>. Su misi\u00f3n es atacar directamente a una de las causas del Alzheimer: la <strong>acumulaci\u00f3n <\/strong>an\u00f3mala de una prote\u00edna llamada <strong>beta-amiloide<\/strong> en el cerebro. Esta prote\u00edna al agruparse forma placas neur\u00edticas relacionadas con la muerte de neuronas y la p\u00e9rdida de funciones cognitivas. Lecanemab se une a estos agregados y los <strong>se\u00f1ala para que el sistema inmunitario los reconozca y los elimine<\/strong>. Esto ayuda a reducir la acumulaci\u00f3n de <strong>beta-amiloide<\/strong> en el cerebro.<\/p>\n\n\n\n<p>Este <strong>f\u00e1rmaco<\/strong> ha sido <strong>aprobado por la Comisi\u00f3n Europea<\/strong>\u00a0(CE) el 15 de Abril del 2025 para tratar el deterioro cognitivo leve en las primeras fases de la enfermedad de Alzheimer en la Uni\u00f3n Europea. Con el objetivo de disminuir los efectos secundarios del f\u00e1rmaco, se ha aprobado<strong> \u00fanicamente para pacientes <\/strong>con placas de beta amiloide en el cerebro que solo tengan <strong>una copia o ninguna de ApoE4.<\/strong><\/p>\n\n\n\n<p>Acorde con la EMA, \u00ab<strong>los pacientes con una sola copia o ninguna copia de\u00a0<em>ApoE4<\/em>\u00a0tienen menos probabilidades de experimentar<\/strong> anomal\u00edas de imagen relacionadas con el amiloide (ARIA) que las personas con dos copias de\u00a0<em>ApoE4<\/em>. La ARIA es un <strong>efecto secundario grave<\/strong> reconocido con Leqembi que implica hinchaz\u00f3n y posible hemorragia en el cerebro\u00bb.<\/p>\n\n\n\n<p>Adem\u00e1s de las condiciones estrictas impuestas por la Comisi\u00f3n Europea, por esta misma raz\u00f3n la Administraci\u00f3n de Alimentos y Medicamentos de EE. UU. (<strong>FDA<\/strong>), la cual aprob\u00f3 el uso de este medicamento en EEUU hace un a\u00f1o, <strong>recomienda realizarse una prueba gen\u00e9tica para detectar esta variante antes de comenzar el tratamiento.<\/strong><\/p>\n\n\n<div class=\"wp-block-image\">\n<figure class=\"aligncenter size-full is-resized\"><img decoding=\"async\" width=\"648\" height=\"645\" src=\"https:\/\/adntro.com\/wp-content\/uploads\/2025\/04\/regulacion_lecanemab_2.png\" alt=\"Lecanemab aprobado\" class=\"wp-image-17037\" style=\"width:374px;height:auto\" srcset=\"https:\/\/adntro.com\/wp-content\/uploads\/2025\/04\/regulacion_lecanemab_2.png 648w, https:\/\/adntro.com\/wp-content\/uploads\/2025\/04\/regulacion_lecanemab_2-300x300.png 300w, https:\/\/adntro.com\/wp-content\/uploads\/2025\/04\/regulacion_lecanemab_2-150x150.png 150w, https:\/\/adntro.com\/wp-content\/uploads\/2025\/04\/regulacion_lecanemab_2-12x12.png 12w\" sizes=\"(max-width: 648px) 100vw, 648px\" \/><\/figure>\n<\/div>\n\n\n<h2 class=\"wp-block-heading\">\u00bfC\u00f3mo puedo conocer mi perfil gen\u00e9tico de APOE?<\/h2>\n\n\n\n<p>La configuraci\u00f3n del gen <strong><em>APOE<\/em><\/strong> se determina seg\u00fan la combinaci\u00f3n de dos variantes gen\u00e9ticas. Gracias a los avances en gen\u00e9tica, hoy es posible conocer esta informaci\u00f3n de forma r\u00e1pida, sencilla y asequible mediante distintas tecnolog\u00edas. Empresas como <strong><a href=\"http:\/\/adntro.com\">ADNTRO<\/a> ofrecen an\u00e1lisis gen\u00e9ticos accesibles que permiten identificar si una persona porta<\/strong> variantes como <strong><a href=\"https:\/\/www.ncbi.nlm.nih.gov\/gene\/348\" target=\"_blank\" rel=\"noreferrer noopener\">APOE<\/a>-\u03b54<\/strong>, clave para evaluar el riesgo de Alzheimer y la idoneidad de tratamientos como lecanemab.<\/p>\n\n\n\n<h2 class=\"wp-block-heading\">\u00bfQu\u00e9 dice la evidencia sobre el efecto de Lecanemab?<\/h2>\n\n\n\n<p>El <strong>ensayo cl\u00ednico<\/strong> m\u00e1s importante que respalda a lecanemab se llama <strong>CLARITY<\/strong>, un estudio de fase 3 con <strong>1.800 participantes<\/strong> afectadas de deterioro cognitivo leve o en fase leve de demencia a consecuencia del Alzheimer.<\/p>\n\n\n\n<p>En dicho ensayo, los pacientes fueron tratados con lecanemab durante 18 meses observando que <strong>el f\u00e1rmaco ralentiz\u00f3 un 27% el deterioro cognitivo<\/strong> respecto a aquellos que recibieron placebo.<\/p>\n\n\n\n<p>Como todo medicamento, lecanemab puede presentar <strong>efectos secundarios<\/strong> como mareos, dolor de cabeza, cambios en la visi\u00f3n, empeoramiento de la confusi\u00f3n, hinchaz\u00f3n o sangrado cerebral y encogimiento cerebral. Por ese motivo, la Comisi\u00f3n Europea ha delimitado  el uso de este medicamento en pacientes con ninguna o una copia de la configuraci\u00f3n APOE-\u03b54. Excluyendo a pacientes con mayor riesgo de desarrollar efectos adversos graves.<\/p>\n","protected":false},"excerpt":{"rendered":"<p>\u00bfQu\u00e9 es el Alzheimer y c\u00f3mo influye la gen\u00e9tica (APOE)? La enfermedad de Alzheimer es la forma m\u00e1s com\u00fan de demencia, responsable de entre el 60% y el 80% de los casos. Se considera una condici\u00f3n neurocognitiva vinculada al envejecimiento, ya que su frecuencia aumenta notablemente con la edad. En las poblaciones occidentales, afecta aproximadamente [&hellip;]<\/p>\n","protected":false},"author":8,"featured_media":17037,"comment_status":"closed","ping_status":"open","sticky":false,"template":"","format":"standard","meta":{"footnotes":""},"categories":[36],"tags":[42,417,418,671,673,670,672,668,669,20],"class_list":["post-17031","post","type-post","status-publish","format-standard","has-post-thumbnail","hentry","category-farmacogenetica-farmacogenomica","tag-adntro","tag-alzheimer","tag-apoe","tag-ce","tag-e4","tag-ema","tag-fda","tag-lecanemab","tag-leqembi","tag-snp"],"yoast_head":"<!-- This site is optimized with the Yoast SEO plugin v22.0 - https:\/\/yoast.com\/wordpress\/plugins\/seo\/ -->\n<title>Lecanemab y perfil gen\u00e9tico APOE<\/title>\n<meta name=\"description\" content=\"\u00bfLecanemab se puede usar en todos los pacientes de alzheimer? No, el perfil gen\u00e9tico (APOE) es clave para la administraci\u00f3n de lecanemab\" \/>\n<meta name=\"robots\" content=\"index, follow, max-snippet:-1, max-image-preview:large, max-video-preview:-1\" \/>\n<link rel=\"canonical\" href=\"https:\/\/adntro.com\/es\/blog\/farmacogenetica-farmacogenomica\/lecanemab-perfil-genetico-apoe\/\" \/>\n<meta property=\"og:locale\" content=\"es_ES\" \/>\n<meta property=\"og:type\" content=\"article\" \/>\n<meta property=\"og:title\" content=\"Lecanemab y perfil gen\u00e9tico APOE\" \/>\n<meta property=\"og:description\" content=\"\u00bfLecanemab se puede usar en todos los pacientes de alzheimer? No, el perfil gen\u00e9tico (APOE) es clave para la administraci\u00f3n de lecanemab\" \/>\n<meta property=\"og:url\" content=\"https:\/\/adntro.com\/es\/blog\/farmacogenetica-farmacogenomica\/lecanemab-perfil-genetico-apoe\/\" \/>\n<meta property=\"og:site_name\" content=\"ADNTRO\" \/>\n<meta property=\"article:publisher\" content=\"https:\/\/www.facebook.com\/ADNTROSPAIN\/\" \/>\n<meta property=\"article:published_time\" content=\"2025-04-24T07:42:39+00:00\" \/>\n<meta property=\"article:modified_time\" content=\"2025-07-24T10:48:04+00:00\" \/>\n<meta property=\"og:image\" content=\"https:\/\/adntro.com\/wp-content\/uploads\/2025\/04\/regulacion_lecanemab_2.png\" \/>\n\t<meta property=\"og:image:width\" content=\"648\" \/>\n\t<meta property=\"og:image:height\" content=\"645\" \/>\n\t<meta property=\"og:image:type\" content=\"image\/png\" \/>\n<meta name=\"author\" content=\"Sandra Ferreiro\" \/>\n<meta name=\"twitter:card\" content=\"summary_large_image\" \/>\n<meta name=\"twitter:creator\" content=\"@adntrospain\" \/>\n<meta name=\"twitter:site\" content=\"@adntrospain\" \/>\n<meta name=\"twitter:label1\" content=\"Escrito por\" \/>\n\t<meta name=\"twitter:data1\" content=\"Sandra Ferreiro\" \/>\n\t<meta name=\"twitter:label2\" content=\"Tiempo de lectura\" \/>\n\t<meta name=\"twitter:data2\" content=\"4 minutos\" \/>\n<script type=\"application\/ld+json\" class=\"yoast-schema-graph\">{\"@context\":\"https:\/\/schema.org\",\"@graph\":[{\"@type\":\"Article\",\"@id\":\"https:\/\/adntro.com\/es\/blog\/farmacogenetica-farmacogenomica\/lecanemab-perfil-genetico-apoe\/#article\",\"isPartOf\":{\"@id\":\"https:\/\/adntro.com\/es\/blog\/farmacogenetica-farmacogenomica\/lecanemab-perfil-genetico-apoe\/\"},\"author\":{\"name\":\"Sandra Ferreiro\",\"@id\":\"https:\/\/adntro.com\/de\/#\/schema\/person\/a71eca38b563da2bb60f24d7e71f7d6b\"},\"headline\":\"Tratamiento del Alzheimer con Lecanemab: por qu\u00e9 tu Perfil Gen\u00e9tico (APOE) importa\",\"datePublished\":\"2025-04-24T07:42:39+00:00\",\"dateModified\":\"2025-07-24T10:48:04+00:00\",\"mainEntityOfPage\":{\"@id\":\"https:\/\/adntro.com\/es\/blog\/farmacogenetica-farmacogenomica\/lecanemab-perfil-genetico-apoe\/\"},\"wordCount\":741,\"publisher\":{\"@id\":\"https:\/\/adntro.com\/de\/#organization\"},\"keywords\":[\"adntro\",\"alzheimer\",\"APOE\",\"CE\",\"E4\",\"EMA\",\"FDA\",\"lecanemab\",\"leqembi\",\"SNP\"],\"articleSection\":[\"Farmacogen\u00e9tica y farmacogen\u00f3mica\"],\"inLanguage\":\"es\"},{\"@type\":\"WebPage\",\"@id\":\"https:\/\/adntro.com\/es\/blog\/farmacogenetica-farmacogenomica\/lecanemab-perfil-genetico-apoe\/\",\"url\":\"https:\/\/adntro.com\/es\/blog\/farmacogenetica-farmacogenomica\/lecanemab-perfil-genetico-apoe\/\",\"name\":\"Lecanemab y perfil gen\u00e9tico APOE\",\"isPartOf\":{\"@id\":\"https:\/\/adntro.com\/de\/#website\"},\"datePublished\":\"2025-04-24T07:42:39+00:00\",\"dateModified\":\"2025-07-24T10:48:04+00:00\",\"description\":\"\u00bfLecanemab se puede usar en todos los pacientes de alzheimer? No, el perfil gen\u00e9tico (APOE) es clave para la administraci\u00f3n de lecanemab\",\"breadcrumb\":{\"@id\":\"https:\/\/adntro.com\/es\/blog\/farmacogenetica-farmacogenomica\/lecanemab-perfil-genetico-apoe\/#breadcrumb\"},\"inLanguage\":\"es\",\"potentialAction\":[{\"@type\":\"ReadAction\",\"target\":[\"https:\/\/adntro.com\/es\/blog\/farmacogenetica-farmacogenomica\/lecanemab-perfil-genetico-apoe\/\"]}]},{\"@type\":\"BreadcrumbList\",\"@id\":\"https:\/\/adntro.com\/es\/blog\/farmacogenetica-farmacogenomica\/lecanemab-perfil-genetico-apoe\/#breadcrumb\",\"itemListElement\":[{\"@type\":\"ListItem\",\"position\":1,\"name\":\"Home\",\"item\":\"https:\/\/adntro.com\/es\/\"},{\"@type\":\"ListItem\",\"position\":2,\"name\":\"Tratamiento del Alzheimer con Lecanemab: por qu\u00e9 tu Perfil Gen\u00e9tico (APOE) importa\"}]},{\"@type\":\"WebSite\",\"@id\":\"https:\/\/adntro.com\/de\/#website\",\"url\":\"https:\/\/adntro.com\/de\/\",\"name\":\"ADNTRO\",\"description\":\"Gen\u00e9tica, salud, nutrici\u00f3n\",\"publisher\":{\"@id\":\"https:\/\/adntro.com\/de\/#organization\"},\"potentialAction\":[{\"@type\":\"SearchAction\",\"target\":{\"@type\":\"EntryPoint\",\"urlTemplate\":\"https:\/\/adntro.com\/de\/?s={search_term_string}\"},\"query-input\":\"required name=search_term_string\"}],\"inLanguage\":\"es\"},{\"@type\":\"Organization\",\"@id\":\"https:\/\/adntro.com\/de\/#organization\",\"name\":\"ADNTRO Genetics\",\"url\":\"https:\/\/adntro.com\/de\/\",\"logo\":{\"@type\":\"ImageObject\",\"inLanguage\":\"es\",\"@id\":\"https:\/\/adntro.com\/de\/#\/schema\/logo\/image\/\",\"url\":\"https:\/\/adntro.com\/wp-content\/uploads\/2021\/08\/android-chrome-512x512-2.png\",\"contentUrl\":\"https:\/\/adntro.com\/wp-content\/uploads\/2021\/08\/android-chrome-512x512-2.png\",\"width\":512,\"height\":512,\"caption\":\"ADNTRO Genetics\"},\"image\":{\"@id\":\"https:\/\/adntro.com\/de\/#\/schema\/logo\/image\/\"},\"sameAs\":[\"https:\/\/www.facebook.com\/ADNTROSPAIN\/\",\"https:\/\/twitter.com\/adntrospain\",\"https:\/\/www.instagram.com\/adntro_\/\",\"https:\/\/www.pinterest.es\/ADNTRO_TEAM\/_saved\/\"]},{\"@type\":\"Person\",\"@id\":\"https:\/\/adntro.com\/de\/#\/schema\/person\/a71eca38b563da2bb60f24d7e71f7d6b\",\"name\":\"Sandra Ferreiro\",\"image\":{\"@type\":\"ImageObject\",\"inLanguage\":\"es\",\"@id\":\"https:\/\/adntro.com\/de\/#\/schema\/person\/image\/\",\"url\":\"https:\/\/secure.gravatar.com\/avatar\/ddaa4448bc53192d65c596cd5119749fb4d7167a3b3d7931d8b0470a2021bdc3?s=96&d=mm&r=g\",\"contentUrl\":\"https:\/\/secure.gravatar.com\/avatar\/ddaa4448bc53192d65c596cd5119749fb4d7167a3b3d7931d8b0470a2021bdc3?s=96&d=mm&r=g\",\"caption\":\"Sandra Ferreiro\"},\"description\":\"Bioinform\u00e1tica y Responsable del \u00e1rea cient\u00edfica en ADNTRO. Biotecn\u00f3loga por la Universidad Francisco de Vitoria, donde recibi\u00f3 dos becas de expediente acad\u00e9mico brillante. Estuvo trabajando en un proyecto de investigaci\u00f3n sobre la asimetr\u00eda izquierda-derecha en Newcastle, siendo premiada en la Conferencia del Centro de Investigaci\u00f3n Cardiovascular Trainees Meeting como el mejor p\u00f3ster (2018). Complet\u00f3 un m\u00e1ster en Biolog\u00eda Computacional en la Universidad Polit\u00e9cnica de Madrid. All\u00ed estudi\u00f3 las redes de interacci\u00f3n metab\u00f3lica en el microbioma de pacientes con Enfermedad de Chron y Colitis Ulcerosa en el centro de investigaci\u00f3n CBGP, centro de Excelencia Severo Ochoa (2020). Desde el 2020 es Bioinform\u00e1tica en ADNTRO donde desarrolla modelos predictivos, realiza anotaciones y an\u00e1lisis de variantes patog\u00e9nicas, investigaci\u00f3n de literatura GWAS y divulgaci\u00f3n cient\u00edfica.\",\"sameAs\":[\"https:\/\/www.linkedin.com\/in\/sandra-ferreiro-lpez-78804016a\/\"],\"url\":\"https:\/\/adntro.com\/es\/blog\/author\/sandra\/\"}]}<\/script>\n<!-- \/ Yoast SEO plugin. -->","yoast_head_json":{"title":"Lecanemab y perfil gen\u00e9tico APOE","description":"\u00bfLecanemab se puede usar en todos los pacientes de alzheimer? No, el perfil gen\u00e9tico (APOE) es clave para la administraci\u00f3n de lecanemab","robots":{"index":"index","follow":"follow","max-snippet":"max-snippet:-1","max-image-preview":"max-image-preview:large","max-video-preview":"max-video-preview:-1"},"canonical":"https:\/\/adntro.com\/es\/blog\/farmacogenetica-farmacogenomica\/lecanemab-perfil-genetico-apoe\/","og_locale":"es_ES","og_type":"article","og_title":"Lecanemab y perfil gen\u00e9tico APOE","og_description":"\u00bfLecanemab se puede usar en todos los pacientes de alzheimer? No, el perfil gen\u00e9tico (APOE) es clave para la administraci\u00f3n de lecanemab","og_url":"https:\/\/adntro.com\/es\/blog\/farmacogenetica-farmacogenomica\/lecanemab-perfil-genetico-apoe\/","og_site_name":"ADNTRO","article_publisher":"https:\/\/www.facebook.com\/ADNTROSPAIN\/","article_published_time":"2025-04-24T07:42:39+00:00","article_modified_time":"2025-07-24T10:48:04+00:00","og_image":[{"width":648,"height":645,"url":"https:\/\/adntro.com\/wp-content\/uploads\/2025\/04\/regulacion_lecanemab_2.png","type":"image\/png"}],"author":"Sandra Ferreiro","twitter_card":"summary_large_image","twitter_creator":"@adntrospain","twitter_site":"@adntrospain","twitter_misc":{"Escrito por":"Sandra Ferreiro","Tiempo de lectura":"4 minutos"},"schema":{"@context":"https:\/\/schema.org","@graph":[{"@type":"Article","@id":"https:\/\/adntro.com\/es\/blog\/farmacogenetica-farmacogenomica\/lecanemab-perfil-genetico-apoe\/#article","isPartOf":{"@id":"https:\/\/adntro.com\/es\/blog\/farmacogenetica-farmacogenomica\/lecanemab-perfil-genetico-apoe\/"},"author":{"name":"Sandra Ferreiro","@id":"https:\/\/adntro.com\/de\/#\/schema\/person\/a71eca38b563da2bb60f24d7e71f7d6b"},"headline":"Tratamiento del Alzheimer con Lecanemab: por qu\u00e9 tu Perfil Gen\u00e9tico (APOE) importa","datePublished":"2025-04-24T07:42:39+00:00","dateModified":"2025-07-24T10:48:04+00:00","mainEntityOfPage":{"@id":"https:\/\/adntro.com\/es\/blog\/farmacogenetica-farmacogenomica\/lecanemab-perfil-genetico-apoe\/"},"wordCount":741,"publisher":{"@id":"https:\/\/adntro.com\/de\/#organization"},"keywords":["adntro","alzheimer","APOE","CE","E4","EMA","FDA","lecanemab","leqembi","SNP"],"articleSection":["Farmacogen\u00e9tica y farmacogen\u00f3mica"],"inLanguage":"es"},{"@type":"WebPage","@id":"https:\/\/adntro.com\/es\/blog\/farmacogenetica-farmacogenomica\/lecanemab-perfil-genetico-apoe\/","url":"https:\/\/adntro.com\/es\/blog\/farmacogenetica-farmacogenomica\/lecanemab-perfil-genetico-apoe\/","name":"Lecanemab y perfil gen\u00e9tico APOE","isPartOf":{"@id":"https:\/\/adntro.com\/de\/#website"},"datePublished":"2025-04-24T07:42:39+00:00","dateModified":"2025-07-24T10:48:04+00:00","description":"\u00bfLecanemab se puede usar en todos los pacientes de alzheimer? No, el perfil gen\u00e9tico (APOE) es clave para la administraci\u00f3n de lecanemab","breadcrumb":{"@id":"https:\/\/adntro.com\/es\/blog\/farmacogenetica-farmacogenomica\/lecanemab-perfil-genetico-apoe\/#breadcrumb"},"inLanguage":"es","potentialAction":[{"@type":"ReadAction","target":["https:\/\/adntro.com\/es\/blog\/farmacogenetica-farmacogenomica\/lecanemab-perfil-genetico-apoe\/"]}]},{"@type":"BreadcrumbList","@id":"https:\/\/adntro.com\/es\/blog\/farmacogenetica-farmacogenomica\/lecanemab-perfil-genetico-apoe\/#breadcrumb","itemListElement":[{"@type":"ListItem","position":1,"name":"Home","item":"https:\/\/adntro.com\/es\/"},{"@type":"ListItem","position":2,"name":"Tratamiento del Alzheimer con Lecanemab: por qu\u00e9 tu Perfil Gen\u00e9tico (APOE) importa"}]},{"@type":"WebSite","@id":"https:\/\/adntro.com\/de\/#website","url":"https:\/\/adntro.com\/de\/","name":"ADNTRO","description":"Gen\u00e9tica, salud, nutrici\u00f3n","publisher":{"@id":"https:\/\/adntro.com\/de\/#organization"},"potentialAction":[{"@type":"SearchAction","target":{"@type":"EntryPoint","urlTemplate":"https:\/\/adntro.com\/de\/?s={search_term_string}"},"query-input":"required name=search_term_string"}],"inLanguage":"es"},{"@type":"Organization","@id":"https:\/\/adntro.com\/de\/#organization","name":"ADNTRO Genetics","url":"https:\/\/adntro.com\/de\/","logo":{"@type":"ImageObject","inLanguage":"es","@id":"https:\/\/adntro.com\/de\/#\/schema\/logo\/image\/","url":"https:\/\/adntro.com\/wp-content\/uploads\/2021\/08\/android-chrome-512x512-2.png","contentUrl":"https:\/\/adntro.com\/wp-content\/uploads\/2021\/08\/android-chrome-512x512-2.png","width":512,"height":512,"caption":"ADNTRO Genetics"},"image":{"@id":"https:\/\/adntro.com\/de\/#\/schema\/logo\/image\/"},"sameAs":["https:\/\/www.facebook.com\/ADNTROSPAIN\/","https:\/\/twitter.com\/adntrospain","https:\/\/www.instagram.com\/adntro_\/","https:\/\/www.pinterest.es\/ADNTRO_TEAM\/_saved\/"]},{"@type":"Person","@id":"https:\/\/adntro.com\/de\/#\/schema\/person\/a71eca38b563da2bb60f24d7e71f7d6b","name":"Sandra Ferreiro","image":{"@type":"ImageObject","inLanguage":"es","@id":"https:\/\/adntro.com\/de\/#\/schema\/person\/image\/","url":"https:\/\/secure.gravatar.com\/avatar\/ddaa4448bc53192d65c596cd5119749fb4d7167a3b3d7931d8b0470a2021bdc3?s=96&d=mm&r=g","contentUrl":"https:\/\/secure.gravatar.com\/avatar\/ddaa4448bc53192d65c596cd5119749fb4d7167a3b3d7931d8b0470a2021bdc3?s=96&d=mm&r=g","caption":"Sandra Ferreiro"},"description":"Bioinform\u00e1tica y Responsable del \u00e1rea cient\u00edfica en ADNTRO. Biotecn\u00f3loga por la Universidad Francisco de Vitoria, donde recibi\u00f3 dos becas de expediente acad\u00e9mico brillante. Estuvo trabajando en un proyecto de investigaci\u00f3n sobre la asimetr\u00eda izquierda-derecha en Newcastle, siendo premiada en la Conferencia del Centro de Investigaci\u00f3n Cardiovascular Trainees Meeting como el mejor p\u00f3ster (2018). Complet\u00f3 un m\u00e1ster en Biolog\u00eda Computacional en la Universidad Polit\u00e9cnica de Madrid. All\u00ed estudi\u00f3 las redes de interacci\u00f3n metab\u00f3lica en el microbioma de pacientes con Enfermedad de Chron y Colitis Ulcerosa en el centro de investigaci\u00f3n CBGP, centro de Excelencia Severo Ochoa (2020). Desde el 2020 es Bioinform\u00e1tica en ADNTRO donde desarrolla modelos predictivos, realiza anotaciones y an\u00e1lisis de variantes patog\u00e9nicas, investigaci\u00f3n de literatura GWAS y divulgaci\u00f3n cient\u00edfica.","sameAs":["https:\/\/www.linkedin.com\/in\/sandra-ferreiro-lpez-78804016a\/"],"url":"https:\/\/adntro.com\/es\/blog\/author\/sandra\/"}]}},"_links":{"self":[{"href":"https:\/\/adntro.com\/es\/wp-json\/wp\/v2\/posts\/17031","targetHints":{"allow":["GET"]}}],"collection":[{"href":"https:\/\/adntro.com\/es\/wp-json\/wp\/v2\/posts"}],"about":[{"href":"https:\/\/adntro.com\/es\/wp-json\/wp\/v2\/types\/post"}],"author":[{"embeddable":true,"href":"https:\/\/adntro.com\/es\/wp-json\/wp\/v2\/users\/8"}],"replies":[{"embeddable":true,"href":"https:\/\/adntro.com\/es\/wp-json\/wp\/v2\/comments?post=17031"}],"version-history":[{"count":6,"href":"https:\/\/adntro.com\/es\/wp-json\/wp\/v2\/posts\/17031\/revisions"}],"predecessor-version":[{"id":17041,"href":"https:\/\/adntro.com\/es\/wp-json\/wp\/v2\/posts\/17031\/revisions\/17041"}],"wp:featuredmedia":[{"embeddable":true,"href":"https:\/\/adntro.com\/es\/wp-json\/wp\/v2\/media\/17037"}],"wp:attachment":[{"href":"https:\/\/adntro.com\/es\/wp-json\/wp\/v2\/media?parent=17031"}],"wp:term":[{"taxonomy":"category","embeddable":true,"href":"https:\/\/adntro.com\/es\/wp-json\/wp\/v2\/categories?post=17031"},{"taxonomy":"post_tag","embeddable":true,"href":"https:\/\/adntro.com\/es\/wp-json\/wp\/v2\/tags?post=17031"}],"curies":[{"name":"wp","href":"https:\/\/api.w.org\/{rel}","templated":true}]}}