{"id":12446,"date":"2023-12-01T12:15:02","date_gmt":"2023-12-01T11:15:02","guid":{"rendered":"https:\/\/adntro.com\/?p=12446"},"modified":"2024-04-29T17:58:45","modified_gmt":"2024-04-29T15:58:45","slug":"calvicie-genetica","status":"publish","type":"post","link":"https:\/\/adntro.com\/es\/blog\/salud\/calvicie-genetica\/","title":{"rendered":"\u00bfLa calvicie depende de la gen\u00e9tica?"},"content":{"rendered":"\n<p><strong>La calvicie<\/strong> es una preocupaci\u00f3n com\u00fan para muchas personas que <strong>afecta aproximadamente al 40% de la poblaci\u00f3n espa\u00f1ola superior a 35 a\u00f1os<\/strong>. Una de las cuestiones m\u00e1s importantes para muchos es si quedarse calvo depende de los genes. En este art\u00edculo, exploraremos la <strong>relaci\u00f3n entre la gen\u00e9tica y la calvicie com\u00fan<\/strong> tambi\u00e9n conocida como alopecia androg\u00e9nica o androgen\u00e9tica.<\/p>\n\n\n<div class=\"wp-block-image\">\n<figure class=\"aligncenter size-full is-resized\"><img fetchpriority=\"high\" decoding=\"async\" width=\"310\" height=\"430\" src=\"https:\/\/adntro.com\/wp-content\/uploads\/2023\/11\/prevalencia_paises_calvicie.jpg\" alt=\"Prevalencia calvicie en pa\u00edses\" class=\"wp-image-12451\" style=\"width:284px;height:auto\" srcset=\"https:\/\/adntro.com\/wp-content\/uploads\/2023\/11\/prevalencia_paises_calvicie.jpg 310w, https:\/\/adntro.com\/wp-content\/uploads\/2023\/11\/prevalencia_paises_calvicie-216x300.jpg 216w, https:\/\/adntro.com\/wp-content\/uploads\/2023\/11\/prevalencia_paises_calvicie-9x12.jpg 9w\" sizes=\"(max-width: 310px) 100vw, 310px\" \/><\/figure>\n<\/div>\n\n\n<div style=\"height:26px\" aria-hidden=\"true\" class=\"wp-block-spacer\"><\/div>\n\n\n\n<h2 class=\"wp-block-heading\"><strong>\u00bfQu\u00e9 tipos de calvicie existen?<\/strong><\/h2>\n\n\n\n<p>Existen <strong>diversas causas<\/strong> que pueden dar lugar a la p\u00e9rdida de cabello. Dependiendo del \u201ccausante\u201d hablaremos de un tipo de calvicie u otro. Los tipos de calvicie m\u00e1s com\u00fan son:<\/p>\n\n\n\n<ul class=\"wp-block-list\">\n<li><strong><a href=\"https:\/\/adntro.com\/es\/blog\/salud\/alopecia_areata\/\">Alopecia Areata<\/a>:<\/strong> Esta es una forma de calvicie autoinmune en la que el sistema inmunol\u00f3gico ataca los fol\u00edculos capilares, lo que provoca la ca\u00edda repentina y en parches del cabello. Puede afectar a personas de todas las edades y g\u00e9neros. Existen dos casos extremos de alopecia areata en los que se pierde todo el cabello en el cuero cabelludo (alopecia totalis) o en los que se pierde el cabello todo el cuerpo (alopecia universalis). Estas formas de calvicie son menos comunes y m\u00e1s dif\u00edciles de tratar.<\/li>\n\n\n\n<li><strong>Alopecia Cicatricial:<\/strong> En esta forma de calvicie, la p\u00e9rdida de cabello es causada por la destrucci\u00f3n permanente de los fol\u00edculos capilares debido a la inflamaci\u00f3n o cicatrizaci\u00f3n.<\/li>\n\n\n\n<li><strong>Efluvio Tel\u00f3geno:<\/strong> Esta es una forma de p\u00e9rdida temporal de cabello que generalmente ocurre despu\u00e9s de un evento estresante, una cirug\u00eda, una enfermedad o una dieta deficiente. El cabello en fase de crecimiento pasa prematuramente a la fase de reposo y luego se cae, pero generalmente se recupera con el tiempo.<\/li>\n\n\n\n<li><strong>Alopecia Secundaria a Enfermedades o Tratamientos M\u00e9dicos:<\/strong> Algunas enfermedades, como el c\u00e1ncer, y ciertos tratamientos m\u00e9dicos, como la quimioterapia, pueden causar p\u00e9rdida de cabello temporal.<\/li>\n\n\n\n<li><strong><a href=\"https:\/\/adntro.com\/blog\/salud\/calvicie-genetica\/\">Alopecia Androg\u00e9nica:<\/a><\/strong> Tambi\u00e9n conocida como calvicie com\u00fan, es la forma m\u00e1s com\u00fan de calvicie. Afecta tanto a hombres como a mujeres (<a href=\"https:\/\/adntro.com\/blog\/salud\/calvicie-femenina\/\">calvicie femenina<\/a>) y suele ser hereditaria, aunque es m\u00e1s frecuente en hombres. En este caso hablamos de calvicie de patr\u00f3n masculino y es sobre el tipo de calvicie que vamos a tratar en este art\u00edculo.<\/li>\n<\/ul>\n\n\n\n<div style=\"height:20px\" aria-hidden=\"true\" class=\"wp-block-spacer\"><\/div>\n\n\n<div class=\"wp-block-image\">\n<figure class=\"aligncenter size-full is-resized\"><img decoding=\"async\" width=\"1792\" height=\"1024\" src=\"https:\/\/adntro.com\/wp-content\/uploads\/2023\/12\/calvicie.jpg\" alt=\"Calvicie y gen\u00e9tica\" class=\"wp-image-12744\" style=\"width:442px;height:auto\" srcset=\"https:\/\/adntro.com\/wp-content\/uploads\/2023\/12\/calvicie.jpg 1792w, https:\/\/adntro.com\/wp-content\/uploads\/2023\/12\/calvicie-300x171.jpg 300w, https:\/\/adntro.com\/wp-content\/uploads\/2023\/12\/calvicie-1024x585.jpg 1024w, https:\/\/adntro.com\/wp-content\/uploads\/2023\/12\/calvicie-768x439.jpg 768w, https:\/\/adntro.com\/wp-content\/uploads\/2023\/12\/calvicie-1536x878.jpg 1536w, https:\/\/adntro.com\/wp-content\/uploads\/2023\/12\/calvicie-18x10.jpg 18w\" sizes=\"(max-width: 1792px) 100vw, 1792px\" \/><\/figure>\n<\/div>\n\n\n<div style=\"height:26px\" aria-hidden=\"true\" class=\"wp-block-spacer\"><\/div>\n\n\n\n<h2 class=\"wp-block-heading\"><strong>Caracter\u00edsticas de la calvicie com\u00fan masculina<\/strong><\/h2>\n\n\n\n<p>La<strong>&nbsp;alopecia androg\u00e9nica o calvicie com\u00fan<\/strong>&nbsp;tiene un&nbsp;<strong>origen principalmente gen\u00e9tico<\/strong>. Este origen gen\u00e9tico se atribuye principal y originalmente a la gen\u00e9tica materna. Sin embargo, se ha demostrado que la complejidad es mucho mayor. A pesar de que la gen\u00e9tica es uno de los factores de riesgo m\u00e1s importante (<a href=\"https:\/\/adntro.com\/es\/blog\/noticias-corporativas\/heredabilidad\/\">heredabilidad<\/a> del 80%), tambi\u00e9n existen factores ambientales que influyen como el estr\u00e9s, el estilo de vida y las hormonas. Existe un<strong>&nbsp;componente hormonal que act\u00faa sobre los fol\u00edculos pilosos predispuestos gen\u00e9ticamente a sufrir calvicie<\/strong>&nbsp;<strong>provocando<\/strong>, progresivamente, una&nbsp;<strong>atrofia<\/strong>&nbsp;de estos hasta la desaparici\u00f3n completa del cabello (provoca cambios en el ciclo de vida del cabello).<\/p>\n\n\n\n<p>La <strong>hormona dihidrotestosterona<\/strong> (DHT) desempe\u00f1a un papel crucial en la calvicie com\u00fan masculina. Los fol\u00edculos capilares sensibles a la DHT se vuelven m\u00e1s peque\u00f1os con el tiempo, lo que resulta en la p\u00e9rdida de cabello.<\/p>\n\n\n\n<p>Adem\u00e1s de la p\u00e9rdida de cabello visible, el cabello existente a menudo se vuelve m\u00e1s fino y d\u00e9bil en las \u00e1reas afectadas. Esto puede dar la impresi\u00f3n de que el cabello se est\u00e1 volviendo m\u00e1s escaso.<\/p>\n\n\n\n<p>La caracter\u00edstica m\u00e1s distintiva de la calvicie com\u00fan masculina es la progresi\u00f3n gradual con la edad y el <strong>patr\u00f3n de p\u00e9rdida de cabello<\/strong>. Generalmente, comienza con una recesi\u00f3n de la l\u00ednea del cabello en la frente, creando la forma de una \u00abM\u00bb (<strong>patr\u00f3n 2<\/strong>). Con el tiempo, la p\u00e9rdida de cabello puede extenderse hacia la parte superior de la cabeza, formando una \u00abcorona\u00bb (<strong>patr\u00f3n 3<\/strong>). En etapas avanzadas, estos dos patrones de p\u00e9rdida de cabello pueden fusionarse, dejando una franja de cabello en los lados y la parte posterior de la cabeza, que a menudo se denomina \u00abisla de pelo\u00bb (<strong>patr\u00f3n 4<\/strong>).<\/p>\n\n\n\n<div style=\"height:20px\" aria-hidden=\"true\" class=\"wp-block-spacer\"><\/div>\n\n\n<div class=\"wp-block-image\">\n<figure class=\"aligncenter size-full\"><img decoding=\"async\" width=\"567\" height=\"147\" src=\"https:\/\/adntro.com\/wp-content\/uploads\/2023\/11\/patron_calvicie_masculina.png\" alt=\"Patrones de calvicie com\u00fan masculina\" class=\"wp-image-12448\" srcset=\"https:\/\/adntro.com\/wp-content\/uploads\/2023\/11\/patron_calvicie_masculina.png 567w, https:\/\/adntro.com\/wp-content\/uploads\/2023\/11\/patron_calvicie_masculina-300x78.png 300w, https:\/\/adntro.com\/wp-content\/uploads\/2023\/11\/patron_calvicie_masculina-18x5.png 18w\" sizes=\"(max-width: 567px) 100vw, 567px\" \/><\/figure>\n<\/div>\n\n\n<div style=\"height:26px\" aria-hidden=\"true\" class=\"wp-block-spacer\"><\/div>\n\n\n\n<h2 class=\"wp-block-heading\"><strong>Riesgo gen\u00e9tico a desarrollar calvicie<\/strong><\/h2>\n\n\n\n<p>En <strong>ADNTRO <\/strong>utilizamos lo que se conoce como<strong> riesgo polig\u00e9nico<\/strong> para conocer la probabilidad que tienes de sufrir calvicie de patr\u00f3n masculino. Para ello hemos dise\u00f1ados un<strong> algoritmo validado con pacientes<\/strong> diagnosticados con <strong>patr\u00f3n 3 y patr\u00f3n 4<\/strong> con una edad <strong>inferior a 61 a\u00f1os<\/strong> y pacientes clasificados como patr\u00f3n 1 (no calvicie) con una edad superior a 70 a\u00f1os.<\/p>\n\n\n\n<p>Gracias a este algoritmo es posible conocer <strong>c\u00f3mo var\u00eda tu riesgo a sufrir calvicie en base a tu gen\u00e9tica<\/strong>.<\/p>\n\n\n\n<div style=\"height:10px\" aria-hidden=\"true\" class=\"wp-block-spacer\"><\/div>\n\n\n\n<hr class=\"wp-block-separator has-alpha-channel-opacity is-style-wide\"\/>\n\n\n\n<p>\ud83d\ude35\u200b\u200b En Europa, el <strong>40%<\/strong> de los hombres de m\u00e1s de 35 a\u00f1os presentan signos evidentes de calvicie.<\/p>\n\n\n\n<p>\ud83d\ude0e Casi un <strong>80%<\/strong> de los hombres con <strong>riesgo gen\u00e9tico bajo<\/strong> <strong>no<\/strong> desarrollan <strong>calvicie<\/strong>.<\/p>\n\n\n\n<p>\ud83d\ude23 M\u00e1s del <strong>55% <\/strong>de los hombres con<strong> riesgo gen\u00e9tico alto<\/strong> desarrollan <strong>calvicie<\/strong>.<\/p>\n\n\n\n<div style=\"height:22px\" aria-hidden=\"true\" class=\"wp-block-spacer\"><\/div>\n\n\n\n<p class=\"has-text-align-left\">\ud83e\uddec\u200b \u00a1<strong>Descubre tu riesgo gen\u00e9tico con el test gen\u00e9tico de ADNTRO<\/strong>! <\/p>\n\n\n\n<hr class=\"wp-block-separator has-alpha-channel-opacity is-style-wide\"\/>\n\n\n\n<div style=\"height:33px\" aria-hidden=\"true\" class=\"wp-block-spacer\"><\/div>\n\n\n\n<h2 class=\"wp-block-heading\"><strong>Genes asociados a calvicie com\u00fan masculina<\/strong><\/h2>\n\n\n\n<p>Es importante destacar que <strong>la calvicie de patr\u00f3n masculino es un trastorno multifactorial<\/strong>, lo que significa que varios genes contribuyen a su desarrollo adem\u00e1s de interactuar con factores hormonales y ambientales. <strong>Entre los genes asociados<\/strong> con la calvicie com\u00fan masculina <strong>destacan<\/strong> genes relacionados con la se\u00f1alizaci\u00f3n Wnt:<\/p>\n\n\n\n<ul class=\"wp-block-list\">\n<li><strong><a href=\"https:\/\/www.ncbi.nlm.nih.gov\/gene\/?term=WNT10A\" target=\"_blank\" rel=\"noreferrer noopener\"><em>WNT10A<\/em><\/a>:<\/strong> Algunos estudios sugieren que variantes en el gen <em>WNT10A<\/em> pueden estar relacionadas con la predisposici\u00f3n a la calvicie de patr\u00f3n masculino, ya que este gen est\u00e1 involucrado en la formaci\u00f3n de fol\u00edculos capilares.<\/li>\n\n\n\n<li><strong><a href=\"https:\/\/www.ncbi.nlm.nih.gov\/gene\/?term=RSPO2\" target=\"_blank\" rel=\"noreferrer noopener\"><em>RSPO2<\/em><\/a>:<\/strong> <em>RSPO2<\/em> es un gen que se ha asociado con la densidad del cabello y la calvicie. Variantes gen\u00e9ticas en <em>RSPO2<\/em> pueden contribuir a la p\u00e9rdida de cabello.<\/li>\n\n\n\n<li><strong><a href=\"https:\/\/www.ncbi.nlm.nih.gov\/gene\/?term=LGR4\" target=\"_blank\" rel=\"noreferrer noopener\"><em>LGR4<\/em><\/a><\/strong>: Este receptor es parte de la v\u00eda de se\u00f1alizaci\u00f3n Wnt, que como se mencion\u00f3 con <em>WNT10A<\/em>, es crucial para el desarrollo del fol\u00edculo piloso.<\/li>\n\n\n\n<li><strong><a href=\"https:\/\/www.ncbi.nlm.nih.gov\/gene\/?term=TWIST1\" target=\"_blank\" rel=\"noreferrer noopener\"><em>TWIST1<\/em><\/a>:<\/strong> <em>TWIST1<\/em> es un gen que regula el desarrollo del cabello, y se ha estudiado en el contexto de la p\u00e9rdida de cabello.<\/li>\n<\/ul>\n\n\n\n<div style=\"height:35px\" aria-hidden=\"true\" class=\"wp-block-spacer\"><\/div>\n\n\n\n<p class=\"has-medium-font-size\">Forma parte de <a href=\"https:\/\/adntro.com\/es\/\">ADNTRO<\/a> y <strong>conoce tu predisposici\u00f3n gen\u00e9tica <\/strong>frente a la calvicie com\u00fan masculina y otros muchos rasgos as\u00ed como la alopecia areata gracias a nuestro <a href=\"https:\/\/adntro.com\/es\/\">test de adn<\/a>. Si ya est\u00e1s genotipado con otra compa\u00f1\u00eda, <a href=\"https:\/\/adntro.com\/sube-tu-raw-adn-landing\/\">sube tu archivo raw<\/a>.<\/p>\n","protected":false},"excerpt":{"rendered":"<p>La calvicie es una preocupaci\u00f3n com\u00fan para muchas personas que afecta aproximadamente al 40% de la poblaci\u00f3n espa\u00f1ola superior a 35 a\u00f1os. Una de las cuestiones m\u00e1s importantes para muchos es si quedarse calvo depende de los genes. En este art\u00edculo, exploraremos la relaci\u00f3n entre la gen\u00e9tica y la calvicie com\u00fan tambi\u00e9n conocida como alopecia [&hellip;]<\/p>\n","protected":false},"author":8,"featured_media":12744,"comment_status":"closed","ping_status":"open","sticky":false,"template":"","format":"standard","meta":{"footnotes":""},"categories":[430],"tags":[42,32,51],"class_list":["post-12446","post","type-post","status-publish","format-standard","has-post-thumbnail","hentry","category-salud","tag-adntro","tag-salud","tag-snps"],"yoast_head":"<!-- This site is optimized with the Yoast SEO plugin v22.0 - https:\/\/yoast.com\/wordpress\/plugins\/seo\/ -->\n<title>\u00bfLa calvicie depende de la gen\u00e9tica?<\/title>\n<meta name=\"description\" content=\"\u00bfSiempre te has preguntado de qu\u00e9 depende quedarse calvo? Conoce la relaci\u00f3n entre la calvicie y la gen\u00e9tica aqu\u00ed.\" \/>\n<meta name=\"robots\" content=\"index, follow, max-snippet:-1, max-image-preview:large, max-video-preview:-1\" \/>\n<link rel=\"canonical\" href=\"https:\/\/adntro.com\/es\/blog\/salud\/calvicie-genetica\/\" \/>\n<meta property=\"og:locale\" content=\"es_ES\" \/>\n<meta property=\"og:type\" content=\"article\" \/>\n<meta property=\"og:title\" content=\"\u00bfLa calvicie depende de la gen\u00e9tica?\" \/>\n<meta property=\"og:description\" content=\"\u00bfSiempre te has preguntado de qu\u00e9 depende quedarse calvo? Conoce la relaci\u00f3n entre la calvicie y la gen\u00e9tica aqu\u00ed.\" \/>\n<meta property=\"og:url\" content=\"https:\/\/adntro.com\/es\/blog\/salud\/calvicie-genetica\/\" \/>\n<meta property=\"og:site_name\" content=\"ADNTRO\" \/>\n<meta property=\"article:publisher\" content=\"https:\/\/www.facebook.com\/ADNTROSPAIN\/\" \/>\n<meta property=\"article:published_time\" content=\"2023-12-01T11:15:02+00:00\" \/>\n<meta property=\"article:modified_time\" content=\"2024-04-29T15:58:45+00:00\" \/>\n<meta property=\"og:image\" content=\"https:\/\/adntro.com\/wp-content\/uploads\/2023\/12\/calvicie.jpg\" \/>\n\t<meta property=\"og:image:width\" content=\"1792\" \/>\n\t<meta property=\"og:image:height\" content=\"1024\" \/>\n\t<meta property=\"og:image:type\" content=\"image\/jpeg\" \/>\n<meta name=\"author\" content=\"Sandra Ferreiro\" \/>\n<meta name=\"twitter:card\" content=\"summary_large_image\" \/>\n<meta name=\"twitter:creator\" content=\"@adntrospain\" \/>\n<meta name=\"twitter:site\" content=\"@adntrospain\" \/>\n<meta name=\"twitter:label1\" content=\"Escrito por\" \/>\n\t<meta name=\"twitter:data1\" content=\"Sandra Ferreiro\" \/>\n\t<meta name=\"twitter:label2\" content=\"Tiempo de lectura\" \/>\n\t<meta name=\"twitter:data2\" content=\"6 minutos\" \/>\n<script type=\"application\/ld+json\" class=\"yoast-schema-graph\">{\"@context\":\"https:\/\/schema.org\",\"@graph\":[{\"@type\":\"Article\",\"@id\":\"https:\/\/adntro.com\/es\/blog\/salud\/calvicie-genetica\/#article\",\"isPartOf\":{\"@id\":\"https:\/\/adntro.com\/es\/blog\/salud\/calvicie-genetica\/\"},\"author\":{\"name\":\"Sandra Ferreiro\",\"@id\":\"https:\/\/adntro.com\/es\/#\/schema\/person\/a71eca38b563da2bb60f24d7e71f7d6b\"},\"headline\":\"\u00bfLa calvicie depende de la gen\u00e9tica?\",\"datePublished\":\"2023-12-01T11:15:02+00:00\",\"dateModified\":\"2024-04-29T15:58:45+00:00\",\"mainEntityOfPage\":{\"@id\":\"https:\/\/adntro.com\/es\/blog\/salud\/calvicie-genetica\/\"},\"wordCount\":1087,\"publisher\":{\"@id\":\"https:\/\/adntro.com\/es\/#organization\"},\"keywords\":[\"adntro\",\"salud\",\"SNPs\"],\"articleSection\":[\"Salud\"],\"inLanguage\":\"es\"},{\"@type\":\"WebPage\",\"@id\":\"https:\/\/adntro.com\/es\/blog\/salud\/calvicie-genetica\/\",\"url\":\"https:\/\/adntro.com\/es\/blog\/salud\/calvicie-genetica\/\",\"name\":\"\u00bfLa calvicie depende de la gen\u00e9tica?\",\"isPartOf\":{\"@id\":\"https:\/\/adntro.com\/es\/#website\"},\"datePublished\":\"2023-12-01T11:15:02+00:00\",\"dateModified\":\"2024-04-29T15:58:45+00:00\",\"description\":\"\u00bfSiempre te has preguntado de qu\u00e9 depende quedarse calvo? Conoce la relaci\u00f3n entre la calvicie y la gen\u00e9tica aqu\u00ed.\",\"breadcrumb\":{\"@id\":\"https:\/\/adntro.com\/es\/blog\/salud\/calvicie-genetica\/#breadcrumb\"},\"inLanguage\":\"es\",\"potentialAction\":[{\"@type\":\"ReadAction\",\"target\":[\"https:\/\/adntro.com\/es\/blog\/salud\/calvicie-genetica\/\"]}]},{\"@type\":\"BreadcrumbList\",\"@id\":\"https:\/\/adntro.com\/es\/blog\/salud\/calvicie-genetica\/#breadcrumb\",\"itemListElement\":[{\"@type\":\"ListItem\",\"position\":1,\"name\":\"Home\",\"item\":\"https:\/\/adntro.com\/de\/\"},{\"@type\":\"ListItem\",\"position\":2,\"name\":\"\u00bfLa calvicie depende de la gen\u00e9tica?\"}]},{\"@type\":\"WebSite\",\"@id\":\"https:\/\/adntro.com\/es\/#website\",\"url\":\"https:\/\/adntro.com\/es\/\",\"name\":\"ADNTRO\",\"description\":\"Gen\u00e9tica, salud, nutrici\u00f3n\",\"publisher\":{\"@id\":\"https:\/\/adntro.com\/es\/#organization\"},\"potentialAction\":[{\"@type\":\"SearchAction\",\"target\":{\"@type\":\"EntryPoint\",\"urlTemplate\":\"https:\/\/adntro.com\/es\/?s={search_term_string}\"},\"query-input\":\"required name=search_term_string\"}],\"inLanguage\":\"es\"},{\"@type\":\"Organization\",\"@id\":\"https:\/\/adntro.com\/es\/#organization\",\"name\":\"ADNTRO Genetics\",\"url\":\"https:\/\/adntro.com\/es\/\",\"logo\":{\"@type\":\"ImageObject\",\"inLanguage\":\"es\",\"@id\":\"https:\/\/adntro.com\/es\/#\/schema\/logo\/image\/\",\"url\":\"https:\/\/adntro.com\/wp-content\/uploads\/2021\/08\/android-chrome-512x512-2.png\",\"contentUrl\":\"https:\/\/adntro.com\/wp-content\/uploads\/2021\/08\/android-chrome-512x512-2.png\",\"width\":512,\"height\":512,\"caption\":\"ADNTRO Genetics\"},\"image\":{\"@id\":\"https:\/\/adntro.com\/es\/#\/schema\/logo\/image\/\"},\"sameAs\":[\"https:\/\/www.facebook.com\/ADNTROSPAIN\/\",\"https:\/\/twitter.com\/adntrospain\",\"https:\/\/www.instagram.com\/adntro_\/\",\"https:\/\/www.pinterest.es\/ADNTRO_TEAM\/_saved\/\"]},{\"@type\":\"Person\",\"@id\":\"https:\/\/adntro.com\/es\/#\/schema\/person\/a71eca38b563da2bb60f24d7e71f7d6b\",\"name\":\"Sandra Ferreiro\",\"image\":{\"@type\":\"ImageObject\",\"inLanguage\":\"es\",\"@id\":\"https:\/\/adntro.com\/es\/#\/schema\/person\/image\/\",\"url\":\"https:\/\/secure.gravatar.com\/avatar\/ddaa4448bc53192d65c596cd5119749fb4d7167a3b3d7931d8b0470a2021bdc3?s=96&d=mm&r=g\",\"contentUrl\":\"https:\/\/secure.gravatar.com\/avatar\/ddaa4448bc53192d65c596cd5119749fb4d7167a3b3d7931d8b0470a2021bdc3?s=96&d=mm&r=g\",\"caption\":\"Sandra Ferreiro\"},\"description\":\"Bioinform\u00e1tica y Responsable del \u00e1rea cient\u00edfica en ADNTRO. Biotecn\u00f3loga por la Universidad Francisco de Vitoria, donde recibi\u00f3 dos becas de expediente acad\u00e9mico brillante. Estuvo trabajando en un proyecto de investigaci\u00f3n sobre la asimetr\u00eda izquierda-derecha en Newcastle, siendo premiada en la Conferencia del Centro de Investigaci\u00f3n Cardiovascular Trainees Meeting como el mejor p\u00f3ster (2018). Complet\u00f3 un m\u00e1ster en Biolog\u00eda Computacional en la Universidad Polit\u00e9cnica de Madrid. All\u00ed estudi\u00f3 las redes de interacci\u00f3n metab\u00f3lica en el microbioma de pacientes con Enfermedad de Chron y Colitis Ulcerosa en el centro de investigaci\u00f3n CBGP, centro de Excelencia Severo Ochoa (2020). Desde el 2020 es Bioinform\u00e1tica en ADNTRO donde desarrolla modelos predictivos, realiza anotaciones y an\u00e1lisis de variantes patog\u00e9nicas, investigaci\u00f3n de literatura GWAS y divulgaci\u00f3n cient\u00edfica.\",\"sameAs\":[\"https:\/\/www.linkedin.com\/in\/sandra-ferreiro-lpez-78804016a\/\"],\"url\":\"https:\/\/adntro.com\/es\/blog\/author\/sandra\/\"}]}<\/script>\n<!-- \/ Yoast SEO plugin. -->","yoast_head_json":{"title":"\u00bfLa calvicie depende de la gen\u00e9tica?","description":"\u00bfSiempre te has preguntado de qu\u00e9 depende quedarse calvo? Conoce la relaci\u00f3n entre la calvicie y la gen\u00e9tica aqu\u00ed.","robots":{"index":"index","follow":"follow","max-snippet":"max-snippet:-1","max-image-preview":"max-image-preview:large","max-video-preview":"max-video-preview:-1"},"canonical":"https:\/\/adntro.com\/es\/blog\/salud\/calvicie-genetica\/","og_locale":"es_ES","og_type":"article","og_title":"\u00bfLa calvicie depende de la gen\u00e9tica?","og_description":"\u00bfSiempre te has preguntado de qu\u00e9 depende quedarse calvo? Conoce la relaci\u00f3n entre la calvicie y la gen\u00e9tica aqu\u00ed.","og_url":"https:\/\/adntro.com\/es\/blog\/salud\/calvicie-genetica\/","og_site_name":"ADNTRO","article_publisher":"https:\/\/www.facebook.com\/ADNTROSPAIN\/","article_published_time":"2023-12-01T11:15:02+00:00","article_modified_time":"2024-04-29T15:58:45+00:00","og_image":[{"width":1792,"height":1024,"url":"https:\/\/adntro.com\/wp-content\/uploads\/2023\/12\/calvicie.jpg","type":"image\/jpeg"}],"author":"Sandra Ferreiro","twitter_card":"summary_large_image","twitter_creator":"@adntrospain","twitter_site":"@adntrospain","twitter_misc":{"Escrito por":"Sandra Ferreiro","Tiempo de lectura":"6 minutos"},"schema":{"@context":"https:\/\/schema.org","@graph":[{"@type":"Article","@id":"https:\/\/adntro.com\/es\/blog\/salud\/calvicie-genetica\/#article","isPartOf":{"@id":"https:\/\/adntro.com\/es\/blog\/salud\/calvicie-genetica\/"},"author":{"name":"Sandra Ferreiro","@id":"https:\/\/adntro.com\/es\/#\/schema\/person\/a71eca38b563da2bb60f24d7e71f7d6b"},"headline":"\u00bfLa calvicie depende de la gen\u00e9tica?","datePublished":"2023-12-01T11:15:02+00:00","dateModified":"2024-04-29T15:58:45+00:00","mainEntityOfPage":{"@id":"https:\/\/adntro.com\/es\/blog\/salud\/calvicie-genetica\/"},"wordCount":1087,"publisher":{"@id":"https:\/\/adntro.com\/es\/#organization"},"keywords":["adntro","salud","SNPs"],"articleSection":["Salud"],"inLanguage":"es"},{"@type":"WebPage","@id":"https:\/\/adntro.com\/es\/blog\/salud\/calvicie-genetica\/","url":"https:\/\/adntro.com\/es\/blog\/salud\/calvicie-genetica\/","name":"\u00bfLa calvicie depende de la gen\u00e9tica?","isPartOf":{"@id":"https:\/\/adntro.com\/es\/#website"},"datePublished":"2023-12-01T11:15:02+00:00","dateModified":"2024-04-29T15:58:45+00:00","description":"\u00bfSiempre te has preguntado de qu\u00e9 depende quedarse calvo? Conoce la relaci\u00f3n entre la calvicie y la gen\u00e9tica aqu\u00ed.","breadcrumb":{"@id":"https:\/\/adntro.com\/es\/blog\/salud\/calvicie-genetica\/#breadcrumb"},"inLanguage":"es","potentialAction":[{"@type":"ReadAction","target":["https:\/\/adntro.com\/es\/blog\/salud\/calvicie-genetica\/"]}]},{"@type":"BreadcrumbList","@id":"https:\/\/adntro.com\/es\/blog\/salud\/calvicie-genetica\/#breadcrumb","itemListElement":[{"@type":"ListItem","position":1,"name":"Home","item":"https:\/\/adntro.com\/de\/"},{"@type":"ListItem","position":2,"name":"\u00bfLa calvicie depende de la gen\u00e9tica?"}]},{"@type":"WebSite","@id":"https:\/\/adntro.com\/es\/#website","url":"https:\/\/adntro.com\/es\/","name":"ADNTRO","description":"Gen\u00e9tica, salud, nutrici\u00f3n","publisher":{"@id":"https:\/\/adntro.com\/es\/#organization"},"potentialAction":[{"@type":"SearchAction","target":{"@type":"EntryPoint","urlTemplate":"https:\/\/adntro.com\/es\/?s={search_term_string}"},"query-input":"required name=search_term_string"}],"inLanguage":"es"},{"@type":"Organization","@id":"https:\/\/adntro.com\/es\/#organization","name":"ADNTRO Genetics","url":"https:\/\/adntro.com\/es\/","logo":{"@type":"ImageObject","inLanguage":"es","@id":"https:\/\/adntro.com\/es\/#\/schema\/logo\/image\/","url":"https:\/\/adntro.com\/wp-content\/uploads\/2021\/08\/android-chrome-512x512-2.png","contentUrl":"https:\/\/adntro.com\/wp-content\/uploads\/2021\/08\/android-chrome-512x512-2.png","width":512,"height":512,"caption":"ADNTRO Genetics"},"image":{"@id":"https:\/\/adntro.com\/es\/#\/schema\/logo\/image\/"},"sameAs":["https:\/\/www.facebook.com\/ADNTROSPAIN\/","https:\/\/twitter.com\/adntrospain","https:\/\/www.instagram.com\/adntro_\/","https:\/\/www.pinterest.es\/ADNTRO_TEAM\/_saved\/"]},{"@type":"Person","@id":"https:\/\/adntro.com\/es\/#\/schema\/person\/a71eca38b563da2bb60f24d7e71f7d6b","name":"Sandra Ferreiro","image":{"@type":"ImageObject","inLanguage":"es","@id":"https:\/\/adntro.com\/es\/#\/schema\/person\/image\/","url":"https:\/\/secure.gravatar.com\/avatar\/ddaa4448bc53192d65c596cd5119749fb4d7167a3b3d7931d8b0470a2021bdc3?s=96&d=mm&r=g","contentUrl":"https:\/\/secure.gravatar.com\/avatar\/ddaa4448bc53192d65c596cd5119749fb4d7167a3b3d7931d8b0470a2021bdc3?s=96&d=mm&r=g","caption":"Sandra Ferreiro"},"description":"Bioinform\u00e1tica y Responsable del \u00e1rea cient\u00edfica en ADNTRO. Biotecn\u00f3loga por la Universidad Francisco de Vitoria, donde recibi\u00f3 dos becas de expediente acad\u00e9mico brillante. Estuvo trabajando en un proyecto de investigaci\u00f3n sobre la asimetr\u00eda izquierda-derecha en Newcastle, siendo premiada en la Conferencia del Centro de Investigaci\u00f3n Cardiovascular Trainees Meeting como el mejor p\u00f3ster (2018). Complet\u00f3 un m\u00e1ster en Biolog\u00eda Computacional en la Universidad Polit\u00e9cnica de Madrid. All\u00ed estudi\u00f3 las redes de interacci\u00f3n metab\u00f3lica en el microbioma de pacientes con Enfermedad de Chron y Colitis Ulcerosa en el centro de investigaci\u00f3n CBGP, centro de Excelencia Severo Ochoa (2020). Desde el 2020 es Bioinform\u00e1tica en ADNTRO donde desarrolla modelos predictivos, realiza anotaciones y an\u00e1lisis de variantes patog\u00e9nicas, investigaci\u00f3n de literatura GWAS y divulgaci\u00f3n cient\u00edfica.","sameAs":["https:\/\/www.linkedin.com\/in\/sandra-ferreiro-lpez-78804016a\/"],"url":"https:\/\/adntro.com\/es\/blog\/author\/sandra\/"}]}},"_links":{"self":[{"href":"https:\/\/adntro.com\/es\/wp-json\/wp\/v2\/posts\/12446","targetHints":{"allow":["GET"]}}],"collection":[{"href":"https:\/\/adntro.com\/es\/wp-json\/wp\/v2\/posts"}],"about":[{"href":"https:\/\/adntro.com\/es\/wp-json\/wp\/v2\/types\/post"}],"author":[{"embeddable":true,"href":"https:\/\/adntro.com\/es\/wp-json\/wp\/v2\/users\/8"}],"replies":[{"embeddable":true,"href":"https:\/\/adntro.com\/es\/wp-json\/wp\/v2\/comments?post=12446"}],"version-history":[{"count":29,"href":"https:\/\/adntro.com\/es\/wp-json\/wp\/v2\/posts\/12446\/revisions"}],"predecessor-version":[{"id":14798,"href":"https:\/\/adntro.com\/es\/wp-json\/wp\/v2\/posts\/12446\/revisions\/14798"}],"wp:featuredmedia":[{"embeddable":true,"href":"https:\/\/adntro.com\/es\/wp-json\/wp\/v2\/media\/12744"}],"wp:attachment":[{"href":"https:\/\/adntro.com\/es\/wp-json\/wp\/v2\/media?parent=12446"}],"wp:term":[{"taxonomy":"category","embeddable":true,"href":"https:\/\/adntro.com\/es\/wp-json\/wp\/v2\/categories?post=12446"},{"taxonomy":"post_tag","embeddable":true,"href":"https:\/\/adntro.com\/es\/wp-json\/wp\/v2\/tags?post=12446"}],"curies":[{"name":"wp","href":"https:\/\/api.w.org\/{rel}","templated":true}]}}