{"id":11217,"date":"2023-08-11T08:22:00","date_gmt":"2023-08-11T06:22:00","guid":{"rendered":"https:\/\/adntro.com\/?p=11217"},"modified":"2025-07-28T08:27:20","modified_gmt":"2025-07-28T06:27:20","slug":"lupus","status":"publish","type":"post","link":"https:\/\/adntro.com\/es\/blog\/salud\/lupus\/","title":{"rendered":"\u00bfQu\u00e9 es el lupus?"},"content":{"rendered":"\n<p>El lupus, tambi\u00e9n conocido como <a href=\"https:\/\/es.wikipedia.org\/wiki\/Lupus_eritematoso_sist%C3%A9mico\" target=\"_blank\" rel=\"noreferrer noopener\">lupus eritematoso sist\u00e9mico<\/a> (LES), es una <strong><a href=\"https:\/\/adntro.com\/blog\/salud\/enfermedades-autoinmunes\/\">enfermedad autoinmune<\/a> cr\u00f3nica<\/strong>. Es decir, una enfermedad causada por el sistema inmune. El sistema inmunol\u00f3gico est\u00e1 dise\u00f1ado para proteger a nuestro cuerpo de agentes pat\u00f3genos como son los virus y las bacterias.\u00a0<\/p>\n\n\n\n<div style=\"height:24px\" aria-hidden=\"true\" class=\"wp-block-spacer\"><\/div>\n\n\n<div class=\"wp-block-image\">\n<figure class=\"aligncenter size-full is-resized\"><img fetchpriority=\"high\" decoding=\"async\" width=\"731\" height=\"503\" src=\"https:\/\/adntro.com\/wp-content\/uploads\/2023\/07\/sistema_defensa.jpg\" alt=\"Sistema inmune\" class=\"wp-image-11218\" style=\"width:475px;height:327px\" srcset=\"https:\/\/adntro.com\/wp-content\/uploads\/2023\/07\/sistema_defensa.jpg 731w, https:\/\/adntro.com\/wp-content\/uploads\/2023\/07\/sistema_defensa-300x206.jpg 300w, https:\/\/adntro.com\/wp-content\/uploads\/2023\/07\/sistema_defensa-18x12.jpg 18w\" sizes=\"(max-width: 731px) 100vw, 731px\" \/><\/figure>\n<\/div>\n\n\n<div style=\"height:24px\" aria-hidden=\"true\" class=\"wp-block-spacer\"><\/div>\n\n\n\n<p>En determinadas ocasiones,<strong> el sistema inmune no distingue correctamente lo propio de lo ajeno<\/strong> y ataca err\u00f3neamente a los tejidos sanos. Cuando esto ocurre estamos ante una enfermedad autoinmune, es decir, un tipo de trastorno en el que el sistema inmunol\u00f3gico se vuelve hiperactivo y ataca y da\u00f1a los tejidos y \u00f3rganos sanos del propio cuerpo.<\/p>\n\n\n\n<h2 class=\"wp-block-heading\">S\u00edntomas del lupus<\/h2>\n\n\n\n<p><strong>Como consecuencia de esta incorrecta hiperestimulaci\u00f3n del sistema inmune aparecen una serie de s\u00edntomas <\/strong>que var\u00edan dependiendo de la enfermedad autoinmune. En el caso del LES puede afectar varios \u00f3rganos y sistemas del cuerpo, como la piel, las articulaciones, los ri\u00f1ones, el coraz\u00f3n, los pulmones y el cerebro. De ah\u00ed su nombre, lupus eritematoso <strong>sist\u00e9mico <\/strong>(enfermedad o afecci\u00f3n que <strong>afecta a todo el cuerpo<\/strong> o a m\u00faltiples sistemas).<\/p>\n\n\n\n<p>Sus s\u00edntomas pueden variar ampliamente de una persona a otra y pueden ser leves o graves. Los s\u00edntomas del lupus pueden ser intermitentes, con <strong>per\u00edodos de actividad de la enfermedad <\/strong>(brotes) alternados con <strong>per\u00edodos de remisi\u00f3n<\/strong>. Algunos de los s\u00edntomas m\u00e1s comunes del LES incluyen:<\/p>\n\n\n\n<ul class=\"wp-block-list\">\n<li><strong>Fatiga extrema<\/strong>: Es uno de los s\u00edntomas m\u00e1s frecuentes y debilitantes del lupus, que puede afectar significativamente la calidad de vida.<\/li>\n\n\n\n<li><strong>Dolor e inflamaci\u00f3n en las articulaciones<\/strong>: El lupus puede causar dolor, hinchaz\u00f3n y rigidez en las articulaciones.<\/li>\n\n\n\n<li><strong>Erupci\u00f3n en la piel<\/strong>: Muchas personas con lupus desarrollan una erupci\u00f3n en forma de mariposa en el rostro que cruza las mejillas y el puente de la nariz. Tambi\u00e9n pueden aparecer erupciones en otras partes del cuerpo, como los brazos, el pecho o las piernas, que empeoran con la exposici\u00f3n al sol.<\/li>\n\n\n\n<li><strong>Fiebre<\/strong>: Las personas con lupus pueden experimentar fiebre inexplicada, que puede ser intermitente o persistente.<\/li>\n\n\n\n<li><strong>Sensibilidad al sol<\/strong>: Muchas personas con lupus son sensibles a la luz solar, lo que puede desencadenar o empeorar los s\u00edntomas cut\u00e1neos y provocar fatiga.<\/li>\n\n\n\n<li><strong>\u00dalceras bucales<\/strong>: Las \u00falceras en la boca son comunes en el lupus y pueden ser dolorosas.<\/li>\n\n\n\n<li><strong>Problemas renales<\/strong>: El lupus puede afectar los ri\u00f1ones y causar da\u00f1o renal. Esto puede manifestarse como cambios en la micci\u00f3n, hinchaz\u00f3n en las extremidades o aumento de la presi\u00f3n arterial.<\/li>\n<\/ul>\n\n\n\n<h2 class=\"wp-block-heading\">Causas del lupus<\/h2>\n\n\n\n<p>El lupus no es una enfermedad gen\u00e9tica de un solo gen, sino que su desarrollo depender\u00e1 de la presencia de varios genes (<strong>enfermedad polig\u00e9nica<\/strong>), <strong>y de su activaci\u00f3n <\/strong>(<a href=\"https:\/\/adntro.com\/es\/blog\/aprende-genetica\/que-es-la-epigenetica\/\" target=\"_blank\" rel=\"noreferrer noopener\">epigen\u00e9tica<\/a>). Para simplificarlo, podr\u00edamos compararlo con una receta de cocina. Para preparar un plato necesitamos los ingredientes (la gen\u00e9tica), pero para elaborar el plato es necesario cocinarlo (epigen\u00e9tica). Por mucho que tengamos los ingredientes, es decir, la predisposici\u00f3n gen\u00e9tica, el plato no estar\u00e1 listo hasta que alguien se encargue de juntar todos los ingredientes y cocinarlo (la activaci\u00f3n de la enfermedad).<\/p>\n\n\n\n<p>Existen varios <strong>factores responsables de dicha activaci\u00f3n.<\/strong> Desde virus y hormonas hasta cualquier otro factor qu\u00edmico, ambiental o incluso emocional.<\/p>\n\n\n\n<div style=\"height:24px\" aria-hidden=\"true\" class=\"wp-block-spacer\"><\/div>\n\n\n<div class=\"wp-block-image\">\n<figure class=\"aligncenter size-full is-resized\"><img decoding=\"async\" width=\"612\" height=\"612\" src=\"https:\/\/adntro.com\/wp-content\/uploads\/2023\/07\/enfermedad_autoinmune.jpg\" alt=\"El lupus a nivel molecular\" class=\"wp-image-11219\" style=\"width:416px;height:416px\" srcset=\"https:\/\/adntro.com\/wp-content\/uploads\/2023\/07\/enfermedad_autoinmune.jpg 612w, https:\/\/adntro.com\/wp-content\/uploads\/2023\/07\/enfermedad_autoinmune-300x300.jpg 300w, https:\/\/adntro.com\/wp-content\/uploads\/2023\/07\/enfermedad_autoinmune-150x150.jpg 150w, https:\/\/adntro.com\/wp-content\/uploads\/2023\/07\/enfermedad_autoinmune-12x12.jpg 12w\" sizes=\"(max-width: 612px) 100vw, 612px\" \/><\/figure>\n<\/div>\n\n\n<div style=\"height:24px\" aria-hidden=\"true\" class=\"wp-block-spacer\"><\/div>\n\n\n\n<h3 class=\"wp-block-heading\"><strong>Factor gen\u00e9tico<\/strong><\/h3>\n\n\n\n<p>Aunque no existe un \u00fanico gen responsable del LES, se han identificado <strong>varios genes <\/strong>que est\u00e1n <strong>asociados con un mayor riesgo <\/strong>de desarrollar la enfermedad. Algunos de estos genes incluyen:<\/p>\n\n\n\n<ul class=\"wp-block-list\">\n<li><strong><em>HLA<\/em><\/strong> (ant\u00edgeno leucocitario humano): Ciertos subtipos del HLA (complejo del sistema inmunitario), como <strong>HLA-DR3 y HLA-B8<\/strong>, han sido asociados con un mayor riesgo de lupus.<\/li>\n\n\n\n<li><strong><em><a href=\"https:\/\/www.ncbi.nlm.nih.gov\/gene\/3663\" target=\"_blank\" rel=\"noreferrer noopener\">IRF5<\/a><\/em><\/strong> (Factor Regulador del Interfer\u00f3n 5): Variaciones en el gen <em>IRF5<\/em> han sido implicadas en el desarrollo de lupus y se cree que est\u00e1n involucradas en la <strong>producci\u00f3n excesiva de interfer\u00f3n tipo I<\/strong>, que est\u00e1 relacionada con la inflamaci\u00f3n y la autoinmunidad.<\/li>\n\n\n\n<li><strong><em><a href=\"https:\/\/www.ncbi.nlm.nih.gov\/gene\/6775\" target=\"_blank\" rel=\"noreferrer noopener\">STAT4<\/a><\/em><\/strong> (Transductor de se\u00f1ales y activador de la transcripci\u00f3n 4): Variantes en el gen <em>STAT4 <\/em>se han asociado con un mayor riesgo de lupus y se cree que afectan la regulaci\u00f3n del sistema inmunol\u00f3gico.<\/li>\n\n\n\n<li><strong><em><a href=\"https:\/\/www.ncbi.nlm.nih.gov\/gene\/640\" target=\"_blank\" rel=\"noreferrer noopener\">BLK<\/a> <\/em><\/strong>(Tirosina Quinasa del Linfocito B): Variantes en el gen <em>BLK<\/em> est\u00e1n relacionadas con la <strong>producci\u00f3n de autoanticuerpos<\/strong> y se han asociado con un mayor riesgo de lupus.<\/li>\n\n\n\n<li><strong><em><a href=\"https:\/\/www.ncbi.nlm.nih.gov\/gene\/26191\" target=\"_blank\" rel=\"noreferrer noopener\">PTPN22<\/a><\/em><\/strong> (Tirosina Fosfatasa No Receptora de Tipo 22): Variantes en este gen se han relacionado con un mayor riesgo de lupus y otras enfermedades autoinmunes, y se cree que afectan la<strong> regulaci\u00f3n del sistema inmunol\u00f3gico<\/strong>.<\/li>\n\n\n\n<li><strong><em><a href=\"https:\/\/www.ncbi.nlm.nih.gov\/gene\/7128\">TNFAIP3<\/a><\/em><\/strong> (Prote\u00edna A20): Mutaciones en el gen<em> TNFAIP3<\/em> se han asociado con un mayor riesgo de lupus y se cree que pueden contribuir a la <strong>inflamaci\u00f3n cr\u00f3nica<\/strong> y la autoinmunidad.<\/li>\n\n\n\n<li><strong><em><a href=\"https:\/\/www.ncbi.nlm.nih.gov\/gene\/7124\" target=\"_blank\" rel=\"noreferrer noopener\">TNF<\/a><\/em><\/strong> (Factor de necrosis tumoral): Este gen es responsable de producir una prote\u00edna que est\u00e1 <strong>involucrada en la comunicaci\u00f3n entre ciertas c\u00e9lulas del sistema inmunol\u00f3gico<\/strong>. Algunas variantes o cambios en este gen se han asociado con dos enfermedades autoinmunes llamadas s\u00edndrome de Sjogren y lupus eritematoso sist\u00e9mico.&nbsp;<\/li>\n<\/ul>\n\n\n\n<div style=\"height:38px\" aria-hidden=\"true\" class=\"wp-block-spacer\"><\/div>\n\n\n\n<p>En <strong>ADNTRO<\/strong> analizamos marcadores gen\u00e9ticos en todos estos genes y muchos otros genes asociados con el lupus. <strong>Descubre tu predisposici\u00f3n gen\u00e9tica con el <a href=\"https:\/\/adntro.com\/es\/\">an\u00e1lisis de adn<\/a> de  ADNTRO<\/strong>. Si ya est\u00e1s genotipado, <a href=\"https:\/\/adntro.com\/sube-tu-raw-adn-landing\/\">sube tu archivo raw para su an\u00e1lisis<\/a>. <\/p>\n","protected":false},"excerpt":{"rendered":"<p>El lupus, tambi\u00e9n conocido como lupus eritematoso sist\u00e9mico (LES), es una enfermedad autoinmune cr\u00f3nica. Es decir, una enfermedad causada por el sistema inmune. El sistema inmunol\u00f3gico est\u00e1 dise\u00f1ado para proteger a nuestro cuerpo de agentes pat\u00f3genos como son los virus y las bacterias.\u00a0 En determinadas ocasiones, el sistema inmune no distingue correctamente lo propio de [&hellip;]<\/p>\n","protected":false},"author":8,"featured_media":11218,"comment_status":"closed","ping_status":"open","sticky":false,"template":"","format":"standard","meta":{"footnotes":""},"categories":[430],"tags":[42,506,361,18,501,507,505,32,20,238],"class_list":["post-11217","post","type-post","status-publish","format-standard","has-post-thumbnail","hentry","category-salud","tag-adntro","tag-enfermedad-autoinmune","tag-genes","tag-genetica","tag-hla","tag-inmunidad","tag-lupus","tag-salud","tag-snp","tag-variantes"],"yoast_head":"<!-- This site is optimized with the Yoast SEO plugin v22.0 - https:\/\/yoast.com\/wordpress\/plugins\/seo\/ -->\n<title>\u00bfQu\u00e9 es el lupus? | ADNTRO<\/title>\n<meta name=\"description\" content=\"\u00bfSab\u00edas que el lupus es una enfermedad autoinmune? Descubre sus principales s\u00edntomas y los factores que hay detr\u00e1s de esta enfermedad.\" \/>\n<meta name=\"robots\" content=\"index, follow, max-snippet:-1, max-image-preview:large, max-video-preview:-1\" \/>\n<link rel=\"canonical\" href=\"https:\/\/adntro.com\/es\/blog\/salud\/lupus\/\" \/>\n<meta property=\"og:locale\" content=\"es_ES\" \/>\n<meta property=\"og:type\" content=\"article\" \/>\n<meta property=\"og:title\" content=\"\u00bfQu\u00e9 es el lupus? | ADNTRO\" \/>\n<meta property=\"og:description\" content=\"\u00bfSab\u00edas que el lupus es una enfermedad autoinmune? Descubre sus principales s\u00edntomas y los factores que hay detr\u00e1s de esta enfermedad.\" \/>\n<meta property=\"og:url\" content=\"https:\/\/adntro.com\/es\/blog\/salud\/lupus\/\" \/>\n<meta property=\"og:site_name\" content=\"ADNTRO\" \/>\n<meta property=\"article:publisher\" content=\"https:\/\/www.facebook.com\/ADNTROSPAIN\/\" \/>\n<meta property=\"article:published_time\" content=\"2023-08-11T06:22:00+00:00\" \/>\n<meta property=\"article:modified_time\" content=\"2025-07-28T06:27:20+00:00\" \/>\n<meta property=\"og:image\" content=\"https:\/\/adntro.com\/wp-content\/uploads\/2023\/07\/sistema_defensa.jpg\" \/>\n\t<meta property=\"og:image:width\" content=\"731\" \/>\n\t<meta property=\"og:image:height\" content=\"503\" \/>\n\t<meta property=\"og:image:type\" content=\"image\/jpeg\" \/>\n<meta name=\"author\" content=\"Sandra Ferreiro\" \/>\n<meta name=\"twitter:card\" content=\"summary_large_image\" \/>\n<meta name=\"twitter:creator\" content=\"@adntrospain\" \/>\n<meta name=\"twitter:site\" content=\"@adntrospain\" \/>\n<meta name=\"twitter:label1\" content=\"Escrito por\" \/>\n\t<meta name=\"twitter:data1\" content=\"Sandra Ferreiro\" \/>\n\t<meta name=\"twitter:label2\" content=\"Tiempo de lectura\" \/>\n\t<meta name=\"twitter:data2\" content=\"5 minutos\" \/>\n<script type=\"application\/ld+json\" class=\"yoast-schema-graph\">{\"@context\":\"https:\/\/schema.org\",\"@graph\":[{\"@type\":\"Article\",\"@id\":\"https:\/\/adntro.com\/es\/blog\/salud\/lupus\/#article\",\"isPartOf\":{\"@id\":\"https:\/\/adntro.com\/en\/blog\/salud\/lupus\/\"},\"author\":{\"name\":\"Sandra Ferreiro\",\"@id\":\"https:\/\/adntro.com\/es\/#\/schema\/person\/a71eca38b563da2bb60f24d7e71f7d6b\"},\"headline\":\"\u00bfQu\u00e9 es el lupus?\",\"datePublished\":\"2023-08-11T06:22:00+00:00\",\"dateModified\":\"2025-07-28T06:27:20+00:00\",\"mainEntityOfPage\":{\"@id\":\"https:\/\/adntro.com\/en\/blog\/salud\/lupus\/\"},\"wordCount\":900,\"publisher\":{\"@id\":\"https:\/\/adntro.com\/es\/#organization\"},\"keywords\":[\"adntro\",\"enfermedad autoinmune\",\"genes\",\"gen\u00e9tica\",\"HLA\",\"inmunidad\",\"lupus\",\"salud\",\"SNP\",\"variantes\"],\"articleSection\":[\"Salud\"],\"inLanguage\":\"es\"},{\"@type\":\"WebPage\",\"@id\":\"https:\/\/adntro.com\/en\/blog\/salud\/lupus\/\",\"url\":\"https:\/\/adntro.com\/es\/blog\/salud\/lupus\/\",\"name\":\"\u00bfQu\u00e9 es el lupus? | ADNTRO\",\"isPartOf\":{\"@id\":\"https:\/\/adntro.com\/es\/#website\"},\"datePublished\":\"2023-08-11T06:22:00+00:00\",\"dateModified\":\"2025-07-28T06:27:20+00:00\",\"description\":\"\u00bfSab\u00edas que el lupus es una enfermedad autoinmune? Descubre sus principales s\u00edntomas y los factores que hay detr\u00e1s de esta enfermedad.\",\"breadcrumb\":{\"@id\":\"https:\/\/adntro.com\/es\/blog\/salud\/lupus\/#breadcrumb\"},\"inLanguage\":\"es\",\"potentialAction\":[{\"@type\":\"ReadAction\",\"target\":[\"https:\/\/adntro.com\/es\/blog\/salud\/lupus\/\"]}]},{\"@type\":\"BreadcrumbList\",\"@id\":\"https:\/\/adntro.com\/es\/blog\/salud\/lupus\/#breadcrumb\",\"itemListElement\":[{\"@type\":\"ListItem\",\"position\":1,\"name\":\"Home\",\"item\":\"https:\/\/adntro.com\/de\/\"},{\"@type\":\"ListItem\",\"position\":2,\"name\":\"\u00bfQu\u00e9 es el lupus?\"}]},{\"@type\":\"WebSite\",\"@id\":\"https:\/\/adntro.com\/es\/#website\",\"url\":\"https:\/\/adntro.com\/es\/\",\"name\":\"ADNTRO\",\"description\":\"Gen\u00e9tica, salud, nutrici\u00f3n\",\"publisher\":{\"@id\":\"https:\/\/adntro.com\/es\/#organization\"},\"potentialAction\":[{\"@type\":\"SearchAction\",\"target\":{\"@type\":\"EntryPoint\",\"urlTemplate\":\"https:\/\/adntro.com\/es\/?s={search_term_string}\"},\"query-input\":\"required name=search_term_string\"}],\"inLanguage\":\"es\"},{\"@type\":\"Organization\",\"@id\":\"https:\/\/adntro.com\/es\/#organization\",\"name\":\"ADNTRO Genetics\",\"url\":\"https:\/\/adntro.com\/es\/\",\"logo\":{\"@type\":\"ImageObject\",\"inLanguage\":\"es\",\"@id\":\"https:\/\/adntro.com\/es\/#\/schema\/logo\/image\/\",\"url\":\"https:\/\/adntro.com\/wp-content\/uploads\/2021\/08\/android-chrome-512x512-2.png\",\"contentUrl\":\"https:\/\/adntro.com\/wp-content\/uploads\/2021\/08\/android-chrome-512x512-2.png\",\"width\":512,\"height\":512,\"caption\":\"ADNTRO Genetics\"},\"image\":{\"@id\":\"https:\/\/adntro.com\/es\/#\/schema\/logo\/image\/\"},\"sameAs\":[\"https:\/\/www.facebook.com\/ADNTROSPAIN\/\",\"https:\/\/twitter.com\/adntrospain\",\"https:\/\/www.instagram.com\/adntro_\/\",\"https:\/\/www.pinterest.es\/ADNTRO_TEAM\/_saved\/\"]},{\"@type\":\"Person\",\"@id\":\"https:\/\/adntro.com\/es\/#\/schema\/person\/a71eca38b563da2bb60f24d7e71f7d6b\",\"name\":\"Sandra Ferreiro\",\"image\":{\"@type\":\"ImageObject\",\"inLanguage\":\"es\",\"@id\":\"https:\/\/adntro.com\/es\/#\/schema\/person\/image\/\",\"url\":\"https:\/\/secure.gravatar.com\/avatar\/ddaa4448bc53192d65c596cd5119749fb4d7167a3b3d7931d8b0470a2021bdc3?s=96&d=mm&r=g\",\"contentUrl\":\"https:\/\/secure.gravatar.com\/avatar\/ddaa4448bc53192d65c596cd5119749fb4d7167a3b3d7931d8b0470a2021bdc3?s=96&d=mm&r=g\",\"caption\":\"Sandra Ferreiro\"},\"description\":\"Bioinform\u00e1tica y Responsable del \u00e1rea cient\u00edfica en ADNTRO. Biotecn\u00f3loga por la Universidad Francisco de Vitoria, donde recibi\u00f3 dos becas de expediente acad\u00e9mico brillante. Estuvo trabajando en un proyecto de investigaci\u00f3n sobre la asimetr\u00eda izquierda-derecha en Newcastle, siendo premiada en la Conferencia del Centro de Investigaci\u00f3n Cardiovascular Trainees Meeting como el mejor p\u00f3ster (2018). Complet\u00f3 un m\u00e1ster en Biolog\u00eda Computacional en la Universidad Polit\u00e9cnica de Madrid. All\u00ed estudi\u00f3 las redes de interacci\u00f3n metab\u00f3lica en el microbioma de pacientes con Enfermedad de Chron y Colitis Ulcerosa en el centro de investigaci\u00f3n CBGP, centro de Excelencia Severo Ochoa (2020). Desde el 2020 es Bioinform\u00e1tica en ADNTRO donde desarrolla modelos predictivos, realiza anotaciones y an\u00e1lisis de variantes patog\u00e9nicas, investigaci\u00f3n de literatura GWAS y divulgaci\u00f3n cient\u00edfica.\",\"sameAs\":[\"https:\/\/www.linkedin.com\/in\/sandra-ferreiro-lpez-78804016a\/\"],\"url\":\"https:\/\/adntro.com\/es\/blog\/author\/sandra\/\"}]}<\/script>\n<!-- \/ Yoast SEO plugin. -->","yoast_head_json":{"title":"\u00bfQu\u00e9 es el lupus? | ADNTRO","description":"\u00bfSab\u00edas que el lupus es una enfermedad autoinmune? Descubre sus principales s\u00edntomas y los factores que hay detr\u00e1s de esta enfermedad.","robots":{"index":"index","follow":"follow","max-snippet":"max-snippet:-1","max-image-preview":"max-image-preview:large","max-video-preview":"max-video-preview:-1"},"canonical":"https:\/\/adntro.com\/es\/blog\/salud\/lupus\/","og_locale":"es_ES","og_type":"article","og_title":"\u00bfQu\u00e9 es el lupus? | ADNTRO","og_description":"\u00bfSab\u00edas que el lupus es una enfermedad autoinmune? Descubre sus principales s\u00edntomas y los factores que hay detr\u00e1s de esta enfermedad.","og_url":"https:\/\/adntro.com\/es\/blog\/salud\/lupus\/","og_site_name":"ADNTRO","article_publisher":"https:\/\/www.facebook.com\/ADNTROSPAIN\/","article_published_time":"2023-08-11T06:22:00+00:00","article_modified_time":"2025-07-28T06:27:20+00:00","og_image":[{"width":731,"height":503,"url":"https:\/\/adntro.com\/wp-content\/uploads\/2023\/07\/sistema_defensa.jpg","type":"image\/jpeg"}],"author":"Sandra Ferreiro","twitter_card":"summary_large_image","twitter_creator":"@adntrospain","twitter_site":"@adntrospain","twitter_misc":{"Escrito por":"Sandra Ferreiro","Tiempo de lectura":"5 minutos"},"schema":{"@context":"https:\/\/schema.org","@graph":[{"@type":"Article","@id":"https:\/\/adntro.com\/es\/blog\/salud\/lupus\/#article","isPartOf":{"@id":"https:\/\/adntro.com\/en\/blog\/salud\/lupus\/"},"author":{"name":"Sandra Ferreiro","@id":"https:\/\/adntro.com\/es\/#\/schema\/person\/a71eca38b563da2bb60f24d7e71f7d6b"},"headline":"\u00bfQu\u00e9 es el lupus?","datePublished":"2023-08-11T06:22:00+00:00","dateModified":"2025-07-28T06:27:20+00:00","mainEntityOfPage":{"@id":"https:\/\/adntro.com\/en\/blog\/salud\/lupus\/"},"wordCount":900,"publisher":{"@id":"https:\/\/adntro.com\/es\/#organization"},"keywords":["adntro","enfermedad autoinmune","genes","gen\u00e9tica","HLA","inmunidad","lupus","salud","SNP","variantes"],"articleSection":["Salud"],"inLanguage":"es"},{"@type":"WebPage","@id":"https:\/\/adntro.com\/en\/blog\/salud\/lupus\/","url":"https:\/\/adntro.com\/es\/blog\/salud\/lupus\/","name":"\u00bfQu\u00e9 es el lupus? | ADNTRO","isPartOf":{"@id":"https:\/\/adntro.com\/es\/#website"},"datePublished":"2023-08-11T06:22:00+00:00","dateModified":"2025-07-28T06:27:20+00:00","description":"\u00bfSab\u00edas que el lupus es una enfermedad autoinmune? Descubre sus principales s\u00edntomas y los factores que hay detr\u00e1s de esta enfermedad.","breadcrumb":{"@id":"https:\/\/adntro.com\/es\/blog\/salud\/lupus\/#breadcrumb"},"inLanguage":"es","potentialAction":[{"@type":"ReadAction","target":["https:\/\/adntro.com\/es\/blog\/salud\/lupus\/"]}]},{"@type":"BreadcrumbList","@id":"https:\/\/adntro.com\/es\/blog\/salud\/lupus\/#breadcrumb","itemListElement":[{"@type":"ListItem","position":1,"name":"Home","item":"https:\/\/adntro.com\/de\/"},{"@type":"ListItem","position":2,"name":"\u00bfQu\u00e9 es el lupus?"}]},{"@type":"WebSite","@id":"https:\/\/adntro.com\/es\/#website","url":"https:\/\/adntro.com\/es\/","name":"ADNTRO","description":"Gen\u00e9tica, salud, nutrici\u00f3n","publisher":{"@id":"https:\/\/adntro.com\/es\/#organization"},"potentialAction":[{"@type":"SearchAction","target":{"@type":"EntryPoint","urlTemplate":"https:\/\/adntro.com\/es\/?s={search_term_string}"},"query-input":"required name=search_term_string"}],"inLanguage":"es"},{"@type":"Organization","@id":"https:\/\/adntro.com\/es\/#organization","name":"ADNTRO Genetics","url":"https:\/\/adntro.com\/es\/","logo":{"@type":"ImageObject","inLanguage":"es","@id":"https:\/\/adntro.com\/es\/#\/schema\/logo\/image\/","url":"https:\/\/adntro.com\/wp-content\/uploads\/2021\/08\/android-chrome-512x512-2.png","contentUrl":"https:\/\/adntro.com\/wp-content\/uploads\/2021\/08\/android-chrome-512x512-2.png","width":512,"height":512,"caption":"ADNTRO Genetics"},"image":{"@id":"https:\/\/adntro.com\/es\/#\/schema\/logo\/image\/"},"sameAs":["https:\/\/www.facebook.com\/ADNTROSPAIN\/","https:\/\/twitter.com\/adntrospain","https:\/\/www.instagram.com\/adntro_\/","https:\/\/www.pinterest.es\/ADNTRO_TEAM\/_saved\/"]},{"@type":"Person","@id":"https:\/\/adntro.com\/es\/#\/schema\/person\/a71eca38b563da2bb60f24d7e71f7d6b","name":"Sandra Ferreiro","image":{"@type":"ImageObject","inLanguage":"es","@id":"https:\/\/adntro.com\/es\/#\/schema\/person\/image\/","url":"https:\/\/secure.gravatar.com\/avatar\/ddaa4448bc53192d65c596cd5119749fb4d7167a3b3d7931d8b0470a2021bdc3?s=96&d=mm&r=g","contentUrl":"https:\/\/secure.gravatar.com\/avatar\/ddaa4448bc53192d65c596cd5119749fb4d7167a3b3d7931d8b0470a2021bdc3?s=96&d=mm&r=g","caption":"Sandra Ferreiro"},"description":"Bioinform\u00e1tica y Responsable del \u00e1rea cient\u00edfica en ADNTRO. Biotecn\u00f3loga por la Universidad Francisco de Vitoria, donde recibi\u00f3 dos becas de expediente acad\u00e9mico brillante. Estuvo trabajando en un proyecto de investigaci\u00f3n sobre la asimetr\u00eda izquierda-derecha en Newcastle, siendo premiada en la Conferencia del Centro de Investigaci\u00f3n Cardiovascular Trainees Meeting como el mejor p\u00f3ster (2018). Complet\u00f3 un m\u00e1ster en Biolog\u00eda Computacional en la Universidad Polit\u00e9cnica de Madrid. All\u00ed estudi\u00f3 las redes de interacci\u00f3n metab\u00f3lica en el microbioma de pacientes con Enfermedad de Chron y Colitis Ulcerosa en el centro de investigaci\u00f3n CBGP, centro de Excelencia Severo Ochoa (2020). Desde el 2020 es Bioinform\u00e1tica en ADNTRO donde desarrolla modelos predictivos, realiza anotaciones y an\u00e1lisis de variantes patog\u00e9nicas, investigaci\u00f3n de literatura GWAS y divulgaci\u00f3n cient\u00edfica.","sameAs":["https:\/\/www.linkedin.com\/in\/sandra-ferreiro-lpez-78804016a\/"],"url":"https:\/\/adntro.com\/es\/blog\/author\/sandra\/"}]}},"_links":{"self":[{"href":"https:\/\/adntro.com\/es\/wp-json\/wp\/v2\/posts\/11217","targetHints":{"allow":["GET"]}}],"collection":[{"href":"https:\/\/adntro.com\/es\/wp-json\/wp\/v2\/posts"}],"about":[{"href":"https:\/\/adntro.com\/es\/wp-json\/wp\/v2\/types\/post"}],"author":[{"embeddable":true,"href":"https:\/\/adntro.com\/es\/wp-json\/wp\/v2\/users\/8"}],"replies":[{"embeddable":true,"href":"https:\/\/adntro.com\/es\/wp-json\/wp\/v2\/comments?post=11217"}],"version-history":[{"count":10,"href":"https:\/\/adntro.com\/es\/wp-json\/wp\/v2\/posts\/11217\/revisions"}],"predecessor-version":[{"id":14815,"href":"https:\/\/adntro.com\/es\/wp-json\/wp\/v2\/posts\/11217\/revisions\/14815"}],"wp:featuredmedia":[{"embeddable":true,"href":"https:\/\/adntro.com\/es\/wp-json\/wp\/v2\/media\/11218"}],"wp:attachment":[{"href":"https:\/\/adntro.com\/es\/wp-json\/wp\/v2\/media?parent=11217"}],"wp:term":[{"taxonomy":"category","embeddable":true,"href":"https:\/\/adntro.com\/es\/wp-json\/wp\/v2\/categories?post=11217"},{"taxonomy":"post_tag","embeddable":true,"href":"https:\/\/adntro.com\/es\/wp-json\/wp\/v2\/tags?post=11217"}],"curies":[{"name":"wp","href":"https:\/\/api.w.org\/{rel}","templated":true}]}}