{"id":11110,"date":"2023-06-23T11:24:05","date_gmt":"2023-06-23T09:24:05","guid":{"rendered":"https:\/\/adntro.com\/?p=11110"},"modified":"2024-02-07T10:53:49","modified_gmt":"2024-02-07T09:53:49","slug":"cuidados-piel-verano","status":"publish","type":"post","link":"https:\/\/adntro.com\/es\/blog\/salud\/cuidados-piel-verano\/","title":{"rendered":"Cuidados para la piel en verano\u00a0"},"content":{"rendered":"\n<p>El verano ha llegado y con \u00e9l, los d\u00edas llenos de sol, playa y actividades al aire libre. Sin duda se trata de una temporada muy esperada. Para poder disfrutarla al m\u00e1ximo es importante<strong> <\/strong>acordarnos de <strong>cuidar nuestra piel durante el verano<\/strong> <strong>para protegerla de los efectos nocivos del sol <\/strong>y mantenerla radiante y saludable.&nbsp;<\/p>\n\n\n\n<figure class=\"wp-block-image size-full\"><img fetchpriority=\"high\" decoding=\"async\" width=\"1024\" height=\"423\" src=\"https:\/\/adntro.com\/wp-content\/uploads\/2023\/06\/image-3.png\" alt=\"Cuidados para la piel en verano\" class=\"wp-image-11114\" srcset=\"https:\/\/adntro.com\/wp-content\/uploads\/2023\/06\/image-3.png 1024w, https:\/\/adntro.com\/wp-content\/uploads\/2023\/06\/image-3-300x124.png 300w, https:\/\/adntro.com\/wp-content\/uploads\/2023\/06\/image-3-768x317.png 768w, https:\/\/adntro.com\/wp-content\/uploads\/2023\/06\/image-3-18x7.png 18w\" sizes=\"(max-width: 1024px) 100vw, 1024px\" \/><\/figure>\n\n\n\n<p>En este art\u00edculo, exploraremos una serie de <strong>consejos y recomendaciones para cuidar nuestra piel durante el verano<\/strong>, asegur\u00e1ndonos de que est\u00e9 bien preparada para enfrentar los desaf\u00edos de esta \u00e9poca del a\u00f1o.&nbsp;<\/p>\n\n\n\n<h2 class=\"wp-block-heading\">Recomendaciones generales para cuidar nuestra piel en verano<\/h2>\n\n\n\n<p>Las caracter\u00edsticas propias del verano pueden impactar negativamente en nuestra piel sino tomamos acciones espec\u00edficas. Este impacto se refleja principalmente en la incidencia de los rayos solares, la hidrataci\u00f3n y la alimentaci\u00f3n. Para cuidar nuestra piel durante el verano es necesario tomar acciones para cada una de las tres caracter\u00edsticas mencionadas.<\/p>\n\n\n\n<h3 class=\"wp-block-heading\">Incidencia de los rayos solares en verano<\/h3>\n\n\n\n<p>El sol del verano puede resultar muy perjudicial para nuestra piel si no se toman las medidas adecuadas. Esto se debe al \u00e1ngulo con el que inciden los rayos debido a la traslaci\u00f3n de la Tierra. <\/p>\n\n\n<div class=\"wp-block-image\">\n<figure class=\"aligncenter size-full is-resized\"><img decoding=\"async\" width=\"400\" height=\"300\" src=\"https:\/\/adntro.com\/wp-content\/uploads\/2023\/06\/image.png\" alt=\"Incidencia de los rayos solares en verano y en invierno\" class=\"wp-image-11111\" style=\"width:350px;height:263px\" srcset=\"https:\/\/adntro.com\/wp-content\/uploads\/2023\/06\/image.png 400w, https:\/\/adntro.com\/wp-content\/uploads\/2023\/06\/image-300x225.png 300w, https:\/\/adntro.com\/wp-content\/uploads\/2023\/06\/image-16x12.png 16w\" sizes=\"(max-width: 400px) 100vw, 400px\" \/><\/figure>\n<\/div>\n\n\n<p>Es importante:<\/p>\n\n\n\n<ol class=\"wp-block-list\">\n<li>El uso de <strong>protector solar<\/strong>. Fundamental para proteger tu piel de los da\u00f1inos rayos solares. Es aconsejable utilizar un<strong> protector solar de amplio espectro con un factor de protecci\u00f3n solar (FPS) de al menos 30<\/strong>, incluso en d\u00edas nublados. Altamente aconsejable aplicarlo cada 2 horas o despu\u00e9s de nadar o sudar.<\/li>\n\n\n\n<li>Tratar de<strong> limitar tu<\/strong> <strong>exposici\u00f3n al sol.<\/strong> Especialmente durante las horas pico de radiaci\u00f3n solar, que generalmente son entre las 10 de la ma\u00f1ana y las 5 de la tarde. Busca sombras, utiliza ropa protectora como sombreros de ala ancha, gorras, gafas de sol y ropa de manga larga.<\/li>\n<\/ol>\n\n\n\n<h3 class=\"wp-block-heading\">Hidrataci\u00f3n de la piel en verano<\/h3>\n\n\n\n<p>El calor y el sol pueden deshidratar tu piel por diversos motivos:<\/p>\n\n\n\n<ol class=\"wp-block-list\">\n<li><strong>Sudoraci\u00f3n<\/strong>: Cuando hace <a href=\"https:\/\/adntro.com\/es\/blog\/curiosidades-geneticas\/calor-organismo\/\">calor<\/a>, nuestro cuerpo tiende a sudar m\u00e1s para regular la temperatura corporal. El sudor es principalmente agua, y su evaporaci\u00f3n de la superficie de la piel puede llevar a una p\u00e9rdida de humedad y deshidrataci\u00f3n si no se repone adecuadamente.<\/li>\n\n\n\n<li><strong>Ambientes secos<\/strong>: En muchas \u00e1reas, el verano viene acompa\u00f1ado de un clima m\u00e1s seco. La combinaci\u00f3n de aire caliente y seco puede eliminar la humedad de la piel de manera m\u00e1s r\u00e1pida, lo que lleva a una deshidrataci\u00f3n m\u00e1s pronunciada.<\/li>\n\n\n\n<li><strong>Actividades al aire libre<\/strong>: Durante el verano, es com\u00fan participar en actividades al aire libre, como nadar en el mar o en piscinas, donde el agua clorada o salada puede tener un efecto deshidratante en la piel si no se toman las medidas adecuadas para protegerla y mantenerla hidratada.<\/li>\n<\/ol>\n\n\n<div class=\"wp-block-image\">\n<figure class=\"aligncenter size-large is-resized\"><img decoding=\"async\" width=\"1024\" height=\"620\" src=\"https:\/\/adntro.com\/wp-content\/uploads\/2023\/06\/image-1-1024x620.png\" alt=\"Hidrataci\u00f3n para cuidar tu piel durante el verano\" class=\"wp-image-11112\" style=\"width:474px;height:286px\" srcset=\"https:\/\/adntro.com\/wp-content\/uploads\/2023\/06\/image-1-1024x620.png 1024w, https:\/\/adntro.com\/wp-content\/uploads\/2023\/06\/image-1-300x182.png 300w, https:\/\/adntro.com\/wp-content\/uploads\/2023\/06\/image-1-768x465.png 768w, https:\/\/adntro.com\/wp-content\/uploads\/2023\/06\/image-1-18x12.png 18w, https:\/\/adntro.com\/wp-content\/uploads\/2023\/06\/image-1.png 1200w\" sizes=\"(max-width: 1024px) 100vw, 1024px\" \/><\/figure>\n<\/div>\n\n\n<p>Por todo ello es importante mantener la piel bien hidratada. <strong>Bebe suficiente agua<\/strong> durante todo el d\u00eda para mantener tu piel y cuerpo hidratados (<strong>aproximadamente 3 litros<\/strong>). Tambi\u00e9n puedes utilizar cremas hidratantes.<\/p>\n\n\n\n<h3 class=\"wp-block-heading\">Alimentaci\u00f3n para hidratar la piel en verano<\/h3>\n\n\n\n<p>La alimentaci\u00f3n puede ayudar a mantener tu piel sana e hidratada. Para ello es necesario mantener una <strong>dieta equilibrada y rica en comidas frescas y nutritivas<\/strong>. Para ello te recomendamos incluir los<strong> <a href=\"https:\/\/adntro.com\/es\/blog\/nutrigenetica\/alimentos_verano\/\">alimentos m\u00e1s recomendados para el verano<\/a><\/strong>, como frutas y verduras, que pueden proteger tu piel contra los da\u00f1os causados por los radicales libres debido a que se tratan de <strong>alimentos ricos en antioxidantes<\/strong>.&nbsp;<\/p>\n\n\n<div class=\"wp-block-image\">\n<figure class=\"aligncenter size-full is-resized\"><img loading=\"lazy\" decoding=\"async\" width=\"800\" height=\"566\" src=\"https:\/\/adntro.com\/wp-content\/uploads\/2023\/06\/image-2.png\" alt=\"Mejores alimentos para cuidar tu piel durante el verano\" class=\"wp-image-11113\" style=\"width:547px;height:387px\" srcset=\"https:\/\/adntro.com\/wp-content\/uploads\/2023\/06\/image-2.png 800w, https:\/\/adntro.com\/wp-content\/uploads\/2023\/06\/image-2-300x212.png 300w, https:\/\/adntro.com\/wp-content\/uploads\/2023\/06\/image-2-768x543.png 768w, https:\/\/adntro.com\/wp-content\/uploads\/2023\/06\/image-2-18x12.png 18w\" sizes=\"(max-width: 800px) 100vw, 800px\" \/><\/figure>\n<\/div>\n\n\n<div style=\"height:52px\" aria-hidden=\"true\" class=\"wp-block-spacer\"><\/div>\n\n\n\n<p>Recuerda que <strong>cada persona tiene diferentes necesidades<\/strong> de cuidado de la piel, por lo que es importante adaptar estos consejos a tu tipo de piel y condiciones individuales. La tendencia a quemarse, broncearse, tener la piel hidratada, desarrollar c\u00e1ncer de piel y su capacidad antioxidante (entre otras) es altamente variable. Las causas son diversas, pero todas ellas comparten un punto en com\u00fan: la <strong>gen\u00e9tica<\/strong>.<\/p>\n\n\n\n<p>\u00a1Descubre tu <strong>predisposici\u00f3n gen\u00e9tica con todo lo relacionado con la piel con el <a href=\"https:\/\/adntro.com\/es\/\">test de adn<\/a> de ADNTRO<\/strong> o <a href=\"https:\/\/adntro.com\/sube-tu-raw-adn-landing\/\">subiendo tu archivo RAW<\/a>!<\/p>\n","protected":false},"excerpt":{"rendered":"<p>El verano ha llegado y con \u00e9l, los d\u00edas llenos de sol, playa y actividades al aire libre. Sin duda se trata de una temporada muy esperada. Para poder disfrutarla al m\u00e1ximo es importante acordarnos de cuidar nuestra piel durante el verano para protegerla de los efectos nocivos del sol y mantenerla radiante y saludable.&nbsp; [&hellip;]<\/p>\n","protected":false},"author":8,"featured_media":11114,"comment_status":"closed","ping_status":"open","sticky":false,"template":"","format":"standard","meta":{"footnotes":""},"categories":[430],"tags":[42,490,494,18,493,492,32,254,489],"class_list":["post-11110","post","type-post","status-publish","format-standard","has-post-thumbnail","hentry","category-salud","tag-adntro","tag-alimentos","tag-bienestar","tag-genetica","tag-hidratacion","tag-piel","tag-salud","tag-sol","tag-verano"],"yoast_head":"<!-- This site is optimized with the Yoast SEO plugin v22.0 - https:\/\/yoast.com\/wordpress\/plugins\/seo\/ -->\n<title>Cuidados para la piel en verano<\/title>\n<meta name=\"description\" content=\"El verano puede impactar negativamente en nuestra piel. En ADNTRO te contamos los principales cuidados para la piel en verano.\" \/>\n<meta name=\"robots\" content=\"index, follow, max-snippet:-1, max-image-preview:large, max-video-preview:-1\" \/>\n<link rel=\"canonical\" href=\"https:\/\/adntro.com\/es\/blog\/salud\/cuidados-piel-verano\/\" \/>\n<meta property=\"og:locale\" content=\"es_ES\" \/>\n<meta property=\"og:type\" content=\"article\" \/>\n<meta property=\"og:title\" content=\"Cuidados para la piel en verano\" \/>\n<meta property=\"og:description\" content=\"El verano puede impactar negativamente en nuestra piel. En ADNTRO te contamos los principales cuidados para la piel en verano.\" \/>\n<meta property=\"og:url\" content=\"https:\/\/adntro.com\/es\/blog\/salud\/cuidados-piel-verano\/\" \/>\n<meta property=\"og:site_name\" content=\"ADNTRO\" \/>\n<meta property=\"article:publisher\" content=\"https:\/\/www.facebook.com\/ADNTROSPAIN\/\" \/>\n<meta property=\"article:published_time\" content=\"2023-06-23T09:24:05+00:00\" \/>\n<meta property=\"article:modified_time\" content=\"2024-02-07T09:53:49+00:00\" \/>\n<meta property=\"og:image\" content=\"https:\/\/adntro.com\/wp-content\/uploads\/2023\/06\/image-3.png\" \/>\n\t<meta property=\"og:image:width\" content=\"1024\" \/>\n\t<meta property=\"og:image:height\" content=\"423\" \/>\n\t<meta property=\"og:image:type\" content=\"image\/png\" \/>\n<meta name=\"author\" content=\"Sandra Ferreiro\" \/>\n<meta name=\"twitter:card\" content=\"summary_large_image\" \/>\n<meta name=\"twitter:creator\" content=\"@adntrospain\" \/>\n<meta name=\"twitter:site\" content=\"@adntrospain\" \/>\n<meta name=\"twitter:label1\" content=\"Escrito por\" \/>\n\t<meta name=\"twitter:data1\" content=\"Sandra Ferreiro\" \/>\n\t<meta name=\"twitter:label2\" content=\"Tiempo de lectura\" \/>\n\t<meta name=\"twitter:data2\" content=\"4 minutos\" \/>\n<script type=\"application\/ld+json\" class=\"yoast-schema-graph\">{\"@context\":\"https:\/\/schema.org\",\"@graph\":[{\"@type\":\"Article\",\"@id\":\"https:\/\/adntro.com\/es\/blog\/salud\/cuidados-piel-verano\/#article\",\"isPartOf\":{\"@id\":\"https:\/\/adntro.com\/es\/blog\/salud\/cuidados-piel-verano\/\"},\"author\":{\"name\":\"Sandra Ferreiro\",\"@id\":\"https:\/\/adntro.com\/es\/#\/schema\/person\/a71eca38b563da2bb60f24d7e71f7d6b\"},\"headline\":\"Cuidados para la piel en verano\u00a0\",\"datePublished\":\"2023-06-23T09:24:05+00:00\",\"dateModified\":\"2024-02-07T09:53:49+00:00\",\"mainEntityOfPage\":{\"@id\":\"https:\/\/adntro.com\/es\/blog\/salud\/cuidados-piel-verano\/\"},\"wordCount\":680,\"publisher\":{\"@id\":\"https:\/\/adntro.com\/es\/#organization\"},\"keywords\":[\"adntro\",\"alimentos\",\"bienestar\",\"gen\u00e9tica\",\"hidrataci\u00f3n\",\"piel\",\"salud\",\"sol\",\"verano\"],\"articleSection\":[\"Salud\"],\"inLanguage\":\"es\"},{\"@type\":\"WebPage\",\"@id\":\"https:\/\/adntro.com\/es\/blog\/salud\/cuidados-piel-verano\/\",\"url\":\"https:\/\/adntro.com\/es\/blog\/salud\/cuidados-piel-verano\/\",\"name\":\"Cuidados para la piel en verano\",\"isPartOf\":{\"@id\":\"https:\/\/adntro.com\/es\/#website\"},\"datePublished\":\"2023-06-23T09:24:05+00:00\",\"dateModified\":\"2024-02-07T09:53:49+00:00\",\"description\":\"El verano puede impactar negativamente en nuestra piel. En ADNTRO te contamos los principales cuidados para la piel en verano.\",\"breadcrumb\":{\"@id\":\"https:\/\/adntro.com\/es\/blog\/salud\/cuidados-piel-verano\/#breadcrumb\"},\"inLanguage\":\"es\",\"potentialAction\":[{\"@type\":\"ReadAction\",\"target\":[\"https:\/\/adntro.com\/es\/blog\/salud\/cuidados-piel-verano\/\"]}]},{\"@type\":\"BreadcrumbList\",\"@id\":\"https:\/\/adntro.com\/es\/blog\/salud\/cuidados-piel-verano\/#breadcrumb\",\"itemListElement\":[{\"@type\":\"ListItem\",\"position\":1,\"name\":\"Home\",\"item\":\"https:\/\/adntro.com\/de\/\"},{\"@type\":\"ListItem\",\"position\":2,\"name\":\"Cuidados para la piel en verano\u00a0\"}]},{\"@type\":\"WebSite\",\"@id\":\"https:\/\/adntro.com\/es\/#website\",\"url\":\"https:\/\/adntro.com\/es\/\",\"name\":\"ADNTRO\",\"description\":\"Gen\u00e9tica, salud, nutrici\u00f3n\",\"publisher\":{\"@id\":\"https:\/\/adntro.com\/es\/#organization\"},\"potentialAction\":[{\"@type\":\"SearchAction\",\"target\":{\"@type\":\"EntryPoint\",\"urlTemplate\":\"https:\/\/adntro.com\/es\/?s={search_term_string}\"},\"query-input\":\"required name=search_term_string\"}],\"inLanguage\":\"es\"},{\"@type\":\"Organization\",\"@id\":\"https:\/\/adntro.com\/es\/#organization\",\"name\":\"ADNTRO Genetics\",\"url\":\"https:\/\/adntro.com\/es\/\",\"logo\":{\"@type\":\"ImageObject\",\"inLanguage\":\"es\",\"@id\":\"https:\/\/adntro.com\/es\/#\/schema\/logo\/image\/\",\"url\":\"https:\/\/adntro.com\/wp-content\/uploads\/2021\/08\/android-chrome-512x512-2.png\",\"contentUrl\":\"https:\/\/adntro.com\/wp-content\/uploads\/2021\/08\/android-chrome-512x512-2.png\",\"width\":512,\"height\":512,\"caption\":\"ADNTRO Genetics\"},\"image\":{\"@id\":\"https:\/\/adntro.com\/es\/#\/schema\/logo\/image\/\"},\"sameAs\":[\"https:\/\/www.facebook.com\/ADNTROSPAIN\/\",\"https:\/\/twitter.com\/adntrospain\",\"https:\/\/www.instagram.com\/adntro_\/\",\"https:\/\/www.pinterest.es\/ADNTRO_TEAM\/_saved\/\"]},{\"@type\":\"Person\",\"@id\":\"https:\/\/adntro.com\/es\/#\/schema\/person\/a71eca38b563da2bb60f24d7e71f7d6b\",\"name\":\"Sandra Ferreiro\",\"image\":{\"@type\":\"ImageObject\",\"inLanguage\":\"es\",\"@id\":\"https:\/\/adntro.com\/es\/#\/schema\/person\/image\/\",\"url\":\"https:\/\/secure.gravatar.com\/avatar\/ddaa4448bc53192d65c596cd5119749fb4d7167a3b3d7931d8b0470a2021bdc3?s=96&d=mm&r=g\",\"contentUrl\":\"https:\/\/secure.gravatar.com\/avatar\/ddaa4448bc53192d65c596cd5119749fb4d7167a3b3d7931d8b0470a2021bdc3?s=96&d=mm&r=g\",\"caption\":\"Sandra Ferreiro\"},\"description\":\"Bioinform\u00e1tica y Responsable del \u00e1rea cient\u00edfica en ADNTRO. Biotecn\u00f3loga por la Universidad Francisco de Vitoria, donde recibi\u00f3 dos becas de expediente acad\u00e9mico brillante. Estuvo trabajando en un proyecto de investigaci\u00f3n sobre la asimetr\u00eda izquierda-derecha en Newcastle, siendo premiada en la Conferencia del Centro de Investigaci\u00f3n Cardiovascular Trainees Meeting como el mejor p\u00f3ster (2018). Complet\u00f3 un m\u00e1ster en Biolog\u00eda Computacional en la Universidad Polit\u00e9cnica de Madrid. All\u00ed estudi\u00f3 las redes de interacci\u00f3n metab\u00f3lica en el microbioma de pacientes con Enfermedad de Chron y Colitis Ulcerosa en el centro de investigaci\u00f3n CBGP, centro de Excelencia Severo Ochoa (2020). Desde el 2020 es Bioinform\u00e1tica en ADNTRO donde desarrolla modelos predictivos, realiza anotaciones y an\u00e1lisis de variantes patog\u00e9nicas, investigaci\u00f3n de literatura GWAS y divulgaci\u00f3n cient\u00edfica.\",\"sameAs\":[\"https:\/\/www.linkedin.com\/in\/sandra-ferreiro-lpez-78804016a\/\"],\"url\":\"https:\/\/adntro.com\/es\/blog\/author\/sandra\/\"}]}<\/script>\n<!-- \/ Yoast SEO plugin. -->","yoast_head_json":{"title":"Cuidados para la piel en verano","description":"El verano puede impactar negativamente en nuestra piel. En ADNTRO te contamos los principales cuidados para la piel en verano.","robots":{"index":"index","follow":"follow","max-snippet":"max-snippet:-1","max-image-preview":"max-image-preview:large","max-video-preview":"max-video-preview:-1"},"canonical":"https:\/\/adntro.com\/es\/blog\/salud\/cuidados-piel-verano\/","og_locale":"es_ES","og_type":"article","og_title":"Cuidados para la piel en verano","og_description":"El verano puede impactar negativamente en nuestra piel. En ADNTRO te contamos los principales cuidados para la piel en verano.","og_url":"https:\/\/adntro.com\/es\/blog\/salud\/cuidados-piel-verano\/","og_site_name":"ADNTRO","article_publisher":"https:\/\/www.facebook.com\/ADNTROSPAIN\/","article_published_time":"2023-06-23T09:24:05+00:00","article_modified_time":"2024-02-07T09:53:49+00:00","og_image":[{"width":1024,"height":423,"url":"https:\/\/adntro.com\/wp-content\/uploads\/2023\/06\/image-3.png","type":"image\/png"}],"author":"Sandra Ferreiro","twitter_card":"summary_large_image","twitter_creator":"@adntrospain","twitter_site":"@adntrospain","twitter_misc":{"Escrito por":"Sandra Ferreiro","Tiempo de lectura":"4 minutos"},"schema":{"@context":"https:\/\/schema.org","@graph":[{"@type":"Article","@id":"https:\/\/adntro.com\/es\/blog\/salud\/cuidados-piel-verano\/#article","isPartOf":{"@id":"https:\/\/adntro.com\/es\/blog\/salud\/cuidados-piel-verano\/"},"author":{"name":"Sandra Ferreiro","@id":"https:\/\/adntro.com\/es\/#\/schema\/person\/a71eca38b563da2bb60f24d7e71f7d6b"},"headline":"Cuidados para la piel en verano\u00a0","datePublished":"2023-06-23T09:24:05+00:00","dateModified":"2024-02-07T09:53:49+00:00","mainEntityOfPage":{"@id":"https:\/\/adntro.com\/es\/blog\/salud\/cuidados-piel-verano\/"},"wordCount":680,"publisher":{"@id":"https:\/\/adntro.com\/es\/#organization"},"keywords":["adntro","alimentos","bienestar","gen\u00e9tica","hidrataci\u00f3n","piel","salud","sol","verano"],"articleSection":["Salud"],"inLanguage":"es"},{"@type":"WebPage","@id":"https:\/\/adntro.com\/es\/blog\/salud\/cuidados-piel-verano\/","url":"https:\/\/adntro.com\/es\/blog\/salud\/cuidados-piel-verano\/","name":"Cuidados para la piel en verano","isPartOf":{"@id":"https:\/\/adntro.com\/es\/#website"},"datePublished":"2023-06-23T09:24:05+00:00","dateModified":"2024-02-07T09:53:49+00:00","description":"El verano puede impactar negativamente en nuestra piel. En ADNTRO te contamos los principales cuidados para la piel en verano.","breadcrumb":{"@id":"https:\/\/adntro.com\/es\/blog\/salud\/cuidados-piel-verano\/#breadcrumb"},"inLanguage":"es","potentialAction":[{"@type":"ReadAction","target":["https:\/\/adntro.com\/es\/blog\/salud\/cuidados-piel-verano\/"]}]},{"@type":"BreadcrumbList","@id":"https:\/\/adntro.com\/es\/blog\/salud\/cuidados-piel-verano\/#breadcrumb","itemListElement":[{"@type":"ListItem","position":1,"name":"Home","item":"https:\/\/adntro.com\/de\/"},{"@type":"ListItem","position":2,"name":"Cuidados para la piel en verano\u00a0"}]},{"@type":"WebSite","@id":"https:\/\/adntro.com\/es\/#website","url":"https:\/\/adntro.com\/es\/","name":"ADNTRO","description":"Gen\u00e9tica, salud, nutrici\u00f3n","publisher":{"@id":"https:\/\/adntro.com\/es\/#organization"},"potentialAction":[{"@type":"SearchAction","target":{"@type":"EntryPoint","urlTemplate":"https:\/\/adntro.com\/es\/?s={search_term_string}"},"query-input":"required name=search_term_string"}],"inLanguage":"es"},{"@type":"Organization","@id":"https:\/\/adntro.com\/es\/#organization","name":"ADNTRO Genetics","url":"https:\/\/adntro.com\/es\/","logo":{"@type":"ImageObject","inLanguage":"es","@id":"https:\/\/adntro.com\/es\/#\/schema\/logo\/image\/","url":"https:\/\/adntro.com\/wp-content\/uploads\/2021\/08\/android-chrome-512x512-2.png","contentUrl":"https:\/\/adntro.com\/wp-content\/uploads\/2021\/08\/android-chrome-512x512-2.png","width":512,"height":512,"caption":"ADNTRO Genetics"},"image":{"@id":"https:\/\/adntro.com\/es\/#\/schema\/logo\/image\/"},"sameAs":["https:\/\/www.facebook.com\/ADNTROSPAIN\/","https:\/\/twitter.com\/adntrospain","https:\/\/www.instagram.com\/adntro_\/","https:\/\/www.pinterest.es\/ADNTRO_TEAM\/_saved\/"]},{"@type":"Person","@id":"https:\/\/adntro.com\/es\/#\/schema\/person\/a71eca38b563da2bb60f24d7e71f7d6b","name":"Sandra Ferreiro","image":{"@type":"ImageObject","inLanguage":"es","@id":"https:\/\/adntro.com\/es\/#\/schema\/person\/image\/","url":"https:\/\/secure.gravatar.com\/avatar\/ddaa4448bc53192d65c596cd5119749fb4d7167a3b3d7931d8b0470a2021bdc3?s=96&d=mm&r=g","contentUrl":"https:\/\/secure.gravatar.com\/avatar\/ddaa4448bc53192d65c596cd5119749fb4d7167a3b3d7931d8b0470a2021bdc3?s=96&d=mm&r=g","caption":"Sandra Ferreiro"},"description":"Bioinform\u00e1tica y Responsable del \u00e1rea cient\u00edfica en ADNTRO. Biotecn\u00f3loga por la Universidad Francisco de Vitoria, donde recibi\u00f3 dos becas de expediente acad\u00e9mico brillante. Estuvo trabajando en un proyecto de investigaci\u00f3n sobre la asimetr\u00eda izquierda-derecha en Newcastle, siendo premiada en la Conferencia del Centro de Investigaci\u00f3n Cardiovascular Trainees Meeting como el mejor p\u00f3ster (2018). Complet\u00f3 un m\u00e1ster en Biolog\u00eda Computacional en la Universidad Polit\u00e9cnica de Madrid. All\u00ed estudi\u00f3 las redes de interacci\u00f3n metab\u00f3lica en el microbioma de pacientes con Enfermedad de Chron y Colitis Ulcerosa en el centro de investigaci\u00f3n CBGP, centro de Excelencia Severo Ochoa (2020). Desde el 2020 es Bioinform\u00e1tica en ADNTRO donde desarrolla modelos predictivos, realiza anotaciones y an\u00e1lisis de variantes patog\u00e9nicas, investigaci\u00f3n de literatura GWAS y divulgaci\u00f3n cient\u00edfica.","sameAs":["https:\/\/www.linkedin.com\/in\/sandra-ferreiro-lpez-78804016a\/"],"url":"https:\/\/adntro.com\/es\/blog\/author\/sandra\/"}]}},"_links":{"self":[{"href":"https:\/\/adntro.com\/es\/wp-json\/wp\/v2\/posts\/11110","targetHints":{"allow":["GET"]}}],"collection":[{"href":"https:\/\/adntro.com\/es\/wp-json\/wp\/v2\/posts"}],"about":[{"href":"https:\/\/adntro.com\/es\/wp-json\/wp\/v2\/types\/post"}],"author":[{"embeddable":true,"href":"https:\/\/adntro.com\/es\/wp-json\/wp\/v2\/users\/8"}],"replies":[{"embeddable":true,"href":"https:\/\/adntro.com\/es\/wp-json\/wp\/v2\/comments?post=11110"}],"version-history":[{"count":5,"href":"https:\/\/adntro.com\/es\/wp-json\/wp\/v2\/posts\/11110\/revisions"}],"predecessor-version":[{"id":13273,"href":"https:\/\/adntro.com\/es\/wp-json\/wp\/v2\/posts\/11110\/revisions\/13273"}],"wp:featuredmedia":[{"embeddable":true,"href":"https:\/\/adntro.com\/es\/wp-json\/wp\/v2\/media\/11114"}],"wp:attachment":[{"href":"https:\/\/adntro.com\/es\/wp-json\/wp\/v2\/media?parent=11110"}],"wp:term":[{"taxonomy":"category","embeddable":true,"href":"https:\/\/adntro.com\/es\/wp-json\/wp\/v2\/categories?post=11110"},{"taxonomy":"post_tag","embeddable":true,"href":"https:\/\/adntro.com\/es\/wp-json\/wp\/v2\/tags?post=11110"}],"curies":[{"name":"wp","href":"https:\/\/api.w.org\/{rel}","templated":true}]}}