{"id":9195,"date":"2022-12-07T10:30:00","date_gmt":"2022-12-07T09:30:00","guid":{"rendered":"https:\/\/adntro.com\/?p=9195"},"modified":"2025-07-28T08:36:15","modified_gmt":"2025-07-28T06:36:15","slug":"alzheimer","status":"publish","type":"post","link":"https:\/\/adntro.com\/en\/blog\/salud\/alzheimer\/","title":{"rendered":"Alzheimer's"},"content":{"rendered":"<h2 class=\"wp-block-heading\"><strong>What is Alzheimer's disease?<\/strong><\/h2>\n\n\n\n<p>Dementia, also called major neurocognitive disorder, encompasses a set of concurrent symptoms whose main symptom is a severe cognitive impairment that affects the functioning and activities of daily living of people who suffer from it.<\/p>\n\n\n\n<p class=\" translation-block\"><b>The disease of Alzheimer's is the most common form of dementia<\/b> (between 60-80% of cases). It is considered a neurocognitive disease of aging since its prevalence in Western populations increases from 1% among individuals aged 65 years to 25% among individuals over 90 years of age. Given the continuing aging of the population, Alzheimer's disease has been listed as the epidemic of the XXI century, being one of the main priorities at the public health level.<\/p>\n\n\n\n<div style=\"height:31px\" aria-hidden=\"true\" class=\"wp-block-spacer\"><\/div>\n\n\n<div class=\"wp-block-image\">\n<figure class=\"aligncenter size-full is-resized\"><img fetchpriority=\"high\" decoding=\"async\" width=\"567\" height=\"543\" src=\"https:\/\/adntro.com\/wp-content\/uploads\/2022\/12\/prevalencia-AD-edad-1.png\" alt=\"Prevalence of Alzheimer&#039;s disease using age as variable.\" class=\"wp-image-9226\" style=\"width:471px;height:451px\" srcset=\"https:\/\/adntro.com\/wp-content\/uploads\/2022\/12\/prevalencia-AD-edad-1.png 567w, https:\/\/adntro.com\/wp-content\/uploads\/2022\/12\/prevalencia-AD-edad-1-300x287.png 300w, https:\/\/adntro.com\/wp-content\/uploads\/2022\/12\/prevalencia-AD-edad-1-13x12.png 13w\" sizes=\"(max-width: 567px) 100vw, 567px\" \/><figcaption class=\"wp-element-caption\">Prevalence of Alzheimer's disease using age as variable.<\/figcaption><\/figure>\n<\/div>\n\n\n<div style=\"height:26px\" aria-hidden=\"true\" class=\"wp-block-spacer\"><\/div>\n\n\n\n<p class=\" translation-block\">At the cognitive level, Alzheimer's disease is characterized by problems in <b>memory<\/b>, difficulties in recognizing or remembering the names of things (anomie), <b>orientation<\/b> problems, and deterioration in <b>reasoning<\/b> and decision-making skills.  The symptoms at the beginning of the disease are subtle and progressively worsen to the point of interfering with daily tasks.  Therefore, the cognitive deficits of Alzheimer's disease vary depending on the stage of the disease:<\/p>\n\n\n\n<ol class=\"wp-block-list\" style=\"list-style-type:1\">\n<li class=\" translation-block\"><b>Symptoms of mild Alzheimer's disease<\/b>: This is the early and mild stage of Alzheimer's disease. The person is able to function independently. However, the person has episodes of mild memory loss or even the location of objects used on a day-to-day basis.<\/li>\n\n\n\n<li class=\" translation-block\"><b>Symptoms of severe Alzheimer's disease<\/b>: This is the most serious stage. Communication becomes very difficult, and changes in physical abilities are experienced, including the ability to speak, sit and eventually swallow. The person cannot function on his own and loses track of recent experiences, memories, and events surrounding him.<\/li>\n\n\n\n<li><strong>Symptoms of severe Alzheimer's disease<\/strong>This is the most severe stage. Communication becomes very difficult, changes in physical abilities are experienced, including the ability to speak, sit and eventually swallow. The person is not able to function on his own and loses track of recent experiences, memories and events around him. &nbsp;&nbsp;&nbsp;&nbsp;&nbsp;<\/li>\n<\/ol>\n\n\n\n<div style=\"height:35px\" aria-hidden=\"true\" class=\"wp-block-spacer\"><\/div>\n\n\n<div class=\"wp-block-image\">\n<figure class=\"aligncenter size-full\"><img decoding=\"async\" width=\"490\" height=\"322\" src=\"https:\/\/adntro.com\/wp-content\/uploads\/2022\/12\/AD.jpg\" alt=\"Graphic representation of Alzheimer&#039;s disease\" class=\"wp-image-9196\" srcset=\"https:\/\/adntro.com\/wp-content\/uploads\/2022\/12\/AD.jpg 490w, https:\/\/adntro.com\/wp-content\/uploads\/2022\/12\/AD-300x197.jpg 300w, https:\/\/adntro.com\/wp-content\/uploads\/2022\/12\/AD-18x12.jpg 18w\" sizes=\"(max-width: 490px) 100vw, 490px\" \/><\/figure>\n<\/div>\n\n\n<div style=\"height:34px\" aria-hidden=\"true\" class=\"wp-block-spacer\"><\/div>\n\n\n\n<h2 class=\"wp-block-heading\"><strong>Genetic architecture of Alzheimer's disease<\/strong><\/h2>\n\n\n\n<p class=\" translation-block\"><b>From a genetic point of view<\/b>, <b>Alzheimer's<\/b> can be divided into two <b>subgroups<\/b>:<\/p>\n\n\n\n<ol class=\"wp-block-list\" style=\"list-style-type:1\">\n<li><strong>Late onset or sporadic cases<\/strong>Heritability: this is the most common subgroup (90-95% of cases) influenced by multiple common variants whose individual effect on the disease is low. Heritability (proportion of variation of a trait in a population that can be attributed to genetic factors) is between 70-80% and its analysis is possible with genotyping (genomic technology used in the <a href=\"https:\/\/adntro.com\/en\/dna-genetic-test-report-diseases\/\"><strong>DNA TEST<\/strong><\/a> of ADNTRO).<\/li>\n\n\n\n<li><strong>Early onset or familial cases<\/strong>Early onset Alzheimer's disease is rare (5-10% of cases), occurring in people under 65 years of age, and the disease is most common in people under 65 years of age. <a href=\"https:\/\/adntro.com\/en\/blog\/corporate-news\/what-is-heritability-inside\/\">heritability<\/a>in this case, it is around 90%. It is usually explained by rare genetic variants that have a strong effect on the disease. Its analysis is carried out with the sequencing of the <a href=\"https:\/\/adntro.com\/en\/blog\/salud\/complete-genome\/\">complete genome<\/a> (service available at ADNTRO).<\/li>\n<\/ol>\n\n\n\n<p>When we talk about genetic variants and effects, we find the following trend.<\/p>\n\n\n\n<div style=\"height:21px\" aria-hidden=\"true\" class=\"wp-block-spacer\"><\/div>\n\n\n<div class=\"wp-block-image\">\n<figure class=\"aligncenter size-full\"><img decoding=\"async\" width=\"488\" height=\"355\" src=\"https:\/\/adntro.com\/wp-content\/uploads\/2022\/12\/variantes_efectos.png\" alt=\"Effect of common variants and rare variants\" class=\"wp-image-9197\" srcset=\"https:\/\/adntro.com\/wp-content\/uploads\/2022\/12\/variantes_efectos.png 488w, https:\/\/adntro.com\/wp-content\/uploads\/2022\/12\/variantes_efectos-300x218.png 300w, https:\/\/adntro.com\/wp-content\/uploads\/2022\/12\/variantes_efectos-16x12.png 16w\" sizes=\"(max-width: 488px) 100vw, 488px\" \/><\/figure>\n<\/div>\n\n\n<div style=\"height:23px\" aria-hidden=\"true\" class=\"wp-block-spacer\"><\/div>\n\n\n\n<p class=\" translation-block\">There are rare variants that can cause the early onset of Alzheimer's disease, for example: rare variants in the <em>PSEN1, PSEN2<\/em> and <em>APP<\/em> genes. On the contrary, common variants (frequent in the population) alone tend to have less influence on the disease (the effect is smaller) making neccesary the existence of multiple common variants associated with the disease in order to present a high predisposition to develop the disease.<\/p>\n\n\n\n<p class=\" translation-block\"><b>In ADNTRO we analyze genetic biomarkers associated with late-onset Alzheimer's<\/b>, thus analyzing <b>common genetic variants<\/b> highly associated with Alzheimer\u2019s Disease.<\/p>\n\n\n\n<h2 class=\"wp-block-heading\"><strong>Your genetic predisposition to developing Alzheimer's<\/strong><\/h2>\n\n\n\n<p><strong><b>At ADNTRO, we analyze common genetic biomarkers associated with late-onset Alzheimer's disease, based on findings from large-scale genome-wide association studies (GWAS) conducted in large biobanks.<\/b><\/strong>.<\/p>\n\n\n\n<p class=\" translation-block\">To calculate your predisposition or protection against Alzheimer's disease, we rely on a recent scientific <a href=\"https:\/\/journals.plos.org\/plosgenetics\/article?id=10.1371\/journal.pgen.1010208\" target=\"_self\">study<\/a> in which they identify more than two thousand common genetic variants associated with this disease.<\/p>\n\n\n\n<p>Get to know your genetic predisposition to Alzheimer's disease in ADNTRO!<\/p>\n\n\n\n<h2 class=\"wp-block-heading\"><strong>The genetics behind Alzheimer's disease<\/strong><\/h2>\n\n\n\n<p class=\" translation-block\">Genetic risk variants linked to Alzheimer's disease increase the risk of developing the disease in probabilistic terms, so <b>high genetic risk for developing Alzheimer's disease does not mean that you will develop it<\/b>. While it is true that being a homozygous carrier of the APOE-\u025b4 haplotype is associated with a risk of developing Alzheimer's disease between 8 and 10 times higher than non-carriers of this form of the gene (genetic variation in this gene explains approximately 10% of the genetic risk for Alzheimer's disease).<\/p>\n\n\n\n<p>Genetic variants are specific points of DNA and therefore belong to or are very close to certain genes.<\/p>\n\n\n\n<p>The most relevant genes for Alzheimer's disease are:<\/p>\n\n\n\n<ol class=\"wp-block-list\" style=\"list-style-type:1\">\n<li class=\" translation-block\"><b><em>CLU<\/b><\/em>:  helps regulate the removal of amyloid beta from the brain.<\/li>\n\n\n\n<li class=\" translation-block\"><b><em>CR1<\/b><\/em>: a deficiency of the protein encoded by this gene can contribute to chronic inflammation of the brain<\/li>\n\n\n\n<li class=\" translation-block\"><b><em>PICALM<\/b><\/em>: involved in the synapse. A correct synapse is essential for the proper functioning of neurons and the formation of memory.<\/li>\n\n\n\n<li class=\" translation-block\"><b><em>APOE<\/b><\/em>: is a highly studied and related gene to Alzheimer's disease. There are different \"versions\" (alleles) of this gene. <b>Different combinations of these versions confer a greater or lesser risk of developing the disease<\/b>. For this reason, in addition to obtaining your genetic predisposition based on more than 2,000 genetic variants associated with the risk of being diagnosed with Alzheimer's disease, we indicate your APOE haplotype. That is your \"combination of possible versions of APOE\". The APOE  haplotype is based on the combination of the genotype present for two very specific genetic variants of the <em>APOE<\/em> gene. Discover your <a href=\"https:\/\/adntro.com\/en\/dna-genetic-test-report-diseases\/\" target=\"_self\">APOE haplotype<\/a> with ADNTRO.<\/li>\n<\/ol>\n\n\n\n<h2 class=\"wp-block-heading\"><strong>Your APOE haplotype<\/strong><\/h2>\n\n\n\n<p class=\" translation-block\">The <em>APOE<\/em> gene is a highly studied gene linked to Alzheimer's disease. Two common genetic variants within this gene determine the different ways that give a greater or lesser risk of developing the disease. For example, being a carrier of the APOE-\u03b54\/APOE-\u03b54 form has been associated with an 8- to 10-fold increased risk of developing the disease. <b>Inheriting the APOE \u03b54 setting does not mean that you will develop the disease<\/b>, only that you have an increased risk for it.<\/p>\n\n\n\n<p class=\" translation-block\">The same applies the other way around. The fact of <b>not having the APOE \u03b54 configuration does not exclude the possibility of developing Alzheimer's disease<\/b>. For this reason, both the APOE haplotype and the \"bar\" with your result that we provide in ADNTRO are independent variables that indicate whether you have a higher or lower risk of developing the disease.<\/p>\n\n\n\n<p>The genetic risk of Alzheimer's depends on many other genetic variants, with APOE being responsible for only 10% of the total risk.<\/p>\n\n\n\n<p>The APOE haplotype explains approximately 10% of the genetic risk explained by common genetic variants of Alzheimer's disease, which represents a great effect for this region located on chromosome 19. It is estimated that the remaining common genetic risk variants associated with Alzheimer's disease are responsible for approximately another 10% of the genetic risk of it, leaving up to 80% of the genetic risk of Alzheimer's still undiscovered.<\/p>\n\n\n\n<p class=\" translation-block\">There are three configurations of the APOE gene (\u03b52, \u03b53, or \u03b54). Discover your <a href=\"https:\/\/adntro.com\/en\/dna-genetic-test-report-diseases\/\" target=\"_self\">APOE haplotype in ADNTRO<\/a>!<\/p>\n\n\n\n<div style=\"height:27px\" aria-hidden=\"true\" class=\"wp-block-spacer\"><\/div>\n\n\n<div class=\"wp-block-image\">\n<figure class=\"aligncenter size-large is-resized\"><img loading=\"lazy\" decoding=\"async\" width=\"1024\" height=\"986\" src=\"https:\/\/adntro.com\/wp-content\/uploads\/2022\/12\/haplotipo_ADNTRO-1024x986.png\" alt=\"Prevalence haplotype APOE ADNTRO\" class=\"wp-image-9208\" style=\"width:519px;height:494px\" srcset=\"https:\/\/adntro.com\/wp-content\/uploads\/2022\/12\/haplotipo_ADNTRO-1024x986.png 1024w, https:\/\/adntro.com\/wp-content\/uploads\/2022\/12\/haplotipo_ADNTRO-300x289.png 300w, https:\/\/adntro.com\/wp-content\/uploads\/2022\/12\/haplotipo_ADNTRO-768x740.png 768w, https:\/\/adntro.com\/wp-content\/uploads\/2022\/12\/haplotipo_ADNTRO-1536x1479.png 1536w, https:\/\/adntro.com\/wp-content\/uploads\/2022\/12\/haplotipo_ADNTRO-2048x1972.png 2048w, https:\/\/adntro.com\/wp-content\/uploads\/2022\/12\/haplotipo_ADNTRO-12x12.png 12w\" sizes=\"(max-width: 1024px) 100vw, 1024px\" \/><\/figure>\n<\/div>\n\n\n<div style=\"height:29px\" aria-hidden=\"true\" class=\"wp-block-spacer\"><\/div>\n\n\n\n<h2 class=\"wp-block-heading\"><strong>Pathophysiology of Alzheimer's disease <\/strong><\/h2>\n\n\n\n<p class=\" translation-block\">The first phase of Alzheimer's disease is based on the death of cells in the <b>hippocampus<\/b>, the region of the brain <b>where memories are stored<\/b>. It also affects the <b>parahippocampal cortex<\/b> that is responsible for processes as important as <b>memory<\/b> and <b>learning<\/b>, thus losing the ability to store new memories.<\/p>\n\n\n\n<p class=\" translation-block\">Subsequently, the deterioration will expand to other brain structures such as the <b>entorhinal cortex<\/b> that performs extraordinarily important functions such as the consolidation of autobiographical memory, which <b>allows us to know who we are<\/b>.<\/p>\n\n\n\n<p class=\" translation-block\"><b>Alzheimer's disease is clinically characterized by cognitive impairment<\/b> (loss and death of neurons) that interferes with independence in everyday activities.  And you may wonder, what causes all this damage to the brain? If we talk about Alzheimer's, at the molecular level it is worth highlighting <b>three major characteristics responsible for the cognitive deterioration that characterizes the disease biologically<\/b>:<\/p>\n\n\n\n<ol class=\"wp-block-list\" style=\"list-style-type:1\">\n<li class=\" translation-block\"><b>Formation of neurofibrillary tangles<\/b>. These tangles appear from <b>tau protein<\/b>. This protein is responsible for stabilizing structures in our brain. The problem comes when the tau protein loses its stabilizing activity and forms precipitates (neurofibrillary tangles), which causes damage to the structure of our brain.<\/li>\n\n\n\n<li class=\" translation-block\"><b>Appearance of neuritic plaques<\/b>. The person responsible for the formation of these plaques is a protein called <b>beta-amyloid<\/b>. When these precipitates are formed, a strong inflammatory response is triggered, thus generating damage to our brain. The protein encoded by the <b><em>APOE<\/b><\/em> gene  is <b>responsible for breaking these beta-amyloid plaques<\/b>. It has been seen that the \u03b54 allele is less effective when performing this action, thus giving a greater risk of suffering from Alzheimer's disease to those who carry it.<\/li>\n\n\n\n<li class=\" translation-block\"><b>Loss of functional synapses<\/b>. The synapse is the way our neurons communicate. To make it a little more visual and develop a simple molecular explanation, let's imagine a huge spider web created in the corner of a wall. If an ant falls into the spider's web, the structure remains intact, but in case of falling an entire anthill at once, the structure will be broken, eliminating the connections that existed in the first place between one end and the other of the wall. The same goes for our brain. All the connections formed between our neurons (synapses) can be altered and even destroyed with the formation of neurofibrillary tangles and neuritic plaques that are nothing more than precipitates (groups of ants) falling on our neural connections (spider web).<\/li>\n<\/ol>\n\n\n<div class=\"wp-block-image\">\n<figure class=\"aligncenter size-full is-resized\"><img loading=\"lazy\" decoding=\"async\" width=\"844\" height=\"438\" src=\"https:\/\/adntro.com\/wp-content\/uploads\/2022\/12\/sinapsis.jpg\" alt=\"Synapses\" class=\"wp-image-9199\" style=\"width:605px;height:313px\" srcset=\"https:\/\/adntro.com\/wp-content\/uploads\/2022\/12\/sinapsis.jpg 844w, https:\/\/adntro.com\/wp-content\/uploads\/2022\/12\/sinapsis-300x156.jpg 300w, https:\/\/adntro.com\/wp-content\/uploads\/2022\/12\/sinapsis-768x399.jpg 768w, https:\/\/adntro.com\/wp-content\/uploads\/2022\/12\/sinapsis-18x9.jpg 18w\" sizes=\"(max-width: 844px) 100vw, 844px\" \/><\/figure>\n<\/div>\n\n\n<div style=\"height:28px\" aria-hidden=\"true\" class=\"wp-block-spacer\"><\/div>\n\n\n\n<p><strong>Recent studies suggest that the amyloid-beta protein<\/strong> is not an anomalous protein, but an endogenous molecule which <strong>is part of the brain's immune system<\/strong>. This positions the beta-amyloid protein as a key element of the brain's immune response when, for example, a brain trauma or bacterial infection occurs.<\/p>\n\n\n\n<p>Due to the great similarity between the fat molecules that make up the membranes of bacteria and the membranes of brain cells, it is postulated that in cases of Alzheimer's disease, beta-amyloid might not distinguish between invading bacteria and brain cells, mistakenly attacking the latter.<\/p>\n\n\n\n<p class=\" translation-block\"><b>In this case<\/b>, if the new hypothesis is correct, <b>Alzheimer's disease would be considered an autoimmune disease<\/b> since the cause of the disease is due to a misdirected attack by the brain's immune system.<\/p>\n\n\n\n<h2 class=\"wp-block-heading\">Sources and links of interest<\/h2>\n\n\n\n<p><a href=\"https:\/\/www.fundacioace.com\/es\" target=\"_blank\" rel=\"noreferrer noopener\">https:\/\/www.fundacioace.com\/es<\/a><\/p>\n\n\n\n<p><a href=\"https:\/\/www.nia.nih.gov\/health\/alzheimers-disease-genetics-fact-sheet\" target=\"_blank\" rel=\"noreferrer noopener\">https:\/\/www.nia.nih.gov\/health\/alzheimers-disease-genetics-fact-sheet<\/a><\/p>\n\n\n\n<p><a href=\"https:\/\/www.mayoclinic.org\/diseases-conditions\/alzheimers-disease\/in-depth\/alzheimers-genes\/art-20046552#:~:text=Young%2Donset%20Alzheimer's&amp;text=This%20type%20of%20Alzheimer's%20disease,Alzheimer's%20symptoms%20before%20age%2065\" target=\"_blank\" rel=\"noreferrer noopener\">https:\/\/www.mayoclinic.org\/diseases-conditions\/alzheimers-disease\/in-depth\/alzheimers-genes\/art-20046552#:~:text=Young%2Donset%20Alzheimer&#8217;s&amp;text=This%20type%20of%20Alzheimer&#8217;s%20disease,Alzheimer&#8217;s%20symptoms%20before%20age%2065<\/a><\/p>\n\n\n\n<p><a href=\"https:\/\/www.ncbi.nlm.nih.gov\/pmc\/articles\/PMC9200312\/\" target=\"_blank\" rel=\"noreferrer noopener\">https:\/\/www.ncbi.nlm.nih.gov\/pmc\/articles\/PMC9200312\/<\/a><\/p>\n\n\n\n<p><a href=\"https:\/\/www.nia.nih.gov\/espanol\/hoja-informativa-sobre-enfermedad-alzheimer#:~:text=La%20enfermedad%20de%20Alzheimer%20es,m%C3%A1s%20tarde%20en%20la%20vida.\" target=\"_blank\" rel=\"noreferrer noopener\">https:\/\/www.nia.nih.gov\/espanol\/hoja-informativa-sobre-enfermedad-alzheimer#:~:text=La%20enfermedad%20de%20Alzheimer%20es,m%C3%A1s%20tarde%20en%20la%20vida<\/a><\/p>\n\n\n\n<p><a href=\"https:\/\/www.alz.org\/alzheimer-demencia\/etapas\" target=\"_blank\" rel=\"noreferrer noopener\">https:\/\/www.alz.org\/alzheimer-demencia\/etapas<\/a><\/p>\n\n\n\n<p><a href=\"https:\/\/www.mayoclinic.org\/es-es\/diseases-conditions\/alzheimers-disease\/in-depth\/alzheimers-genes\/art-20046552\" target=\"_blank\" rel=\"noreferrer noopener\">https:\/\/www.mayoclinic.org\/es-es\/diseases-conditions\/alzheimers-disease\/in-depth\/alzheimers-genes\/art-20046552<\/a><\/p>\n\n\n\n<p><a href=\"https:\/\/theconversation.com\/hay-motivos-para-sospechar-que-el-alzheimer-podria-ser-una-enfermedad-autoinmune-190998#:~:text=El%20alzh%C3%A9imer%20como%20enfermedad%20autoinmune&amp;text=Cuando%20se%20produce%20un%20traumatismo,es%20donde%20empieza%20el%20pro.\" target=\"_blank\" rel=\"noreferrer noopener\">https:\/\/theconversation.com\/hay-motivos-para-sospechar-que-el-alzheimer-podria-ser-una-enfermedad-autoinmune-190998#:~:text=El%20alzh%C3%A9imer%20como%20enfermedad%20autoinmune&amp;text=Cuando%20se%20produce%20un%20traumatismo,es%20donde%20empieza%20el%20pro.<\/a><\/p>","protected":false},"excerpt":{"rendered":"<p>What is Alzheimer's disease? Dementia, also called major neurocognitive disorder, encompasses a set of concurrent symptoms whose main symptom is severe cognitive impairment that affects the functioning and activities of daily living of those who suffer from it. Alzheimer's disease is the most common form of [...]<\/p>","protected":false},"author":8,"featured_media":9196,"comment_status":"open","ping_status":"open","sticky":false,"template":"","format":"standard","meta":{"footnotes":""},"categories":[430],"tags":[42,417,418,419,389,421,420,422,32,20,238],"class_list":["post-9195","post","type-post","status-publish","format-standard","has-post-thumbnail","hentry","category-salud","tag-adntro","tag-alzheimer","tag-apoe","tag-epsilon-4","tag-genetica-2","tag-haplotipo-apoe","tag-haplotipos","tag-prevalencia","tag-salud","tag-snp","tag-variantes"],"yoast_head":"<!-- This site is optimized with the Yoast SEO plugin v22.0 - https:\/\/yoast.com\/wordpress\/plugins\/seo\/ -->\n<title>\u00bfQu\u00e9 es el Alzheimer? | ADNTRO<\/title>\n<meta name=\"description\" content=\"Descubre la gen\u00e9tica que hay detr\u00e1s de esta enfermedad y qu\u00e9 ocurre a nivel biol\u00f3gico en el organismo de personas diagnosticadas con Alzheimer\" \/>\n<meta name=\"robots\" content=\"index, follow, max-snippet:-1, max-image-preview:large, max-video-preview:-1\" \/>\n<link rel=\"canonical\" href=\"https:\/\/adntro.com\/en\/blog\/salud\/alzheimer\/\" \/>\n<meta property=\"og:locale\" content=\"en_US\" \/>\n<meta property=\"og:type\" content=\"article\" \/>\n<meta property=\"og:title\" content=\"\u00bfQu\u00e9 es el Alzheimer? | ADNTRO\" \/>\n<meta property=\"og:description\" content=\"Descubre la gen\u00e9tica que hay detr\u00e1s de esta enfermedad y qu\u00e9 ocurre a nivel biol\u00f3gico en el organismo de personas diagnosticadas con Alzheimer\" \/>\n<meta property=\"og:url\" content=\"https:\/\/adntro.com\/en\/blog\/salud\/alzheimer\/\" \/>\n<meta property=\"og:site_name\" content=\"ADNTRO\" \/>\n<meta property=\"article:publisher\" content=\"https:\/\/www.facebook.com\/ADNTROSPAIN\/\" \/>\n<meta property=\"article:published_time\" content=\"2022-12-07T09:30:00+00:00\" \/>\n<meta property=\"article:modified_time\" content=\"2025-07-28T06:36:15+00:00\" \/>\n<meta property=\"og:image\" content=\"https:\/\/adntro.com\/wp-content\/uploads\/2022\/12\/AD.jpg\" \/>\n\t<meta property=\"og:image:width\" content=\"490\" \/>\n\t<meta property=\"og:image:height\" content=\"322\" \/>\n\t<meta property=\"og:image:type\" content=\"image\/jpeg\" \/>\n<meta name=\"author\" content=\"Sandra Ferreiro\" \/>\n<meta name=\"twitter:card\" content=\"summary_large_image\" \/>\n<meta name=\"twitter:creator\" content=\"@adntrospain\" \/>\n<meta name=\"twitter:site\" content=\"@adntrospain\" \/>\n<meta name=\"twitter:label1\" content=\"Written by\" \/>\n\t<meta name=\"twitter:data1\" content=\"Sandra Ferreiro\" \/>\n\t<meta name=\"twitter:label2\" content=\"Est. reading time\" \/>\n\t<meta name=\"twitter:data2\" content=\"10 minutes\" \/>\n<script type=\"application\/ld+json\" class=\"yoast-schema-graph\">{\"@context\":\"https:\/\/schema.org\",\"@graph\":[{\"@type\":\"Article\",\"@id\":\"https:\/\/adntro.com\/es\/blog\/salud\/alzheimer\/#article\",\"isPartOf\":{\"@id\":\"https:\/\/adntro.com\/en\/blog\/salud\/alzheimer\/\"},\"author\":{\"name\":\"Sandra Ferreiro\",\"@id\":\"https:\/\/adntro.com\/es\/#\/schema\/person\/a71eca38b563da2bb60f24d7e71f7d6b\"},\"headline\":\"Alzheimer\",\"datePublished\":\"2022-12-07T09:30:00+00:00\",\"dateModified\":\"2025-07-28T06:36:15+00:00\",\"mainEntityOfPage\":{\"@id\":\"https:\/\/adntro.com\/en\/blog\/salud\/alzheimer\/\"},\"wordCount\":2118,\"commentCount\":0,\"publisher\":{\"@id\":\"https:\/\/adntro.com\/es\/#organization\"},\"keywords\":[\"adntro\",\"alzheimer\",\"APOE\",\"epsilon 4\",\"genetica\",\"haplotipo APOE\",\"haplotipos\",\"prevalencia\",\"salud\",\"SNP\",\"variantes\"],\"articleSection\":[\"Salud\"],\"inLanguage\":\"en-US\",\"potentialAction\":[{\"@type\":\"CommentAction\",\"name\":\"Comment\",\"target\":[\"https:\/\/adntro.com\/es\/blog\/salud\/alzheimer\/#respond\"]}]},{\"@type\":\"WebPage\",\"@id\":\"https:\/\/adntro.com\/en\/blog\/salud\/alzheimer\/\",\"url\":\"https:\/\/adntro.com\/es\/blog\/salud\/alzheimer\/\",\"name\":\"\u00bfQu\u00e9 es el Alzheimer? | ADNTRO\",\"isPartOf\":{\"@id\":\"https:\/\/adntro.com\/es\/#website\"},\"datePublished\":\"2022-12-07T09:30:00+00:00\",\"dateModified\":\"2025-07-28T06:36:15+00:00\",\"description\":\"Descubre la gen\u00e9tica que hay detr\u00e1s de esta enfermedad y qu\u00e9 ocurre a nivel biol\u00f3gico en el organismo de personas diagnosticadas con Alzheimer\",\"breadcrumb\":{\"@id\":\"https:\/\/adntro.com\/es\/blog\/salud\/alzheimer\/#breadcrumb\"},\"inLanguage\":\"en-US\",\"potentialAction\":[{\"@type\":\"ReadAction\",\"target\":[\"https:\/\/adntro.com\/es\/blog\/salud\/alzheimer\/\"]}]},{\"@type\":\"BreadcrumbList\",\"@id\":\"https:\/\/adntro.com\/es\/blog\/salud\/alzheimer\/#breadcrumb\",\"itemListElement\":[{\"@type\":\"ListItem\",\"position\":1,\"name\":\"Home\",\"item\":\"https:\/\/adntro.com\/de\/\"},{\"@type\":\"ListItem\",\"position\":2,\"name\":\"Alzheimer\"}]},{\"@type\":\"WebSite\",\"@id\":\"https:\/\/adntro.com\/es\/#website\",\"url\":\"https:\/\/adntro.com\/es\/\",\"name\":\"ADNTRO\",\"description\":\"Gen\u00e9tica, salud, nutrici\u00f3n\",\"publisher\":{\"@id\":\"https:\/\/adntro.com\/es\/#organization\"},\"potentialAction\":[{\"@type\":\"SearchAction\",\"target\":{\"@type\":\"EntryPoint\",\"urlTemplate\":\"https:\/\/adntro.com\/es\/?s={search_term_string}\"},\"query-input\":\"required name=search_term_string\"}],\"inLanguage\":\"en-US\"},{\"@type\":\"Organization\",\"@id\":\"https:\/\/adntro.com\/es\/#organization\",\"name\":\"ADNTRO Genetics\",\"url\":\"https:\/\/adntro.com\/es\/\",\"logo\":{\"@type\":\"ImageObject\",\"inLanguage\":\"en-US\",\"@id\":\"https:\/\/adntro.com\/es\/#\/schema\/logo\/image\/\",\"url\":\"https:\/\/adntro.com\/wp-content\/uploads\/2021\/08\/android-chrome-512x512-2.png\",\"contentUrl\":\"https:\/\/adntro.com\/wp-content\/uploads\/2021\/08\/android-chrome-512x512-2.png\",\"width\":512,\"height\":512,\"caption\":\"ADNTRO Genetics\"},\"image\":{\"@id\":\"https:\/\/adntro.com\/es\/#\/schema\/logo\/image\/\"},\"sameAs\":[\"https:\/\/www.facebook.com\/ADNTROSPAIN\/\",\"https:\/\/twitter.com\/adntrospain\",\"https:\/\/www.instagram.com\/adntro_\/\",\"https:\/\/www.pinterest.es\/ADNTRO_TEAM\/_saved\/\"]},{\"@type\":\"Person\",\"@id\":\"https:\/\/adntro.com\/es\/#\/schema\/person\/a71eca38b563da2bb60f24d7e71f7d6b\",\"name\":\"Sandra Ferreiro\",\"image\":{\"@type\":\"ImageObject\",\"inLanguage\":\"en-US\",\"@id\":\"https:\/\/adntro.com\/es\/#\/schema\/person\/image\/\",\"url\":\"https:\/\/secure.gravatar.com\/avatar\/ddaa4448bc53192d65c596cd5119749fb4d7167a3b3d7931d8b0470a2021bdc3?s=96&d=mm&r=g\",\"contentUrl\":\"https:\/\/secure.gravatar.com\/avatar\/ddaa4448bc53192d65c596cd5119749fb4d7167a3b3d7931d8b0470a2021bdc3?s=96&d=mm&r=g\",\"caption\":\"Sandra Ferreiro\"},\"description\":\"Bioinform\u00e1tica y Responsable del \u00e1rea cient\u00edfica en ADNTRO. Biotecn\u00f3loga por la Universidad Francisco de Vitoria, donde recibi\u00f3 dos becas de expediente acad\u00e9mico brillante. Estuvo trabajando en un proyecto de investigaci\u00f3n sobre la asimetr\u00eda izquierda-derecha en Newcastle, siendo premiada en la Conferencia del Centro de Investigaci\u00f3n Cardiovascular Trainees Meeting como el mejor p\u00f3ster (2018). Complet\u00f3 un m\u00e1ster en Biolog\u00eda Computacional en la Universidad Polit\u00e9cnica de Madrid. All\u00ed estudi\u00f3 las redes de interacci\u00f3n metab\u00f3lica en el microbioma de pacientes con Enfermedad de Chron y Colitis Ulcerosa en el centro de investigaci\u00f3n CBGP, centro de Excelencia Severo Ochoa (2020). Desde el 2020 es Bioinform\u00e1tica en ADNTRO donde desarrolla modelos predictivos, realiza anotaciones y an\u00e1lisis de variantes patog\u00e9nicas, investigaci\u00f3n de literatura GWAS y divulgaci\u00f3n cient\u00edfica.\",\"sameAs\":[\"https:\/\/www.linkedin.com\/in\/sandra-ferreiro-lpez-78804016a\/\"],\"url\":\"https:\/\/adntro.com\/en\/blog\/author\/sandra\/\"}]}<\/script>\n<!-- \/ Yoast SEO plugin. -->","yoast_head_json":{"title":"\u00bfQu\u00e9 es el Alzheimer? | ADNTRO","description":"Descubre la gen\u00e9tica que hay detr\u00e1s de esta enfermedad y qu\u00e9 ocurre a nivel biol\u00f3gico en el organismo de personas diagnosticadas con Alzheimer","robots":{"index":"index","follow":"follow","max-snippet":"max-snippet:-1","max-image-preview":"max-image-preview:large","max-video-preview":"max-video-preview:-1"},"canonical":"https:\/\/adntro.com\/en\/blog\/salud\/alzheimer\/","og_locale":"en_US","og_type":"article","og_title":"\u00bfQu\u00e9 es el Alzheimer? | ADNTRO","og_description":"Descubre la gen\u00e9tica que hay detr\u00e1s de esta enfermedad y qu\u00e9 ocurre a nivel biol\u00f3gico en el organismo de personas diagnosticadas con Alzheimer","og_url":"https:\/\/adntro.com\/en\/blog\/salud\/alzheimer\/","og_site_name":"ADNTRO","article_publisher":"https:\/\/www.facebook.com\/ADNTROSPAIN\/","article_published_time":"2022-12-07T09:30:00+00:00","article_modified_time":"2025-07-28T06:36:15+00:00","og_image":[{"width":490,"height":322,"url":"https:\/\/adntro.com\/wp-content\/uploads\/2022\/12\/AD.jpg","type":"image\/jpeg"}],"author":"Sandra Ferreiro","twitter_card":"summary_large_image","twitter_creator":"@adntrospain","twitter_site":"@adntrospain","twitter_misc":{"Written by":"Sandra Ferreiro","Est. reading time":"10 minutes"},"schema":{"@context":"https:\/\/schema.org","@graph":[{"@type":"Article","@id":"https:\/\/adntro.com\/es\/blog\/salud\/alzheimer\/#article","isPartOf":{"@id":"https:\/\/adntro.com\/en\/blog\/salud\/alzheimer\/"},"author":{"name":"Sandra Ferreiro","@id":"https:\/\/adntro.com\/es\/#\/schema\/person\/a71eca38b563da2bb60f24d7e71f7d6b"},"headline":"Alzheimer","datePublished":"2022-12-07T09:30:00+00:00","dateModified":"2025-07-28T06:36:15+00:00","mainEntityOfPage":{"@id":"https:\/\/adntro.com\/en\/blog\/salud\/alzheimer\/"},"wordCount":2118,"commentCount":0,"publisher":{"@id":"https:\/\/adntro.com\/es\/#organization"},"keywords":["adntro","alzheimer","APOE","epsilon 4","genetica","haplotipo APOE","haplotipos","prevalencia","salud","SNP","variantes"],"articleSection":["Salud"],"inLanguage":"en-US","potentialAction":[{"@type":"CommentAction","name":"Comment","target":["https:\/\/adntro.com\/es\/blog\/salud\/alzheimer\/#respond"]}]},{"@type":"WebPage","@id":"https:\/\/adntro.com\/en\/blog\/salud\/alzheimer\/","url":"https:\/\/adntro.com\/es\/blog\/salud\/alzheimer\/","name":"\u00bfQu\u00e9 es el Alzheimer? | ADNTRO","isPartOf":{"@id":"https:\/\/adntro.com\/es\/#website"},"datePublished":"2022-12-07T09:30:00+00:00","dateModified":"2025-07-28T06:36:15+00:00","description":"Descubre la gen\u00e9tica que hay detr\u00e1s de esta enfermedad y qu\u00e9 ocurre a nivel biol\u00f3gico en el organismo de personas diagnosticadas con Alzheimer","breadcrumb":{"@id":"https:\/\/adntro.com\/es\/blog\/salud\/alzheimer\/#breadcrumb"},"inLanguage":"en-US","potentialAction":[{"@type":"ReadAction","target":["https:\/\/adntro.com\/es\/blog\/salud\/alzheimer\/"]}]},{"@type":"BreadcrumbList","@id":"https:\/\/adntro.com\/es\/blog\/salud\/alzheimer\/#breadcrumb","itemListElement":[{"@type":"ListItem","position":1,"name":"Home","item":"https:\/\/adntro.com\/de\/"},{"@type":"ListItem","position":2,"name":"Alzheimer"}]},{"@type":"WebSite","@id":"https:\/\/adntro.com\/es\/#website","url":"https:\/\/adntro.com\/es\/","name":"ADNTRO","description":"Gen\u00e9tica, salud, nutrici\u00f3n","publisher":{"@id":"https:\/\/adntro.com\/es\/#organization"},"potentialAction":[{"@type":"SearchAction","target":{"@type":"EntryPoint","urlTemplate":"https:\/\/adntro.com\/es\/?s={search_term_string}"},"query-input":"required name=search_term_string"}],"inLanguage":"en-US"},{"@type":"Organization","@id":"https:\/\/adntro.com\/es\/#organization","name":"ADNTRO Genetics","url":"https:\/\/adntro.com\/es\/","logo":{"@type":"ImageObject","inLanguage":"en-US","@id":"https:\/\/adntro.com\/es\/#\/schema\/logo\/image\/","url":"https:\/\/adntro.com\/wp-content\/uploads\/2021\/08\/android-chrome-512x512-2.png","contentUrl":"https:\/\/adntro.com\/wp-content\/uploads\/2021\/08\/android-chrome-512x512-2.png","width":512,"height":512,"caption":"ADNTRO Genetics"},"image":{"@id":"https:\/\/adntro.com\/es\/#\/schema\/logo\/image\/"},"sameAs":["https:\/\/www.facebook.com\/ADNTROSPAIN\/","https:\/\/twitter.com\/adntrospain","https:\/\/www.instagram.com\/adntro_\/","https:\/\/www.pinterest.es\/ADNTRO_TEAM\/_saved\/"]},{"@type":"Person","@id":"https:\/\/adntro.com\/es\/#\/schema\/person\/a71eca38b563da2bb60f24d7e71f7d6b","name":"Sandra Ferreiro","image":{"@type":"ImageObject","inLanguage":"en-US","@id":"https:\/\/adntro.com\/es\/#\/schema\/person\/image\/","url":"https:\/\/secure.gravatar.com\/avatar\/ddaa4448bc53192d65c596cd5119749fb4d7167a3b3d7931d8b0470a2021bdc3?s=96&d=mm&r=g","contentUrl":"https:\/\/secure.gravatar.com\/avatar\/ddaa4448bc53192d65c596cd5119749fb4d7167a3b3d7931d8b0470a2021bdc3?s=96&d=mm&r=g","caption":"Sandra Ferreiro"},"description":"Bioinform\u00e1tica y Responsable del \u00e1rea cient\u00edfica en ADNTRO. Biotecn\u00f3loga por la Universidad Francisco de Vitoria, donde recibi\u00f3 dos becas de expediente acad\u00e9mico brillante. Estuvo trabajando en un proyecto de investigaci\u00f3n sobre la asimetr\u00eda izquierda-derecha en Newcastle, siendo premiada en la Conferencia del Centro de Investigaci\u00f3n Cardiovascular Trainees Meeting como el mejor p\u00f3ster (2018). Complet\u00f3 un m\u00e1ster en Biolog\u00eda Computacional en la Universidad Polit\u00e9cnica de Madrid. All\u00ed estudi\u00f3 las redes de interacci\u00f3n metab\u00f3lica en el microbioma de pacientes con Enfermedad de Chron y Colitis Ulcerosa en el centro de investigaci\u00f3n CBGP, centro de Excelencia Severo Ochoa (2020). Desde el 2020 es Bioinform\u00e1tica en ADNTRO donde desarrolla modelos predictivos, realiza anotaciones y an\u00e1lisis de variantes patog\u00e9nicas, investigaci\u00f3n de literatura GWAS y divulgaci\u00f3n cient\u00edfica.","sameAs":["https:\/\/www.linkedin.com\/in\/sandra-ferreiro-lpez-78804016a\/"],"url":"https:\/\/adntro.com\/en\/blog\/author\/sandra\/"}]}},"_links":{"self":[{"href":"https:\/\/adntro.com\/en\/wp-json\/wp\/v2\/posts\/9195","targetHints":{"allow":["GET"]}}],"collection":[{"href":"https:\/\/adntro.com\/en\/wp-json\/wp\/v2\/posts"}],"about":[{"href":"https:\/\/adntro.com\/en\/wp-json\/wp\/v2\/types\/post"}],"author":[{"embeddable":true,"href":"https:\/\/adntro.com\/en\/wp-json\/wp\/v2\/users\/8"}],"replies":[{"embeddable":true,"href":"https:\/\/adntro.com\/en\/wp-json\/wp\/v2\/comments?post=9195"}],"version-history":[{"count":15,"href":"https:\/\/adntro.com\/en\/wp-json\/wp\/v2\/posts\/9195\/revisions"}],"predecessor-version":[{"id":13012,"href":"https:\/\/adntro.com\/en\/wp-json\/wp\/v2\/posts\/9195\/revisions\/13012"}],"wp:featuredmedia":[{"embeddable":true,"href":"https:\/\/adntro.com\/en\/wp-json\/wp\/v2\/media\/9196"}],"wp:attachment":[{"href":"https:\/\/adntro.com\/en\/wp-json\/wp\/v2\/media?parent=9195"}],"wp:term":[{"taxonomy":"category","embeddable":true,"href":"https:\/\/adntro.com\/en\/wp-json\/wp\/v2\/categories?post=9195"},{"taxonomy":"post_tag","embeddable":true,"href":"https:\/\/adntro.com\/en\/wp-json\/wp\/v2\/tags?post=9195"}],"curies":[{"name":"wp","href":"https:\/\/api.w.org\/{rel}","templated":true}]}}