{"id":9015,"date":"2022-11-18T08:32:00","date_gmt":"2022-11-18T07:32:00","guid":{"rendered":"https:\/\/adntro.com\/?p=9015"},"modified":"2024-01-31T12:32:14","modified_gmt":"2024-01-31T11:32:14","slug":"pelo-indomable","status":"publish","type":"post","link":"https:\/\/adntro.com\/en\/blog\/genetic-curiosities\/hair-indomitable\/","title":{"rendered":"Uncombable hair syndrome"},"content":{"rendered":"<p class=\" translation-block\">Uncombable hair syndrome also known as Pili trianguli et caniculi is a rare syndrome characterized by a <b>lack of hair control<\/b>.  It was first reported and described in the 70s and today only about 100 cases are known.<\/p>\n\n\n\n<p class=\" translation-block\">The disease <b>affects approximately one in 10 million individuals worldwide<\/b>. This figure is likely to be underestimated, as many people do not go to the doctor due to the absence of symptoms. The exact cause of the disease is unknown and no cure for this genetic disorder is known.<\/p>\n\n\n\n<p class=\" translation-block\">According to the GARD (Genetic and Rare Disease Information Center) it is a <b>rare anomaly that is characterized by dry, curly, frizzy, disordered, clear hair that projects outwards and grows in different directions instead of down making it practically impossible to brush<\/b>.<\/p>\n\n\n\n<p>The disease typically manifests itself during childhood, although it can occur later in life. Its appearance is variable, from childhood to adulthood. In some cases, there is no family history of the disease.<\/p>\n\n\n\n<p>When you finish reading this article it will make sense to you the characteristic hair of Albert Einstein, a prestigious scientist who suffered from this syndrome.<\/p>\n\n\n<div class=\"wp-block-image\">\n<figure class=\"aligncenter size-full is-resized\"><img fetchpriority=\"high\" decoding=\"async\" src=\"https:\/\/adntro.com\/wp-content\/uploads\/2022\/10\/einstein.jpg\" alt=\"Albert einstein - Untamed hair syndrome\" class=\"wp-image-9016\" width=\"389\" height=\"229\" srcset=\"https:\/\/adntro.com\/wp-content\/uploads\/2022\/10\/einstein.jpg 325w, https:\/\/adntro.com\/wp-content\/uploads\/2022\/10\/einstein-300x176.jpg 300w, https:\/\/adntro.com\/wp-content\/uploads\/2022\/10\/einstein-18x12.jpg 18w\" sizes=\"(max-width: 389px) 100vw, 389px\" \/><\/figure>\n<\/div>\n\n\n<h2 class=\"wp-block-heading\">Structure of the hair shaft<\/h2>\n\n\n\n<p class=\" translation-block\"><b>It is a problem that affects the hair shaft<\/b>, a structure composed of:<\/p>\n\n\n\n<ul class=\"wp-block-list\"><li class=\" translation-block\">The <b>cuticle<\/b>: outer part formed by flattened, keratinized cells without pigment.<\/li><li class=\" translation-block\">The <b>cortex<\/b>: forms most of the structure of the hair. It is responsible for providing elasticity and strength to the hair.<\/li><li class=\" translation-block\">The <b>medulla<\/b>: it is the inner part of the hair and has no direct relationship in the alterations of the stem.<\/li><\/ul>\n\n\n\n<p>Alterations in the stem structure can lead to this rare syndrome. It is a<strong> strong, but totally untamable hair<\/strong> given its characteristic structure.<\/p>\n\n\n\n<p>If we look at a hair of a person suffering from this syndrome, the hair is triangular or heart-shaped. This alteration is clinically evident when about 50% of the hair follicles are affected.<\/p>\n\n\n\n<h2 class=\"wp-block-heading\">Genetics behind Uncombable Hair Syndrome<\/h2>\n\n\n\n<p class=\" translation-block\">It has recently been discovered to be caused by mutations in one of 3 genes, <em>PADI3, TGM3<\/em> and <em>TCHH<\/em>. These three <b>genes encode proteins involved in hair shaft formation<\/b>.<\/p>\n\n\n\n<p>The inheritance pattern appears to be autosomal recessive.  However, other familial cases appear to be inherited following an autosomal dominant pattern of inheritance, and may be caused by defects in other genes that have not been identified but which are also involved in hair formation.<\/p>\n\n\n\n<p>There are two types of this syndrome:<\/p>\n\n\n\n<ul class=\"wp-block-list\" type=\"1\"><li class=\" translation-block\"><b>Hereditary<\/b>: The hereditary form affects individuals who have inherited the mutation from one of their parents.<\/li><li class=\" translation-block\"><b>Acquired<\/b>: it occurs in people whose family members have never suffered from this disease.<\/li><\/ul>\n\n\n<div class=\"wp-block-image\">\n<figure class=\"aligncenter size-full is-resized\"><img decoding=\"async\" src=\"https:\/\/adntro.com\/wp-content\/uploads\/2022\/10\/pelo-indomable.jpg\" alt=\"Uncombable hair syndrome\" class=\"wp-image-9017\" width=\"386\" height=\"216\" srcset=\"https:\/\/adntro.com\/wp-content\/uploads\/2022\/10\/pelo-indomable.jpg 310w, https:\/\/adntro.com\/wp-content\/uploads\/2022\/10\/pelo-indomable-300x168.jpg 300w, https:\/\/adntro.com\/wp-content\/uploads\/2022\/10\/pelo-indomable-18x10.jpg 18w\" sizes=\"(max-width: 386px) 100vw, 386px\" \/><\/figure>\n<\/div>","protected":false},"excerpt":{"rendered":"<p>Untamed hair syndrome also known as Pili trianguli et caniculi is a rare syndrome characterized by a lack of hair control. It was first reported and described in the 1970s and to date only about 100 cases are known. The disease affects approximately one in every [...]<\/p>","protected":false},"author":8,"featured_media":9016,"comment_status":"open","ping_status":"open","sticky":false,"template":"","format":"standard","meta":{"footnotes":""},"categories":[192],"tags":[15,42,406,361,18,405,407],"class_list":["post-9015","post","type-post","status-publish","format-standard","has-post-thumbnail","hentry","category-curiosidades-geneticas","tag-adn","tag-adntro","tag-albert-einstein","tag-genes","tag-genetica","tag-sindorme-del-pelo-indomable","tag-tallo-piloso"],"yoast_head":"<!-- This site is optimized with the Yoast SEO plugin v22.0 - https:\/\/yoast.com\/wordpress\/plugins\/seo\/ -->\n<title>S\u00edndrome del pelo indomable<\/title>\n<meta name=\"description\" content=\"\u00bfHab\u00edas o\u00eddo hablar del s\u00edndrome del pelo indomable? Descubre de qu\u00e9 trata este s\u00edndrome que afecta a 1 de cada 10 millones de individuos.\" \/>\n<meta name=\"robots\" content=\"index, follow, max-snippet:-1, max-image-preview:large, max-video-preview:-1\" \/>\n<link rel=\"canonical\" href=\"https:\/\/adntro.com\/en\/blog\/genetic-curiosities\/hair-indomitable\/\" \/>\n<meta property=\"og:locale\" content=\"en_US\" \/>\n<meta property=\"og:type\" content=\"article\" \/>\n<meta property=\"og:title\" content=\"S\u00edndrome del pelo indomable\" \/>\n<meta property=\"og:description\" content=\"\u00bfHab\u00edas o\u00eddo hablar del s\u00edndrome del pelo indomable? Descubre de qu\u00e9 trata este s\u00edndrome que afecta a 1 de cada 10 millones de individuos.\" \/>\n<meta property=\"og:url\" content=\"https:\/\/adntro.com\/en\/blog\/genetic-curiosities\/hair-indomitable\/\" \/>\n<meta property=\"og:site_name\" content=\"ADNTRO\" \/>\n<meta property=\"article:publisher\" content=\"https:\/\/www.facebook.com\/ADNTROSPAIN\/\" \/>\n<meta property=\"article:published_time\" content=\"2022-11-18T07:32:00+00:00\" \/>\n<meta property=\"article:modified_time\" content=\"2024-01-31T11:32:14+00:00\" \/>\n<meta property=\"og:image\" content=\"https:\/\/adntro.com\/wp-content\/uploads\/2022\/10\/einstein.jpg\" \/>\n\t<meta property=\"og:image:width\" content=\"325\" \/>\n\t<meta property=\"og:image:height\" content=\"191\" \/>\n\t<meta property=\"og:image:type\" content=\"image\/jpeg\" \/>\n<meta name=\"author\" content=\"Sandra Ferreiro\" \/>\n<meta name=\"twitter:card\" content=\"summary_large_image\" \/>\n<meta name=\"twitter:creator\" content=\"@adntrospain\" \/>\n<meta name=\"twitter:site\" content=\"@adntrospain\" \/>\n<meta name=\"twitter:label1\" content=\"Written by\" \/>\n\t<meta name=\"twitter:data1\" content=\"Sandra Ferreiro\" \/>\n\t<meta name=\"twitter:label2\" content=\"Est. reading time\" \/>\n\t<meta name=\"twitter:data2\" content=\"3 minutes\" \/>\n<script type=\"application\/ld+json\" class=\"yoast-schema-graph\">{\"@context\":\"https:\/\/schema.org\",\"@graph\":[{\"@type\":\"Article\",\"@id\":\"https:\/\/adntro.com\/en\/blog\/genetic-curiosities\/hair-indomitable\/#article\",\"isPartOf\":{\"@id\":\"https:\/\/adntro.com\/en\/blog\/genetic-curiosities\/hair-indomitable\/\"},\"author\":{\"name\":\"Sandra Ferreiro\",\"@id\":\"https:\/\/adntro.com\/es\/#\/schema\/person\/a71eca38b563da2bb60f24d7e71f7d6b\"},\"headline\":\"S\u00edndrome del pelo indomable\",\"datePublished\":\"2022-11-18T07:32:00+00:00\",\"dateModified\":\"2024-01-31T11:32:14+00:00\",\"mainEntityOfPage\":{\"@id\":\"https:\/\/adntro.com\/en\/blog\/genetic-curiosities\/hair-indomitable\/\"},\"wordCount\":524,\"commentCount\":0,\"publisher\":{\"@id\":\"https:\/\/adntro.com\/es\/#organization\"},\"keywords\":[\"ADN\",\"adntro\",\"albert einstein\",\"genes\",\"gen\u00e9tica\",\"s\u00edndorme del pelo indomable\",\"tallo piloso\"],\"articleSection\":[\"Curiosidades gen\u00e9ticas\"],\"inLanguage\":\"en-US\",\"potentialAction\":[{\"@type\":\"CommentAction\",\"name\":\"Comment\",\"target\":[\"https:\/\/adntro.com\/en\/blog\/genetic-curiosities\/hair-indomitable\/#respond\"]}]},{\"@type\":\"WebPage\",\"@id\":\"https:\/\/adntro.com\/en\/blog\/genetic-curiosities\/hair-indomitable\/\",\"url\":\"https:\/\/adntro.com\/en\/blog\/genetic-curiosities\/hair-indomitable\/\",\"name\":\"S\u00edndrome del pelo indomable\",\"isPartOf\":{\"@id\":\"https:\/\/adntro.com\/es\/#website\"},\"datePublished\":\"2022-11-18T07:32:00+00:00\",\"dateModified\":\"2024-01-31T11:32:14+00:00\",\"description\":\"\u00bfHab\u00edas o\u00eddo hablar del s\u00edndrome del pelo indomable? Descubre de qu\u00e9 trata este s\u00edndrome que afecta a 1 de cada 10 millones de individuos.\",\"breadcrumb\":{\"@id\":\"https:\/\/adntro.com\/en\/blog\/genetic-curiosities\/hair-indomitable\/#breadcrumb\"},\"inLanguage\":\"en-US\",\"potentialAction\":[{\"@type\":\"ReadAction\",\"target\":[\"https:\/\/adntro.com\/en\/blog\/genetic-curiosities\/hair-indomitable\/\"]}]},{\"@type\":\"BreadcrumbList\",\"@id\":\"https:\/\/adntro.com\/en\/blog\/genetic-curiosities\/hair-indomitable\/#breadcrumb\",\"itemListElement\":[{\"@type\":\"ListItem\",\"position\":1,\"name\":\"Home\",\"item\":\"https:\/\/adntro.com\/de\/\"},{\"@type\":\"ListItem\",\"position\":2,\"name\":\"S\u00edndrome del pelo indomable\"}]},{\"@type\":\"WebSite\",\"@id\":\"https:\/\/adntro.com\/es\/#website\",\"url\":\"https:\/\/adntro.com\/es\/\",\"name\":\"ADNTRO\",\"description\":\"Gen\u00e9tica, salud, nutrici\u00f3n\",\"publisher\":{\"@id\":\"https:\/\/adntro.com\/es\/#organization\"},\"potentialAction\":[{\"@type\":\"SearchAction\",\"target\":{\"@type\":\"EntryPoint\",\"urlTemplate\":\"https:\/\/adntro.com\/es\/?s={search_term_string}\"},\"query-input\":\"required name=search_term_string\"}],\"inLanguage\":\"en-US\"},{\"@type\":\"Organization\",\"@id\":\"https:\/\/adntro.com\/es\/#organization\",\"name\":\"ADNTRO Genetics\",\"url\":\"https:\/\/adntro.com\/es\/\",\"logo\":{\"@type\":\"ImageObject\",\"inLanguage\":\"en-US\",\"@id\":\"https:\/\/adntro.com\/es\/#\/schema\/logo\/image\/\",\"url\":\"https:\/\/adntro.com\/wp-content\/uploads\/2021\/08\/android-chrome-512x512-2.png\",\"contentUrl\":\"https:\/\/adntro.com\/wp-content\/uploads\/2021\/08\/android-chrome-512x512-2.png\",\"width\":512,\"height\":512,\"caption\":\"ADNTRO Genetics\"},\"image\":{\"@id\":\"https:\/\/adntro.com\/es\/#\/schema\/logo\/image\/\"},\"sameAs\":[\"https:\/\/www.facebook.com\/ADNTROSPAIN\/\",\"https:\/\/twitter.com\/adntrospain\",\"https:\/\/www.instagram.com\/adntro_\/\",\"https:\/\/www.pinterest.es\/ADNTRO_TEAM\/_saved\/\"]},{\"@type\":\"Person\",\"@id\":\"https:\/\/adntro.com\/es\/#\/schema\/person\/a71eca38b563da2bb60f24d7e71f7d6b\",\"name\":\"Sandra Ferreiro\",\"image\":{\"@type\":\"ImageObject\",\"inLanguage\":\"en-US\",\"@id\":\"https:\/\/adntro.com\/es\/#\/schema\/person\/image\/\",\"url\":\"https:\/\/secure.gravatar.com\/avatar\/ddaa4448bc53192d65c596cd5119749fb4d7167a3b3d7931d8b0470a2021bdc3?s=96&d=mm&r=g\",\"contentUrl\":\"https:\/\/secure.gravatar.com\/avatar\/ddaa4448bc53192d65c596cd5119749fb4d7167a3b3d7931d8b0470a2021bdc3?s=96&d=mm&r=g\",\"caption\":\"Sandra Ferreiro\"},\"description\":\"Bioinform\u00e1tica y Responsable del \u00e1rea cient\u00edfica en ADNTRO. Biotecn\u00f3loga por la Universidad Francisco de Vitoria, donde recibi\u00f3 dos becas de expediente acad\u00e9mico brillante. Estuvo trabajando en un proyecto de investigaci\u00f3n sobre la asimetr\u00eda izquierda-derecha en Newcastle, siendo premiada en la Conferencia del Centro de Investigaci\u00f3n Cardiovascular Trainees Meeting como el mejor p\u00f3ster (2018). Complet\u00f3 un m\u00e1ster en Biolog\u00eda Computacional en la Universidad Polit\u00e9cnica de Madrid. All\u00ed estudi\u00f3 las redes de interacci\u00f3n metab\u00f3lica en el microbioma de pacientes con Enfermedad de Chron y Colitis Ulcerosa en el centro de investigaci\u00f3n CBGP, centro de Excelencia Severo Ochoa (2020). Desde el 2020 es Bioinform\u00e1tica en ADNTRO donde desarrolla modelos predictivos, realiza anotaciones y an\u00e1lisis de variantes patog\u00e9nicas, investigaci\u00f3n de literatura GWAS y divulgaci\u00f3n cient\u00edfica.\",\"sameAs\":[\"https:\/\/www.linkedin.com\/in\/sandra-ferreiro-lpez-78804016a\/\"],\"url\":\"https:\/\/adntro.com\/en\/blog\/author\/sandra\/\"}]}<\/script>\n<!-- \/ Yoast SEO plugin. -->","yoast_head_json":{"title":"S\u00edndrome del pelo indomable","description":"\u00bfHab\u00edas o\u00eddo hablar del s\u00edndrome del pelo indomable? Descubre de qu\u00e9 trata este s\u00edndrome que afecta a 1 de cada 10 millones de individuos.","robots":{"index":"index","follow":"follow","max-snippet":"max-snippet:-1","max-image-preview":"max-image-preview:large","max-video-preview":"max-video-preview:-1"},"canonical":"https:\/\/adntro.com\/en\/blog\/genetic-curiosities\/hair-indomitable\/","og_locale":"en_US","og_type":"article","og_title":"S\u00edndrome del pelo indomable","og_description":"\u00bfHab\u00edas o\u00eddo hablar del s\u00edndrome del pelo indomable? Descubre de qu\u00e9 trata este s\u00edndrome que afecta a 1 de cada 10 millones de individuos.","og_url":"https:\/\/adntro.com\/en\/blog\/genetic-curiosities\/hair-indomitable\/","og_site_name":"ADNTRO","article_publisher":"https:\/\/www.facebook.com\/ADNTROSPAIN\/","article_published_time":"2022-11-18T07:32:00+00:00","article_modified_time":"2024-01-31T11:32:14+00:00","og_image":[{"width":325,"height":191,"url":"https:\/\/adntro.com\/wp-content\/uploads\/2022\/10\/einstein.jpg","type":"image\/jpeg"}],"author":"Sandra Ferreiro","twitter_card":"summary_large_image","twitter_creator":"@adntrospain","twitter_site":"@adntrospain","twitter_misc":{"Written by":"Sandra Ferreiro","Est. reading time":"3 minutes"},"schema":{"@context":"https:\/\/schema.org","@graph":[{"@type":"Article","@id":"https:\/\/adntro.com\/en\/blog\/genetic-curiosities\/hair-indomitable\/#article","isPartOf":{"@id":"https:\/\/adntro.com\/en\/blog\/genetic-curiosities\/hair-indomitable\/"},"author":{"name":"Sandra Ferreiro","@id":"https:\/\/adntro.com\/es\/#\/schema\/person\/a71eca38b563da2bb60f24d7e71f7d6b"},"headline":"S\u00edndrome del pelo indomable","datePublished":"2022-11-18T07:32:00+00:00","dateModified":"2024-01-31T11:32:14+00:00","mainEntityOfPage":{"@id":"https:\/\/adntro.com\/en\/blog\/genetic-curiosities\/hair-indomitable\/"},"wordCount":524,"commentCount":0,"publisher":{"@id":"https:\/\/adntro.com\/es\/#organization"},"keywords":["ADN","adntro","albert einstein","genes","gen\u00e9tica","s\u00edndorme del pelo indomable","tallo piloso"],"articleSection":["Curiosidades gen\u00e9ticas"],"inLanguage":"en-US","potentialAction":[{"@type":"CommentAction","name":"Comment","target":["https:\/\/adntro.com\/en\/blog\/genetic-curiosities\/hair-indomitable\/#respond"]}]},{"@type":"WebPage","@id":"https:\/\/adntro.com\/en\/blog\/genetic-curiosities\/hair-indomitable\/","url":"https:\/\/adntro.com\/en\/blog\/genetic-curiosities\/hair-indomitable\/","name":"S\u00edndrome del pelo indomable","isPartOf":{"@id":"https:\/\/adntro.com\/es\/#website"},"datePublished":"2022-11-18T07:32:00+00:00","dateModified":"2024-01-31T11:32:14+00:00","description":"\u00bfHab\u00edas o\u00eddo hablar del s\u00edndrome del pelo indomable? Descubre de qu\u00e9 trata este s\u00edndrome que afecta a 1 de cada 10 millones de individuos.","breadcrumb":{"@id":"https:\/\/adntro.com\/en\/blog\/genetic-curiosities\/hair-indomitable\/#breadcrumb"},"inLanguage":"en-US","potentialAction":[{"@type":"ReadAction","target":["https:\/\/adntro.com\/en\/blog\/genetic-curiosities\/hair-indomitable\/"]}]},{"@type":"BreadcrumbList","@id":"https:\/\/adntro.com\/en\/blog\/genetic-curiosities\/hair-indomitable\/#breadcrumb","itemListElement":[{"@type":"ListItem","position":1,"name":"Home","item":"https:\/\/adntro.com\/de\/"},{"@type":"ListItem","position":2,"name":"S\u00edndrome del pelo indomable"}]},{"@type":"WebSite","@id":"https:\/\/adntro.com\/es\/#website","url":"https:\/\/adntro.com\/es\/","name":"ADNTRO","description":"Gen\u00e9tica, salud, nutrici\u00f3n","publisher":{"@id":"https:\/\/adntro.com\/es\/#organization"},"potentialAction":[{"@type":"SearchAction","target":{"@type":"EntryPoint","urlTemplate":"https:\/\/adntro.com\/es\/?s={search_term_string}"},"query-input":"required name=search_term_string"}],"inLanguage":"en-US"},{"@type":"Organization","@id":"https:\/\/adntro.com\/es\/#organization","name":"ADNTRO Genetics","url":"https:\/\/adntro.com\/es\/","logo":{"@type":"ImageObject","inLanguage":"en-US","@id":"https:\/\/adntro.com\/es\/#\/schema\/logo\/image\/","url":"https:\/\/adntro.com\/wp-content\/uploads\/2021\/08\/android-chrome-512x512-2.png","contentUrl":"https:\/\/adntro.com\/wp-content\/uploads\/2021\/08\/android-chrome-512x512-2.png","width":512,"height":512,"caption":"ADNTRO Genetics"},"image":{"@id":"https:\/\/adntro.com\/es\/#\/schema\/logo\/image\/"},"sameAs":["https:\/\/www.facebook.com\/ADNTROSPAIN\/","https:\/\/twitter.com\/adntrospain","https:\/\/www.instagram.com\/adntro_\/","https:\/\/www.pinterest.es\/ADNTRO_TEAM\/_saved\/"]},{"@type":"Person","@id":"https:\/\/adntro.com\/es\/#\/schema\/person\/a71eca38b563da2bb60f24d7e71f7d6b","name":"Sandra Ferreiro","image":{"@type":"ImageObject","inLanguage":"en-US","@id":"https:\/\/adntro.com\/es\/#\/schema\/person\/image\/","url":"https:\/\/secure.gravatar.com\/avatar\/ddaa4448bc53192d65c596cd5119749fb4d7167a3b3d7931d8b0470a2021bdc3?s=96&d=mm&r=g","contentUrl":"https:\/\/secure.gravatar.com\/avatar\/ddaa4448bc53192d65c596cd5119749fb4d7167a3b3d7931d8b0470a2021bdc3?s=96&d=mm&r=g","caption":"Sandra Ferreiro"},"description":"Bioinform\u00e1tica y Responsable del \u00e1rea cient\u00edfica en ADNTRO. Biotecn\u00f3loga por la Universidad Francisco de Vitoria, donde recibi\u00f3 dos becas de expediente acad\u00e9mico brillante. Estuvo trabajando en un proyecto de investigaci\u00f3n sobre la asimetr\u00eda izquierda-derecha en Newcastle, siendo premiada en la Conferencia del Centro de Investigaci\u00f3n Cardiovascular Trainees Meeting como el mejor p\u00f3ster (2018). Complet\u00f3 un m\u00e1ster en Biolog\u00eda Computacional en la Universidad Polit\u00e9cnica de Madrid. All\u00ed estudi\u00f3 las redes de interacci\u00f3n metab\u00f3lica en el microbioma de pacientes con Enfermedad de Chron y Colitis Ulcerosa en el centro de investigaci\u00f3n CBGP, centro de Excelencia Severo Ochoa (2020). Desde el 2020 es Bioinform\u00e1tica en ADNTRO donde desarrolla modelos predictivos, realiza anotaciones y an\u00e1lisis de variantes patog\u00e9nicas, investigaci\u00f3n de literatura GWAS y divulgaci\u00f3n cient\u00edfica.","sameAs":["https:\/\/www.linkedin.com\/in\/sandra-ferreiro-lpez-78804016a\/"],"url":"https:\/\/adntro.com\/en\/blog\/author\/sandra\/"}]}},"_links":{"self":[{"href":"https:\/\/adntro.com\/en\/wp-json\/wp\/v2\/posts\/9015","targetHints":{"allow":["GET"]}}],"collection":[{"href":"https:\/\/adntro.com\/en\/wp-json\/wp\/v2\/posts"}],"about":[{"href":"https:\/\/adntro.com\/en\/wp-json\/wp\/v2\/types\/post"}],"author":[{"embeddable":true,"href":"https:\/\/adntro.com\/en\/wp-json\/wp\/v2\/users\/8"}],"replies":[{"embeddable":true,"href":"https:\/\/adntro.com\/en\/wp-json\/wp\/v2\/comments?post=9015"}],"version-history":[{"count":3,"href":"https:\/\/adntro.com\/en\/wp-json\/wp\/v2\/posts\/9015\/revisions"}],"predecessor-version":[{"id":9047,"href":"https:\/\/adntro.com\/en\/wp-json\/wp\/v2\/posts\/9015\/revisions\/9047"}],"wp:featuredmedia":[{"embeddable":true,"href":"https:\/\/adntro.com\/en\/wp-json\/wp\/v2\/media\/9016"}],"wp:attachment":[{"href":"https:\/\/adntro.com\/en\/wp-json\/wp\/v2\/media?parent=9015"}],"wp:term":[{"taxonomy":"category","embeddable":true,"href":"https:\/\/adntro.com\/en\/wp-json\/wp\/v2\/categories?post=9015"},{"taxonomy":"post_tag","embeddable":true,"href":"https:\/\/adntro.com\/en\/wp-json\/wp\/v2\/tags?post=9015"}],"curies":[{"name":"wp","href":"https:\/\/api.w.org\/{rel}","templated":true}]}}