{"id":6802,"date":"2022-06-24T09:00:00","date_gmt":"2022-06-24T07:00:00","guid":{"rendered":"https:\/\/adntro.com\/?p=6802"},"modified":"2025-07-28T08:43:31","modified_gmt":"2025-07-28T06:43:31","slug":"pueblos_dravidicos_etnia","status":"publish","type":"post","link":"https:\/\/adntro.com\/en\/blog\/ancestry\/dravidians_ethnicity\/","title":{"rendered":"Dravidians - Ancestral Origins"},"content":{"rendered":"<p class=\" translation-block\">In the southern regions of India, there are populations that speak a group of languages known as Dravidian languages. This set of populations is collectively referred to as the <strong>Dravidian people<\/strong>.<\/p>\n\n\n\n<div style=\"height:10px\" aria-hidden=\"true\" class=\"wp-block-spacer\"><\/div>\n\n\n\n<h2 class=\"wp-block-heading\"><strong>Distinctive Characteristics of the Dravidian Peoples<\/strong><\/h2>\n\n\n\n<p class=\" translation-block\">The <strong>distinctive features<\/strong> of these peoples are <strong>short stature, dark brown skin and straight black hair<\/strong>, differentiating them from the rest of the Indian ethnic groups. However, the characteristic sign of these peoples is the <strong>set of languages they speak<\/strong>.<\/p>\n\n\n\n<div style=\"height:10px\" aria-hidden=\"true\" class=\"wp-block-spacer\"><\/div>\n\n\n\n<p class=\" translation-block\">There are 17 languages spoken by the Dravidian people, encompassing around 245 million inhabitants in India. <strong>This represents about 25% of the country's population<\/strong>.<\/p>\n\n\n\n<div style=\"height:10px\" aria-hidden=\"true\" class=\"wp-block-spacer\"><\/div>\n\n\n\n<h2 class=\"wp-block-heading\">Geographical and Genetic Background<\/h2>\n\n\n\n<p>Despite some geographic isolation, the Dravidian peoples, like the rest of the Indian population, <strong>exhibit a genetic mix that includes influences from the steppes, western Asia and India. <\/strong>This genetic diversity reflects the complex history and interactions of the subcontinent's inhabitants over millennia.<\/p>\n\n\n\n<div style=\"height:10px\" aria-hidden=\"true\" class=\"wp-block-spacer\"><\/div>\n\n\n<div class=\"wp-block-image is-resized\">\n<figure class=\"aligncenter size-full\"><img fetchpriority=\"high\" decoding=\"async\" width=\"800\" height=\"589\" src=\"https:\/\/adntro.com\/wp-content\/uploads\/2022\/06\/pueblos-dravicos2.jpg\" alt=\"Taj Mahal - India\" class=\"wp-image-6803\" srcset=\"https:\/\/adntro.com\/wp-content\/uploads\/2022\/06\/pueblos-dravicos2.jpg 800w, https:\/\/adntro.com\/wp-content\/uploads\/2022\/06\/pueblos-dravicos2-300x221.jpg 300w, https:\/\/adntro.com\/wp-content\/uploads\/2022\/06\/pueblos-dravicos2-768x565.jpg 768w, https:\/\/adntro.com\/wp-content\/uploads\/2022\/06\/pueblos-dravicos2-16x12.jpg 16w\" sizes=\"(max-width: 800px) 100vw, 800px\" \/><figcaption class=\"wp-element-caption\">Taj Mahal - India<\/figcaption><\/figure>\n<\/div>\n\n\n<h2 class=\"wp-block-heading\">Historical and Cultural Significance<\/h2>\n\n\n\n<p>From the 5th century AD, there are books and manuals highlighting the importance of Dravidian art and architecture. This meticulous craftsmanship can be seen today in the magnificent temples influenced by Dravidian style, such as the iconic <strong><a href=\"https:\/\/whc.unesco.org\/en\/list\/668\/\">Angkor<\/a> Wat in Cambodia<\/strong>.<\/p>\n\n\n\n<div style=\"height:10px\" aria-hidden=\"true\" class=\"wp-block-spacer\"><\/div>\n\n\n\n<h2 class=\"wp-block-heading\">Religious Practices<\/h2>\n\n\n\n<p class=\" translation-block\">The predominant religion among the Dravidian people is a form of <strong>Hinduism<\/strong> that lacks Vedic influences. Rituals and symbolism hold key importance in their celebrations. However, <strong>there are also representations of other religions within this group, including Buddhism, Islam, and Christianity.<\/strong><\/p>\n\n\n\n<div style=\"height:10px\" aria-hidden=\"true\" class=\"wp-block-spacer\"><\/div>\n\n\n\n<h2 class=\"wp-block-heading\">Dietetic Practices<\/h2>\n\n\n\n<p>Due to religious influences, southern India, home to the Dravidian peoples, has a higher proportion of vegetarians. This practice dates back to several centuries before Christ with the introduction of Buddhism and Jainism, which advocate non-violence and vegetarianism.<\/p>\n\n\n\n<div style=\"height:10px\" aria-hidden=\"true\" class=\"wp-block-spacer\"><\/div>\n\n\n\n<h2 class=\"wp-block-heading\">Discover Your Dravidian Ancestry<\/h2>\n\n\n\n<p>Do you want to know if your DNA has similarities with the Dravidian peoples? Are you curious to know more about other ethnicities? Find out with the <a href=\"https:\/\/adntro.com\/en\/test-dna-genetic-report-origin\/\"><strong>dna origin test<\/strong><\/a> of ADNTRO or by <a href=\"https:\/\/adntro.com\/en\/upload-your-raw-adn-landing\/\"><strong>upload your RAW DNA data for free<\/strong><\/a>.<\/p>\n\n\n\n<div style=\"height:10px\" aria-hidden=\"true\" class=\"wp-block-spacer\"><\/div>\n\n\n\n<p>Dravidian people represent a significant and unique part of India's diverse cultural tapestry. Understanding their distinctive features, genetic background, historical significance, religious practices, and dietary habits provides a comprehensive insight into their contribution to the cultural richness of India. Whether through their languages, temples, or vegetarian traditions, the Dravidian people continue to be an integral part of India's identity.<\/p>\n\n\n\n<div style=\"height:10px\" aria-hidden=\"true\" class=\"wp-block-spacer\"><\/div>\n\n\n\n<p>By delving deeper into the history and culture of the Dravidian people, one can appreciate the complexity and beauty of India's southern regions. To discover your own connection to the Dravidian people or other ethnicities, consider exploring your genetic heritage through modern DNA testing services.<\/p>","protected":false},"excerpt":{"rendered":"<p>In the southern regions of India, there are populations that speak a group of languages known as Dravidian languages. This group of populations is collectively known as the Dravidian peoples. Distinctive Characteristics of the Dravidian Peoples The distinguishing features of these peoples are short stature, dark brown skin and black hair [...]<\/p>","protected":false},"author":8,"featured_media":6803,"comment_status":"open","ping_status":"open","sticky":false,"template":"","format":"standard","meta":{"footnotes":""},"categories":[23],"tags":[42,321,18,344,326,345,20],"class_list":["post-6802","post","type-post","status-publish","format-standard","has-post-thumbnail","hentry","category-ancestria","tag-adntro","tag-etnia","tag-genetica","tag-india","tag-origenes","tag-pueblos-dravidicos","tag-snp"],"yoast_head":"<!-- This site is optimized with the Yoast SEO plugin v22.0 - https:\/\/yoast.com\/wordpress\/plugins\/seo\/ -->\n<title>\u00bfInteresado en las caracter\u00edsticas de los pueblos drav\u00eddicos?<\/title>\n<meta name=\"description\" content=\"En este art\u00edculo podr\u00e1s conocer caracter\u00edsticas propias de los pueblos drav\u00eddicos en un contexto hist\u00f3rico.\" \/>\n<meta name=\"robots\" content=\"index, follow, max-snippet:-1, max-image-preview:large, max-video-preview:-1\" \/>\n<link rel=\"canonical\" href=\"https:\/\/adntro.com\/en\/blog\/ancestry\/dravidians_ethnicity\/\" \/>\n<meta property=\"og:locale\" content=\"en_US\" \/>\n<meta property=\"og:type\" content=\"article\" \/>\n<meta property=\"og:title\" content=\"\u00bfInteresado en las caracter\u00edsticas de los pueblos drav\u00eddicos?\" \/>\n<meta property=\"og:description\" content=\"En este art\u00edculo podr\u00e1s conocer caracter\u00edsticas propias de los pueblos drav\u00eddicos en un contexto hist\u00f3rico.\" \/>\n<meta property=\"og:url\" content=\"https:\/\/adntro.com\/en\/blog\/ancestry\/dravidians_ethnicity\/\" \/>\n<meta property=\"og:site_name\" content=\"ADNTRO\" \/>\n<meta property=\"article:publisher\" content=\"https:\/\/www.facebook.com\/ADNTROSPAIN\/\" \/>\n<meta property=\"article:published_time\" content=\"2022-06-24T07:00:00+00:00\" \/>\n<meta property=\"article:modified_time\" content=\"2025-07-28T06:43:31+00:00\" \/>\n<meta property=\"og:image\" content=\"https:\/\/adntro.com\/wp-content\/uploads\/2022\/06\/pueblos-dravicos2.jpg\" \/>\n\t<meta property=\"og:image:width\" content=\"800\" \/>\n\t<meta property=\"og:image:height\" content=\"589\" \/>\n\t<meta property=\"og:image:type\" content=\"image\/jpeg\" \/>\n<meta name=\"author\" content=\"Sandra Ferreiro\" \/>\n<meta name=\"twitter:card\" content=\"summary_large_image\" \/>\n<meta name=\"twitter:creator\" content=\"@adntrospain\" \/>\n<meta name=\"twitter:site\" content=\"@adntrospain\" \/>\n<meta name=\"twitter:label1\" content=\"Written by\" \/>\n\t<meta name=\"twitter:data1\" content=\"Sandra Ferreiro\" \/>\n\t<meta name=\"twitter:label2\" content=\"Est. reading time\" \/>\n\t<meta name=\"twitter:data2\" content=\"3 minutes\" \/>\n<script type=\"application\/ld+json\" class=\"yoast-schema-graph\">{\"@context\":\"https:\/\/schema.org\",\"@graph\":[{\"@type\":\"Article\",\"@id\":\"https:\/\/adntro.com\/es\/blog\/ancestria\/pueblos_dravidicos_etnia\/#article\",\"isPartOf\":{\"@id\":\"https:\/\/adntro.com\/es\/blog\/ancestria\/pueblos_dravidicos_etnia\/\"},\"author\":{\"name\":\"Sandra Ferreiro\",\"@id\":\"https:\/\/adntro.com\/es\/#\/schema\/person\/a71eca38b563da2bb60f24d7e71f7d6b\"},\"headline\":\"Pueblos drav\u00eddicos &#8211; Or\u00edgenes ancestrales\",\"datePublished\":\"2022-06-24T07:00:00+00:00\",\"dateModified\":\"2025-07-28T06:43:31+00:00\",\"mainEntityOfPage\":{\"@id\":\"https:\/\/adntro.com\/es\/blog\/ancestria\/pueblos_dravidicos_etnia\/\"},\"wordCount\":539,\"commentCount\":0,\"publisher\":{\"@id\":\"https:\/\/adntro.com\/es\/#organization\"},\"keywords\":[\"adntro\",\"etnia\",\"gen\u00e9tica\",\"india\",\"or\u00edgenes\",\"pueblos drav\u00eddicos\",\"SNP\"],\"articleSection\":[\"Or\u00edgenes y Ancestr\u00eda\"],\"inLanguage\":\"en-US\",\"potentialAction\":[{\"@type\":\"CommentAction\",\"name\":\"Comment\",\"target\":[\"https:\/\/adntro.com\/es\/blog\/ancestria\/pueblos_dravidicos_etnia\/#respond\"]}]},{\"@type\":\"WebPage\",\"@id\":\"https:\/\/adntro.com\/es\/blog\/ancestria\/pueblos_dravidicos_etnia\/\",\"url\":\"https:\/\/adntro.com\/es\/blog\/ancestria\/pueblos_dravidicos_etnia\/\",\"name\":\"\u00bfInteresado en las caracter\u00edsticas de los pueblos drav\u00eddicos?\",\"isPartOf\":{\"@id\":\"https:\/\/adntro.com\/es\/#website\"},\"datePublished\":\"2022-06-24T07:00:00+00:00\",\"dateModified\":\"2025-07-28T06:43:31+00:00\",\"description\":\"En este art\u00edculo podr\u00e1s conocer caracter\u00edsticas propias de los pueblos drav\u00eddicos en un contexto hist\u00f3rico.\",\"breadcrumb\":{\"@id\":\"https:\/\/adntro.com\/es\/blog\/ancestria\/pueblos_dravidicos_etnia\/#breadcrumb\"},\"inLanguage\":\"en-US\",\"potentialAction\":[{\"@type\":\"ReadAction\",\"target\":[\"https:\/\/adntro.com\/es\/blog\/ancestria\/pueblos_dravidicos_etnia\/\"]}]},{\"@type\":\"BreadcrumbList\",\"@id\":\"https:\/\/adntro.com\/es\/blog\/ancestria\/pueblos_dravidicos_etnia\/#breadcrumb\",\"itemListElement\":[{\"@type\":\"ListItem\",\"position\":1,\"name\":\"Home\",\"item\":\"https:\/\/adntro.com\/es\/\"},{\"@type\":\"ListItem\",\"position\":2,\"name\":\"Pueblos drav\u00eddicos &#8211; Or\u00edgenes ancestrales\"}]},{\"@type\":\"WebSite\",\"@id\":\"https:\/\/adntro.com\/es\/#website\",\"url\":\"https:\/\/adntro.com\/es\/\",\"name\":\"ADNTRO\",\"description\":\"Gen\u00e9tica, salud, nutrici\u00f3n\",\"publisher\":{\"@id\":\"https:\/\/adntro.com\/es\/#organization\"},\"potentialAction\":[{\"@type\":\"SearchAction\",\"target\":{\"@type\":\"EntryPoint\",\"urlTemplate\":\"https:\/\/adntro.com\/es\/?s={search_term_string}\"},\"query-input\":\"required name=search_term_string\"}],\"inLanguage\":\"en-US\"},{\"@type\":\"Organization\",\"@id\":\"https:\/\/adntro.com\/es\/#organization\",\"name\":\"ADNTRO Genetics\",\"url\":\"https:\/\/adntro.com\/es\/\",\"logo\":{\"@type\":\"ImageObject\",\"inLanguage\":\"en-US\",\"@id\":\"https:\/\/adntro.com\/es\/#\/schema\/logo\/image\/\",\"url\":\"https:\/\/adntro.com\/wp-content\/uploads\/2021\/08\/android-chrome-512x512-2.png\",\"contentUrl\":\"https:\/\/adntro.com\/wp-content\/uploads\/2021\/08\/android-chrome-512x512-2.png\",\"width\":512,\"height\":512,\"caption\":\"ADNTRO Genetics\"},\"image\":{\"@id\":\"https:\/\/adntro.com\/es\/#\/schema\/logo\/image\/\"},\"sameAs\":[\"https:\/\/www.facebook.com\/ADNTROSPAIN\/\",\"https:\/\/twitter.com\/adntrospain\",\"https:\/\/www.instagram.com\/adntro_\/\",\"https:\/\/www.pinterest.es\/ADNTRO_TEAM\/_saved\/\"]},{\"@type\":\"Person\",\"@id\":\"https:\/\/adntro.com\/es\/#\/schema\/person\/a71eca38b563da2bb60f24d7e71f7d6b\",\"name\":\"Sandra Ferreiro\",\"image\":{\"@type\":\"ImageObject\",\"inLanguage\":\"en-US\",\"@id\":\"https:\/\/adntro.com\/es\/#\/schema\/person\/image\/\",\"url\":\"https:\/\/secure.gravatar.com\/avatar\/ddaa4448bc53192d65c596cd5119749fb4d7167a3b3d7931d8b0470a2021bdc3?s=96&d=mm&r=g\",\"contentUrl\":\"https:\/\/secure.gravatar.com\/avatar\/ddaa4448bc53192d65c596cd5119749fb4d7167a3b3d7931d8b0470a2021bdc3?s=96&d=mm&r=g\",\"caption\":\"Sandra Ferreiro\"},\"description\":\"Bioinform\u00e1tica y Responsable del \u00e1rea cient\u00edfica en ADNTRO. Biotecn\u00f3loga por la Universidad Francisco de Vitoria, donde recibi\u00f3 dos becas de expediente acad\u00e9mico brillante. Estuvo trabajando en un proyecto de investigaci\u00f3n sobre la asimetr\u00eda izquierda-derecha en Newcastle, siendo premiada en la Conferencia del Centro de Investigaci\u00f3n Cardiovascular Trainees Meeting como el mejor p\u00f3ster (2018). Complet\u00f3 un m\u00e1ster en Biolog\u00eda Computacional en la Universidad Polit\u00e9cnica de Madrid. All\u00ed estudi\u00f3 las redes de interacci\u00f3n metab\u00f3lica en el microbioma de pacientes con Enfermedad de Chron y Colitis Ulcerosa en el centro de investigaci\u00f3n CBGP, centro de Excelencia Severo Ochoa (2020). Desde el 2020 es Bioinform\u00e1tica en ADNTRO donde desarrolla modelos predictivos, realiza anotaciones y an\u00e1lisis de variantes patog\u00e9nicas, investigaci\u00f3n de literatura GWAS y divulgaci\u00f3n cient\u00edfica.\",\"sameAs\":[\"https:\/\/www.linkedin.com\/in\/sandra-ferreiro-lpez-78804016a\/\"],\"url\":\"https:\/\/adntro.com\/en\/blog\/author\/sandra\/\"}]}<\/script>\n<!-- \/ Yoast SEO plugin. -->","yoast_head_json":{"title":"\u00bfInteresado en las caracter\u00edsticas de los pueblos drav\u00eddicos?","description":"En este art\u00edculo podr\u00e1s conocer caracter\u00edsticas propias de los pueblos drav\u00eddicos en un contexto hist\u00f3rico.","robots":{"index":"index","follow":"follow","max-snippet":"max-snippet:-1","max-image-preview":"max-image-preview:large","max-video-preview":"max-video-preview:-1"},"canonical":"https:\/\/adntro.com\/en\/blog\/ancestry\/dravidians_ethnicity\/","og_locale":"en_US","og_type":"article","og_title":"\u00bfInteresado en las caracter\u00edsticas de los pueblos drav\u00eddicos?","og_description":"En este art\u00edculo podr\u00e1s conocer caracter\u00edsticas propias de los pueblos drav\u00eddicos en un contexto hist\u00f3rico.","og_url":"https:\/\/adntro.com\/en\/blog\/ancestry\/dravidians_ethnicity\/","og_site_name":"ADNTRO","article_publisher":"https:\/\/www.facebook.com\/ADNTROSPAIN\/","article_published_time":"2022-06-24T07:00:00+00:00","article_modified_time":"2025-07-28T06:43:31+00:00","og_image":[{"width":800,"height":589,"url":"https:\/\/adntro.com\/wp-content\/uploads\/2022\/06\/pueblos-dravicos2.jpg","type":"image\/jpeg"}],"author":"Sandra Ferreiro","twitter_card":"summary_large_image","twitter_creator":"@adntrospain","twitter_site":"@adntrospain","twitter_misc":{"Written by":"Sandra Ferreiro","Est. reading time":"3 minutes"},"schema":{"@context":"https:\/\/schema.org","@graph":[{"@type":"Article","@id":"https:\/\/adntro.com\/es\/blog\/ancestria\/pueblos_dravidicos_etnia\/#article","isPartOf":{"@id":"https:\/\/adntro.com\/es\/blog\/ancestria\/pueblos_dravidicos_etnia\/"},"author":{"name":"Sandra Ferreiro","@id":"https:\/\/adntro.com\/es\/#\/schema\/person\/a71eca38b563da2bb60f24d7e71f7d6b"},"headline":"Pueblos drav\u00eddicos &#8211; Or\u00edgenes ancestrales","datePublished":"2022-06-24T07:00:00+00:00","dateModified":"2025-07-28T06:43:31+00:00","mainEntityOfPage":{"@id":"https:\/\/adntro.com\/es\/blog\/ancestria\/pueblos_dravidicos_etnia\/"},"wordCount":539,"commentCount":0,"publisher":{"@id":"https:\/\/adntro.com\/es\/#organization"},"keywords":["adntro","etnia","gen\u00e9tica","india","or\u00edgenes","pueblos drav\u00eddicos","SNP"],"articleSection":["Or\u00edgenes y Ancestr\u00eda"],"inLanguage":"en-US","potentialAction":[{"@type":"CommentAction","name":"Comment","target":["https:\/\/adntro.com\/es\/blog\/ancestria\/pueblos_dravidicos_etnia\/#respond"]}]},{"@type":"WebPage","@id":"https:\/\/adntro.com\/es\/blog\/ancestria\/pueblos_dravidicos_etnia\/","url":"https:\/\/adntro.com\/es\/blog\/ancestria\/pueblos_dravidicos_etnia\/","name":"\u00bfInteresado en las caracter\u00edsticas de los pueblos drav\u00eddicos?","isPartOf":{"@id":"https:\/\/adntro.com\/es\/#website"},"datePublished":"2022-06-24T07:00:00+00:00","dateModified":"2025-07-28T06:43:31+00:00","description":"En este art\u00edculo podr\u00e1s conocer caracter\u00edsticas propias de los pueblos drav\u00eddicos en un contexto hist\u00f3rico.","breadcrumb":{"@id":"https:\/\/adntro.com\/es\/blog\/ancestria\/pueblos_dravidicos_etnia\/#breadcrumb"},"inLanguage":"en-US","potentialAction":[{"@type":"ReadAction","target":["https:\/\/adntro.com\/es\/blog\/ancestria\/pueblos_dravidicos_etnia\/"]}]},{"@type":"BreadcrumbList","@id":"https:\/\/adntro.com\/es\/blog\/ancestria\/pueblos_dravidicos_etnia\/#breadcrumb","itemListElement":[{"@type":"ListItem","position":1,"name":"Home","item":"https:\/\/adntro.com\/es\/"},{"@type":"ListItem","position":2,"name":"Pueblos drav\u00eddicos &#8211; Or\u00edgenes ancestrales"}]},{"@type":"WebSite","@id":"https:\/\/adntro.com\/es\/#website","url":"https:\/\/adntro.com\/es\/","name":"ADNTRO","description":"Gen\u00e9tica, salud, nutrici\u00f3n","publisher":{"@id":"https:\/\/adntro.com\/es\/#organization"},"potentialAction":[{"@type":"SearchAction","target":{"@type":"EntryPoint","urlTemplate":"https:\/\/adntro.com\/es\/?s={search_term_string}"},"query-input":"required name=search_term_string"}],"inLanguage":"en-US"},{"@type":"Organization","@id":"https:\/\/adntro.com\/es\/#organization","name":"ADNTRO Genetics","url":"https:\/\/adntro.com\/es\/","logo":{"@type":"ImageObject","inLanguage":"en-US","@id":"https:\/\/adntro.com\/es\/#\/schema\/logo\/image\/","url":"https:\/\/adntro.com\/wp-content\/uploads\/2021\/08\/android-chrome-512x512-2.png","contentUrl":"https:\/\/adntro.com\/wp-content\/uploads\/2021\/08\/android-chrome-512x512-2.png","width":512,"height":512,"caption":"ADNTRO Genetics"},"image":{"@id":"https:\/\/adntro.com\/es\/#\/schema\/logo\/image\/"},"sameAs":["https:\/\/www.facebook.com\/ADNTROSPAIN\/","https:\/\/twitter.com\/adntrospain","https:\/\/www.instagram.com\/adntro_\/","https:\/\/www.pinterest.es\/ADNTRO_TEAM\/_saved\/"]},{"@type":"Person","@id":"https:\/\/adntro.com\/es\/#\/schema\/person\/a71eca38b563da2bb60f24d7e71f7d6b","name":"Sandra Ferreiro","image":{"@type":"ImageObject","inLanguage":"en-US","@id":"https:\/\/adntro.com\/es\/#\/schema\/person\/image\/","url":"https:\/\/secure.gravatar.com\/avatar\/ddaa4448bc53192d65c596cd5119749fb4d7167a3b3d7931d8b0470a2021bdc3?s=96&d=mm&r=g","contentUrl":"https:\/\/secure.gravatar.com\/avatar\/ddaa4448bc53192d65c596cd5119749fb4d7167a3b3d7931d8b0470a2021bdc3?s=96&d=mm&r=g","caption":"Sandra Ferreiro"},"description":"Bioinform\u00e1tica y Responsable del \u00e1rea cient\u00edfica en ADNTRO. Biotecn\u00f3loga por la Universidad Francisco de Vitoria, donde recibi\u00f3 dos becas de expediente acad\u00e9mico brillante. Estuvo trabajando en un proyecto de investigaci\u00f3n sobre la asimetr\u00eda izquierda-derecha en Newcastle, siendo premiada en la Conferencia del Centro de Investigaci\u00f3n Cardiovascular Trainees Meeting como el mejor p\u00f3ster (2018). Complet\u00f3 un m\u00e1ster en Biolog\u00eda Computacional en la Universidad Polit\u00e9cnica de Madrid. All\u00ed estudi\u00f3 las redes de interacci\u00f3n metab\u00f3lica en el microbioma de pacientes con Enfermedad de Chron y Colitis Ulcerosa en el centro de investigaci\u00f3n CBGP, centro de Excelencia Severo Ochoa (2020). Desde el 2020 es Bioinform\u00e1tica en ADNTRO donde desarrolla modelos predictivos, realiza anotaciones y an\u00e1lisis de variantes patog\u00e9nicas, investigaci\u00f3n de literatura GWAS y divulgaci\u00f3n cient\u00edfica.","sameAs":["https:\/\/www.linkedin.com\/in\/sandra-ferreiro-lpez-78804016a\/"],"url":"https:\/\/adntro.com\/en\/blog\/author\/sandra\/"}]}},"_links":{"self":[{"href":"https:\/\/adntro.com\/en\/wp-json\/wp\/v2\/posts\/6802","targetHints":{"allow":["GET"]}}],"collection":[{"href":"https:\/\/adntro.com\/en\/wp-json\/wp\/v2\/posts"}],"about":[{"href":"https:\/\/adntro.com\/en\/wp-json\/wp\/v2\/types\/post"}],"author":[{"embeddable":true,"href":"https:\/\/adntro.com\/en\/wp-json\/wp\/v2\/users\/8"}],"replies":[{"embeddable":true,"href":"https:\/\/adntro.com\/en\/wp-json\/wp\/v2\/comments?post=6802"}],"version-history":[{"count":6,"href":"https:\/\/adntro.com\/en\/wp-json\/wp\/v2\/posts\/6802\/revisions"}],"predecessor-version":[{"id":15331,"href":"https:\/\/adntro.com\/en\/wp-json\/wp\/v2\/posts\/6802\/revisions\/15331"}],"wp:featuredmedia":[{"embeddable":true,"href":"https:\/\/adntro.com\/en\/wp-json\/wp\/v2\/media\/6803"}],"wp:attachment":[{"href":"https:\/\/adntro.com\/en\/wp-json\/wp\/v2\/media?parent=6802"}],"wp:term":[{"taxonomy":"category","embeddable":true,"href":"https:\/\/adntro.com\/en\/wp-json\/wp\/v2\/categories?post=6802"},{"taxonomy":"post_tag","embeddable":true,"href":"https:\/\/adntro.com\/en\/wp-json\/wp\/v2\/tags?post=6802"}],"curies":[{"name":"wp","href":"https:\/\/api.w.org\/{rel}","templated":true}]}}