{"id":6717,"date":"2022-06-10T08:10:00","date_gmt":"2022-06-10T06:10:00","guid":{"rendered":"https:\/\/adntro.com\/?p=6717"},"modified":"2025-08-04T11:46:36","modified_gmt":"2025-08-04T09:46:36","slug":"etnia_escandinava","status":"publish","type":"post","link":"https:\/\/adntro.com\/en\/blog\/ancestry\/scandinavian_ethnic\/","title":{"rendered":"Scandinavian ethnicity - Ancestral origins"},"content":{"rendered":"<p class=\" translation-block\"><p>Geographically,&nbsp;<strong>the Scandinavian peninsula is located in northern Europe<\/strong>&nbsp;and includes the countries of Norway and Sweden.<\/p><\/p>\n\n\n\n<p class=\" translation-block\"><p><strong>As a region, <\/strong>Scandinavia refers to a large area that <strong>includes<\/strong> the aforementioned countries (<strong>Norway<\/strong>\u00a0and\u00a0<strong>Sweden)<\/strong>,\u00a0<strong>Finland, Denmark and Iceland<\/strong>. All these territories share a common history and culture.<\/p><\/p>\n\n\n<div class=\"wp-block-image\">\n<figure class=\"aligncenter size-large is-resized\"><img fetchpriority=\"high\" decoding=\"async\" width=\"1024\" height=\"670\" src=\"https:\/\/adntro.com\/wp-content\/uploads\/2022\/05\/escandinavia2-1024x670.png\" alt=\"Scandinavian ethnicity\" class=\"wp-image-6718\" style=\"width:634px;height:414px\" srcset=\"https:\/\/adntro.com\/wp-content\/uploads\/2022\/05\/escandinavia2-1024x670.png 1024w, https:\/\/adntro.com\/wp-content\/uploads\/2022\/05\/escandinavia2-300x196.png 300w, https:\/\/adntro.com\/wp-content\/uploads\/2022\/05\/escandinavia2-768x502.png 768w, https:\/\/adntro.com\/wp-content\/uploads\/2022\/05\/escandinavia2-18x12.png 18w, https:\/\/adntro.com\/wp-content\/uploads\/2022\/05\/escandinavia2.png 1310w\" sizes=\"(max-width: 1024px) 100vw, 1024px\" \/><\/figure>\n<\/div>\n\n\n<p>The languages, for example, derive from Proto-Germanic, which evolved into \"Old Scandinavian\" and from there into Danish, Swedish, Finnish and Icelandic. Alongside these, there are a number of languages in the north of the peninsula that derive from the Uralic language.<\/p>\n\n\n\n<p>The term Scandinavia comes from the coining of these lands that the historian Pliny the Elder proposed, demining them \"Scandia\".<\/p>\n\n\n\n<p>Today, Scandinavians number around 27 million people and enjoy a prosperous economy and society. Also, as a curiosity, around 12% of the Scandinavian population has resistance to the HIV virus due to a genetic mutation.<\/p>\n\n\n\n<h2 class=\"wp-block-heading\">Vikings<\/h2>\n\n\n\n<p>From this area originated the well known Vikings. Warriors, traders and explorers who lived their heyday between the ninth and twelfth centuries. These adventurers began their journey outside Scandinavia in the monastery of Lindisfarne (now England) and followed a large group of territories.<\/p>\n\n\n\n<p>The Vikings assaulted the city of Paris commanded by the mythical Ragnar Lodbrok, obtaining a great booty. However, this was not the last time the Vikings attacked the capital of the Franks. From these raids came the Norman dynasty, as some Vikings remained in France.<\/p>\n\n\n\n<p class=\" translation-block\"><p>The also famous&nbsp;<strong>Erik \"the Red\"<\/strong>&nbsp;discovered Greenland and led to large settlements. His son,&nbsp;<strong>Leif Eriksson&nbsp;<\/strong>discovered America almost 500 years before the arrival of Christopher Columbus.<\/p><\/p>\n\n\n\n<p>Want to know if your DNA has a component of Scandinavian ethnicity? Curious to know more about other ethnicities? Find out with the <strong><a href=\"https:\/\/adntro.com\/en\/test-dna-genetic-report-origin\/\">dna origin test<\/a><\/strong> of ADNTRO or by <a href=\"https:\/\/adntro.com\/en\/upload-your-raw-adn-landing\/\"><strong>upload your RAW DNA data for free<\/strong><\/a>. It will not leave you indifferent.<\/p>","protected":false},"excerpt":{"rendered":"<p>Geographically, the Scandinavian peninsula is located in northern Europe and includes the countries of Norway and Sweden. As a region, Scandinavia refers to a larger area comprising the aforementioned countries of Norway and Sweden as well as Finland, Denmark and Iceland. All these territories share a common history and culture. The [...]<\/p>","protected":false},"author":8,"featured_media":6718,"comment_status":"open","ping_status":"open","sticky":false,"template":"","format":"standard","meta":{"footnotes":""},"categories":[23],"tags":[42,329,18,326,330],"class_list":["post-6717","post","type-post","status-publish","format-standard","has-post-thumbnail","hentry","category-ancestria","tag-adntro","tag-escandinavia","tag-genetica","tag-origenes","tag-vikingos"],"yoast_head":"<!-- This site is optimized with the Yoast SEO plugin v22.0 - https:\/\/yoast.com\/wordpress\/plugins\/seo\/ -->\n<title>\u00bfInteresado en conocer caracter\u00edsticas de la etnia escandinava?<\/title>\n<meta name=\"description\" content=\"En este art\u00edculos podr\u00e1s conocer caracter\u00edsticas propias de la etnia escandinava en un contexto hist\u00f3rico y gen\u00e9tico.\" \/>\n<meta name=\"robots\" content=\"index, follow, max-snippet:-1, max-image-preview:large, max-video-preview:-1\" \/>\n<link rel=\"canonical\" href=\"https:\/\/adntro.com\/en\/blog\/ancestry\/scandinavian_ethnic\/\" \/>\n<meta property=\"og:locale\" content=\"en_US\" \/>\n<meta property=\"og:type\" content=\"article\" \/>\n<meta property=\"og:title\" content=\"\u00bfInteresado en conocer caracter\u00edsticas de la etnia escandinava?\" \/>\n<meta property=\"og:description\" content=\"En este art\u00edculos podr\u00e1s conocer caracter\u00edsticas propias de la etnia escandinava en un contexto hist\u00f3rico y gen\u00e9tico.\" \/>\n<meta property=\"og:url\" content=\"https:\/\/adntro.com\/en\/blog\/ancestry\/scandinavian_ethnic\/\" \/>\n<meta property=\"og:site_name\" content=\"ADNTRO\" \/>\n<meta property=\"article:publisher\" content=\"https:\/\/www.facebook.com\/ADNTROSPAIN\/\" \/>\n<meta property=\"article:published_time\" content=\"2022-06-10T06:10:00+00:00\" \/>\n<meta property=\"article:modified_time\" content=\"2025-08-04T09:46:36+00:00\" \/>\n<meta property=\"og:image\" content=\"https:\/\/adntro.com\/wp-content\/uploads\/2022\/05\/escandinavia2.png\" \/>\n\t<meta property=\"og:image:width\" content=\"1310\" \/>\n\t<meta property=\"og:image:height\" content=\"857\" \/>\n\t<meta property=\"og:image:type\" content=\"image\/png\" \/>\n<meta name=\"author\" content=\"Sandra Ferreiro\" \/>\n<meta name=\"twitter:card\" content=\"summary_large_image\" \/>\n<meta name=\"twitter:creator\" content=\"@adntrospain\" \/>\n<meta name=\"twitter:site\" content=\"@adntrospain\" \/>\n<meta name=\"twitter:label1\" content=\"Written by\" \/>\n\t<meta name=\"twitter:data1\" content=\"Sandra Ferreiro\" \/>\n\t<meta name=\"twitter:label2\" content=\"Est. reading time\" \/>\n\t<meta name=\"twitter:data2\" content=\"2 minutes\" \/>\n<script type=\"application\/ld+json\" class=\"yoast-schema-graph\">{\"@context\":\"https:\/\/schema.org\",\"@graph\":[{\"@type\":\"Article\",\"@id\":\"https:\/\/adntro.com\/es\/blog\/ancestria\/etnia_escandinava\/#article\",\"isPartOf\":{\"@id\":\"https:\/\/adntro.com\/es\/blog\/ancestria\/etnia_escandinava\/\"},\"author\":{\"name\":\"Sandra Ferreiro\",\"@id\":\"https:\/\/adntro.com\/es\/#\/schema\/person\/a71eca38b563da2bb60f24d7e71f7d6b\"},\"headline\":\"Etnia Escandinava &#8211; Or\u00edgenes ancestrales\",\"datePublished\":\"2022-06-10T06:10:00+00:00\",\"dateModified\":\"2025-08-04T09:46:36+00:00\",\"mainEntityOfPage\":{\"@id\":\"https:\/\/adntro.com\/es\/blog\/ancestria\/etnia_escandinava\/\"},\"wordCount\":357,\"commentCount\":0,\"publisher\":{\"@id\":\"https:\/\/adntro.com\/es\/#organization\"},\"keywords\":[\"adntro\",\"escandinavia\",\"gen\u00e9tica\",\"or\u00edgenes\",\"vikingos\"],\"articleSection\":[\"Or\u00edgenes y Ancestr\u00eda\"],\"inLanguage\":\"en-US\",\"potentialAction\":[{\"@type\":\"CommentAction\",\"name\":\"Comment\",\"target\":[\"https:\/\/adntro.com\/es\/blog\/ancestria\/etnia_escandinava\/#respond\"]}]},{\"@type\":\"WebPage\",\"@id\":\"https:\/\/adntro.com\/es\/blog\/ancestria\/etnia_escandinava\/\",\"url\":\"https:\/\/adntro.com\/es\/blog\/ancestria\/etnia_escandinava\/\",\"name\":\"\u00bfInteresado en conocer caracter\u00edsticas de la etnia escandinava?\",\"isPartOf\":{\"@id\":\"https:\/\/adntro.com\/es\/#website\"},\"datePublished\":\"2022-06-10T06:10:00+00:00\",\"dateModified\":\"2025-08-04T09:46:36+00:00\",\"description\":\"En este art\u00edculos podr\u00e1s conocer caracter\u00edsticas propias de la etnia escandinava en un contexto hist\u00f3rico y gen\u00e9tico.\",\"breadcrumb\":{\"@id\":\"https:\/\/adntro.com\/es\/blog\/ancestria\/etnia_escandinava\/#breadcrumb\"},\"inLanguage\":\"en-US\",\"potentialAction\":[{\"@type\":\"ReadAction\",\"target\":[\"https:\/\/adntro.com\/es\/blog\/ancestria\/etnia_escandinava\/\"]}]},{\"@type\":\"BreadcrumbList\",\"@id\":\"https:\/\/adntro.com\/es\/blog\/ancestria\/etnia_escandinava\/#breadcrumb\",\"itemListElement\":[{\"@type\":\"ListItem\",\"position\":1,\"name\":\"Home\",\"item\":\"https:\/\/adntro.com\/es\/\"},{\"@type\":\"ListItem\",\"position\":2,\"name\":\"Etnia Escandinava &#8211; Or\u00edgenes ancestrales\"}]},{\"@type\":\"WebSite\",\"@id\":\"https:\/\/adntro.com\/es\/#website\",\"url\":\"https:\/\/adntro.com\/es\/\",\"name\":\"ADNTRO\",\"description\":\"Gen\u00e9tica, salud, nutrici\u00f3n\",\"publisher\":{\"@id\":\"https:\/\/adntro.com\/es\/#organization\"},\"potentialAction\":[{\"@type\":\"SearchAction\",\"target\":{\"@type\":\"EntryPoint\",\"urlTemplate\":\"https:\/\/adntro.com\/es\/?s={search_term_string}\"},\"query-input\":\"required name=search_term_string\"}],\"inLanguage\":\"en-US\"},{\"@type\":\"Organization\",\"@id\":\"https:\/\/adntro.com\/es\/#organization\",\"name\":\"ADNTRO Genetics\",\"url\":\"https:\/\/adntro.com\/es\/\",\"logo\":{\"@type\":\"ImageObject\",\"inLanguage\":\"en-US\",\"@id\":\"https:\/\/adntro.com\/es\/#\/schema\/logo\/image\/\",\"url\":\"https:\/\/adntro.com\/wp-content\/uploads\/2021\/08\/android-chrome-512x512-2.png\",\"contentUrl\":\"https:\/\/adntro.com\/wp-content\/uploads\/2021\/08\/android-chrome-512x512-2.png\",\"width\":512,\"height\":512,\"caption\":\"ADNTRO Genetics\"},\"image\":{\"@id\":\"https:\/\/adntro.com\/es\/#\/schema\/logo\/image\/\"},\"sameAs\":[\"https:\/\/www.facebook.com\/ADNTROSPAIN\/\",\"https:\/\/twitter.com\/adntrospain\",\"https:\/\/www.instagram.com\/adntro_\/\",\"https:\/\/www.pinterest.es\/ADNTRO_TEAM\/_saved\/\"]},{\"@type\":\"Person\",\"@id\":\"https:\/\/adntro.com\/es\/#\/schema\/person\/a71eca38b563da2bb60f24d7e71f7d6b\",\"name\":\"Sandra Ferreiro\",\"image\":{\"@type\":\"ImageObject\",\"inLanguage\":\"en-US\",\"@id\":\"https:\/\/adntro.com\/es\/#\/schema\/person\/image\/\",\"url\":\"https:\/\/secure.gravatar.com\/avatar\/ddaa4448bc53192d65c596cd5119749fb4d7167a3b3d7931d8b0470a2021bdc3?s=96&d=mm&r=g\",\"contentUrl\":\"https:\/\/secure.gravatar.com\/avatar\/ddaa4448bc53192d65c596cd5119749fb4d7167a3b3d7931d8b0470a2021bdc3?s=96&d=mm&r=g\",\"caption\":\"Sandra Ferreiro\"},\"description\":\"Bioinform\u00e1tica y Responsable del \u00e1rea cient\u00edfica en ADNTRO. Biotecn\u00f3loga por la Universidad Francisco de Vitoria, donde recibi\u00f3 dos becas de expediente acad\u00e9mico brillante. Estuvo trabajando en un proyecto de investigaci\u00f3n sobre la asimetr\u00eda izquierda-derecha en Newcastle, siendo premiada en la Conferencia del Centro de Investigaci\u00f3n Cardiovascular Trainees Meeting como el mejor p\u00f3ster (2018). Complet\u00f3 un m\u00e1ster en Biolog\u00eda Computacional en la Universidad Polit\u00e9cnica de Madrid. All\u00ed estudi\u00f3 las redes de interacci\u00f3n metab\u00f3lica en el microbioma de pacientes con Enfermedad de Chron y Colitis Ulcerosa en el centro de investigaci\u00f3n CBGP, centro de Excelencia Severo Ochoa (2020). Desde el 2020 es Bioinform\u00e1tica en ADNTRO donde desarrolla modelos predictivos, realiza anotaciones y an\u00e1lisis de variantes patog\u00e9nicas, investigaci\u00f3n de literatura GWAS y divulgaci\u00f3n cient\u00edfica.\",\"sameAs\":[\"https:\/\/www.linkedin.com\/in\/sandra-ferreiro-lpez-78804016a\/\"],\"url\":\"https:\/\/adntro.com\/en\/blog\/author\/sandra\/\"}]}<\/script>\n<!-- \/ Yoast SEO plugin. -->","yoast_head_json":{"title":"\u00bfInteresado en conocer caracter\u00edsticas de la etnia escandinava?","description":"En este art\u00edculos podr\u00e1s conocer caracter\u00edsticas propias de la etnia escandinava en un contexto hist\u00f3rico y gen\u00e9tico.","robots":{"index":"index","follow":"follow","max-snippet":"max-snippet:-1","max-image-preview":"max-image-preview:large","max-video-preview":"max-video-preview:-1"},"canonical":"https:\/\/adntro.com\/en\/blog\/ancestry\/scandinavian_ethnic\/","og_locale":"en_US","og_type":"article","og_title":"\u00bfInteresado en conocer caracter\u00edsticas de la etnia escandinava?","og_description":"En este art\u00edculos podr\u00e1s conocer caracter\u00edsticas propias de la etnia escandinava en un contexto hist\u00f3rico y gen\u00e9tico.","og_url":"https:\/\/adntro.com\/en\/blog\/ancestry\/scandinavian_ethnic\/","og_site_name":"ADNTRO","article_publisher":"https:\/\/www.facebook.com\/ADNTROSPAIN\/","article_published_time":"2022-06-10T06:10:00+00:00","article_modified_time":"2025-08-04T09:46:36+00:00","og_image":[{"width":1310,"height":857,"url":"https:\/\/adntro.com\/wp-content\/uploads\/2022\/05\/escandinavia2.png","type":"image\/png"}],"author":"Sandra Ferreiro","twitter_card":"summary_large_image","twitter_creator":"@adntrospain","twitter_site":"@adntrospain","twitter_misc":{"Written by":"Sandra Ferreiro","Est. reading time":"2 minutes"},"schema":{"@context":"https:\/\/schema.org","@graph":[{"@type":"Article","@id":"https:\/\/adntro.com\/es\/blog\/ancestria\/etnia_escandinava\/#article","isPartOf":{"@id":"https:\/\/adntro.com\/es\/blog\/ancestria\/etnia_escandinava\/"},"author":{"name":"Sandra Ferreiro","@id":"https:\/\/adntro.com\/es\/#\/schema\/person\/a71eca38b563da2bb60f24d7e71f7d6b"},"headline":"Etnia Escandinava &#8211; Or\u00edgenes ancestrales","datePublished":"2022-06-10T06:10:00+00:00","dateModified":"2025-08-04T09:46:36+00:00","mainEntityOfPage":{"@id":"https:\/\/adntro.com\/es\/blog\/ancestria\/etnia_escandinava\/"},"wordCount":357,"commentCount":0,"publisher":{"@id":"https:\/\/adntro.com\/es\/#organization"},"keywords":["adntro","escandinavia","gen\u00e9tica","or\u00edgenes","vikingos"],"articleSection":["Or\u00edgenes y Ancestr\u00eda"],"inLanguage":"en-US","potentialAction":[{"@type":"CommentAction","name":"Comment","target":["https:\/\/adntro.com\/es\/blog\/ancestria\/etnia_escandinava\/#respond"]}]},{"@type":"WebPage","@id":"https:\/\/adntro.com\/es\/blog\/ancestria\/etnia_escandinava\/","url":"https:\/\/adntro.com\/es\/blog\/ancestria\/etnia_escandinava\/","name":"\u00bfInteresado en conocer caracter\u00edsticas de la etnia escandinava?","isPartOf":{"@id":"https:\/\/adntro.com\/es\/#website"},"datePublished":"2022-06-10T06:10:00+00:00","dateModified":"2025-08-04T09:46:36+00:00","description":"En este art\u00edculos podr\u00e1s conocer caracter\u00edsticas propias de la etnia escandinava en un contexto hist\u00f3rico y gen\u00e9tico.","breadcrumb":{"@id":"https:\/\/adntro.com\/es\/blog\/ancestria\/etnia_escandinava\/#breadcrumb"},"inLanguage":"en-US","potentialAction":[{"@type":"ReadAction","target":["https:\/\/adntro.com\/es\/blog\/ancestria\/etnia_escandinava\/"]}]},{"@type":"BreadcrumbList","@id":"https:\/\/adntro.com\/es\/blog\/ancestria\/etnia_escandinava\/#breadcrumb","itemListElement":[{"@type":"ListItem","position":1,"name":"Home","item":"https:\/\/adntro.com\/es\/"},{"@type":"ListItem","position":2,"name":"Etnia Escandinava &#8211; Or\u00edgenes ancestrales"}]},{"@type":"WebSite","@id":"https:\/\/adntro.com\/es\/#website","url":"https:\/\/adntro.com\/es\/","name":"ADNTRO","description":"Gen\u00e9tica, salud, nutrici\u00f3n","publisher":{"@id":"https:\/\/adntro.com\/es\/#organization"},"potentialAction":[{"@type":"SearchAction","target":{"@type":"EntryPoint","urlTemplate":"https:\/\/adntro.com\/es\/?s={search_term_string}"},"query-input":"required name=search_term_string"}],"inLanguage":"en-US"},{"@type":"Organization","@id":"https:\/\/adntro.com\/es\/#organization","name":"ADNTRO Genetics","url":"https:\/\/adntro.com\/es\/","logo":{"@type":"ImageObject","inLanguage":"en-US","@id":"https:\/\/adntro.com\/es\/#\/schema\/logo\/image\/","url":"https:\/\/adntro.com\/wp-content\/uploads\/2021\/08\/android-chrome-512x512-2.png","contentUrl":"https:\/\/adntro.com\/wp-content\/uploads\/2021\/08\/android-chrome-512x512-2.png","width":512,"height":512,"caption":"ADNTRO Genetics"},"image":{"@id":"https:\/\/adntro.com\/es\/#\/schema\/logo\/image\/"},"sameAs":["https:\/\/www.facebook.com\/ADNTROSPAIN\/","https:\/\/twitter.com\/adntrospain","https:\/\/www.instagram.com\/adntro_\/","https:\/\/www.pinterest.es\/ADNTRO_TEAM\/_saved\/"]},{"@type":"Person","@id":"https:\/\/adntro.com\/es\/#\/schema\/person\/a71eca38b563da2bb60f24d7e71f7d6b","name":"Sandra Ferreiro","image":{"@type":"ImageObject","inLanguage":"en-US","@id":"https:\/\/adntro.com\/es\/#\/schema\/person\/image\/","url":"https:\/\/secure.gravatar.com\/avatar\/ddaa4448bc53192d65c596cd5119749fb4d7167a3b3d7931d8b0470a2021bdc3?s=96&d=mm&r=g","contentUrl":"https:\/\/secure.gravatar.com\/avatar\/ddaa4448bc53192d65c596cd5119749fb4d7167a3b3d7931d8b0470a2021bdc3?s=96&d=mm&r=g","caption":"Sandra Ferreiro"},"description":"Bioinform\u00e1tica y Responsable del \u00e1rea cient\u00edfica en ADNTRO. Biotecn\u00f3loga por la Universidad Francisco de Vitoria, donde recibi\u00f3 dos becas de expediente acad\u00e9mico brillante. Estuvo trabajando en un proyecto de investigaci\u00f3n sobre la asimetr\u00eda izquierda-derecha en Newcastle, siendo premiada en la Conferencia del Centro de Investigaci\u00f3n Cardiovascular Trainees Meeting como el mejor p\u00f3ster (2018). Complet\u00f3 un m\u00e1ster en Biolog\u00eda Computacional en la Universidad Polit\u00e9cnica de Madrid. All\u00ed estudi\u00f3 las redes de interacci\u00f3n metab\u00f3lica en el microbioma de pacientes con Enfermedad de Chron y Colitis Ulcerosa en el centro de investigaci\u00f3n CBGP, centro de Excelencia Severo Ochoa (2020). Desde el 2020 es Bioinform\u00e1tica en ADNTRO donde desarrolla modelos predictivos, realiza anotaciones y an\u00e1lisis de variantes patog\u00e9nicas, investigaci\u00f3n de literatura GWAS y divulgaci\u00f3n cient\u00edfica.","sameAs":["https:\/\/www.linkedin.com\/in\/sandra-ferreiro-lpez-78804016a\/"],"url":"https:\/\/adntro.com\/en\/blog\/author\/sandra\/"}]}},"_links":{"self":[{"href":"https:\/\/adntro.com\/en\/wp-json\/wp\/v2\/posts\/6717","targetHints":{"allow":["GET"]}}],"collection":[{"href":"https:\/\/adntro.com\/en\/wp-json\/wp\/v2\/posts"}],"about":[{"href":"https:\/\/adntro.com\/en\/wp-json\/wp\/v2\/types\/post"}],"author":[{"embeddable":true,"href":"https:\/\/adntro.com\/en\/wp-json\/wp\/v2\/users\/8"}],"replies":[{"embeddable":true,"href":"https:\/\/adntro.com\/en\/wp-json\/wp\/v2\/comments?post=6717"}],"version-history":[{"count":4,"href":"https:\/\/adntro.com\/en\/wp-json\/wp\/v2\/posts\/6717\/revisions"}],"predecessor-version":[{"id":13316,"href":"https:\/\/adntro.com\/en\/wp-json\/wp\/v2\/posts\/6717\/revisions\/13316"}],"wp:featuredmedia":[{"embeddable":true,"href":"https:\/\/adntro.com\/en\/wp-json\/wp\/v2\/media\/6718"}],"wp:attachment":[{"href":"https:\/\/adntro.com\/en\/wp-json\/wp\/v2\/media?parent=6717"}],"wp:term":[{"taxonomy":"category","embeddable":true,"href":"https:\/\/adntro.com\/en\/wp-json\/wp\/v2\/categories?post=6717"},{"taxonomy":"post_tag","embeddable":true,"href":"https:\/\/adntro.com\/en\/wp-json\/wp\/v2\/tags?post=6717"}],"curies":[{"name":"wp","href":"https:\/\/api.w.org\/{rel}","templated":true}]}}