{"id":6704,"date":"2022-06-03T08:36:00","date_gmt":"2022-06-03T06:36:00","guid":{"rendered":"https:\/\/adntro.com\/?p=6704"},"modified":"2025-08-04T11:49:14","modified_gmt":"2025-08-04T09:49:14","slug":"etnia_vasca","status":"publish","type":"post","link":"https:\/\/adntro.com\/en\/blog\/ancestry\/basque_ethnicity\/","title":{"rendered":"Basque Ethnicity - Ancestral Origins"},"content":{"rendered":"<p>Between 3500 B.C. and 3000 B.C., the Indo-European culture, located between Europe and Asia, had as its backbone its <strong>technology the wheel, metalworking and agriculture and livestock farming<\/strong>.<\/p>\n\n\n\n<p>This population <strong>had its own language, culture and religion<\/strong>from which a large number of ethnic groups and languages emerged in both Europe and Asia.<\/p>\n\n\n\n<p>However, the language spoken by the Basques (Euskera) is of pre-Indo-European origin and of different provenance. This is a group of languages of which only a few have survived to the present day. Some of those that disappeared were Iberian, Tartessian or Etruscan. Curiously, Euskera shares certain typological similarities with the Caucasian languages, although several authors point out that this may be due to chance.<\/p>\n\n\n<div class=\"wp-block-image\">\n<figure class=\"aligncenter size-large is-resized\"><img fetchpriority=\"high\" decoding=\"async\" width=\"1024\" height=\"329\" src=\"https:\/\/adntro.com\/wp-content\/uploads\/2022\/05\/vascos2-1024x329.png\" alt=\"Basque ethnicity\" class=\"wp-image-6705\" style=\"width:669px;height:214px\" srcset=\"https:\/\/adntro.com\/wp-content\/uploads\/2022\/05\/vascos2-1024x329.png 1024w, https:\/\/adntro.com\/wp-content\/uploads\/2022\/05\/vascos2-300x96.png 300w, https:\/\/adntro.com\/wp-content\/uploads\/2022\/05\/vascos2-768x246.png 768w, https:\/\/adntro.com\/wp-content\/uploads\/2022\/05\/vascos2-1536x493.png 1536w, https:\/\/adntro.com\/wp-content\/uploads\/2022\/05\/vascos2-2048x657.png 2048w, https:\/\/adntro.com\/wp-content\/uploads\/2022\/05\/vascos2-18x6.png 18w\" sizes=\"(max-width: 1024px) 100vw, 1024px\" \/><\/figure>\n<\/div>\n\n\n<p>The debate on the origin of the Basque ethnic group is very controversial. Some experts believe that they evolved from the Cro-Magnons, when they sought refuge from a period of glaciation and settled in the western Pyrenees. <\/p>\n\n\n\n<p>What is certain is that Roman historians, such as Pliny, attest to the presence of the Vascones in the north of the Iberian Peninsula and the Aquitans in southwestern France. These two populations shared similarities in terms of culture and genetic ancestry.<strong> At present, the Basque ethnic group is present in what today would be the communities of Navarre and the Basque Country.<\/strong> (Spain) <strong>and<\/strong> the <strong>French Basque Country<\/strong> (France).<\/p>\n\n\n\n<p>Do you want to know if your DNA has a Basque component? Are you curious to know more about other ethnicities? Find out with the <a href=\"https:\/\/adntro.com\/en\/test-dna-genetic-report-origin\/\"><strong>dna origin test<\/strong><\/a> of ADNTRO or by <a href=\"https:\/\/adntro.com\/en\/upload-your-raw-adn-landing\/\"><strong>upload your RAW DNA data for free<\/strong><\/a>. It will not leave you indifferent.<\/p>","protected":false},"excerpt":{"rendered":"<p>Between 3500 B.C. and 3000 B.C., the Indo-European culture, located between Europe and Asia, had as the backbone of its technology the wheel, metalworking, agriculture and animal husbandry. This population had its own language, culture and religion, from which arose a large number of [...]<\/p>","protected":false},"author":8,"featured_media":6706,"comment_status":"open","ping_status":"open","sticky":false,"template":"","format":"standard","meta":{"footnotes":""},"categories":[23],"tags":[42,321,323,18,324,322],"class_list":["post-6704","post","type-post","status-publish","format-standard","has-post-thumbnail","hentry","category-ancestria","tag-adntro","tag-etnia","tag-euskera","tag-genetica","tag-pais-vasco","tag-vascos"],"yoast_head":"<!-- This site is optimized with the Yoast SEO plugin v22.0 - https:\/\/yoast.com\/wordpress\/plugins\/seo\/ -->\n<title>\u00bfInteresado en conocer caracter\u00edsticas de la etnia vasca?<\/title>\n<meta name=\"description\" content=\"En este art\u00edculos podr\u00e1s conocer caracter\u00edsticas propias de la etnia vasca en un contexto hist\u00f3rico. Su lengua, sus or\u00edgenes...\" \/>\n<meta name=\"robots\" content=\"index, follow, max-snippet:-1, max-image-preview:large, max-video-preview:-1\" \/>\n<link rel=\"canonical\" href=\"https:\/\/adntro.com\/en\/blog\/ancestry\/basque_ethnicity\/\" \/>\n<meta property=\"og:locale\" content=\"en_US\" \/>\n<meta property=\"og:type\" content=\"article\" \/>\n<meta property=\"og:title\" content=\"\u00bfInteresado en conocer caracter\u00edsticas de la etnia vasca?\" \/>\n<meta property=\"og:description\" content=\"En este art\u00edculos podr\u00e1s conocer caracter\u00edsticas propias de la etnia vasca en un contexto hist\u00f3rico. Su lengua, sus or\u00edgenes...\" \/>\n<meta property=\"og:url\" content=\"https:\/\/adntro.com\/en\/blog\/ancestry\/basque_ethnicity\/\" \/>\n<meta property=\"og:site_name\" content=\"ADNTRO\" \/>\n<meta property=\"article:publisher\" content=\"https:\/\/www.facebook.com\/ADNTROSPAIN\/\" \/>\n<meta property=\"article:published_time\" content=\"2022-06-03T06:36:00+00:00\" \/>\n<meta property=\"article:modified_time\" content=\"2025-08-04T09:49:14+00:00\" \/>\n<meta property=\"og:image\" content=\"https:\/\/adntro.com\/wp-content\/uploads\/2022\/05\/vascos.jpg\" \/>\n\t<meta property=\"og:image:width\" content=\"640\" \/>\n\t<meta property=\"og:image:height\" content=\"360\" \/>\n\t<meta property=\"og:image:type\" content=\"image\/jpeg\" \/>\n<meta name=\"author\" content=\"Sandra Ferreiro\" \/>\n<meta name=\"twitter:card\" content=\"summary_large_image\" \/>\n<meta name=\"twitter:creator\" content=\"@adntrospain\" \/>\n<meta name=\"twitter:site\" content=\"@adntrospain\" \/>\n<meta name=\"twitter:label1\" content=\"Written by\" \/>\n\t<meta name=\"twitter:data1\" content=\"Sandra Ferreiro\" \/>\n\t<meta name=\"twitter:label2\" content=\"Est. reading time\" \/>\n\t<meta name=\"twitter:data2\" content=\"2 minutes\" \/>\n<script type=\"application\/ld+json\" class=\"yoast-schema-graph\">{\"@context\":\"https:\/\/schema.org\",\"@graph\":[{\"@type\":\"Article\",\"@id\":\"https:\/\/adntro.com\/es\/blog\/ancestria\/etnia_vasca\/#article\",\"isPartOf\":{\"@id\":\"https:\/\/adntro.com\/de\/blog\/abstammung\/ethnizitat_vasca\/\"},\"author\":{\"name\":\"Sandra Ferreiro\",\"@id\":\"https:\/\/adntro.com\/es\/#\/schema\/person\/a71eca38b563da2bb60f24d7e71f7d6b\"},\"headline\":\"Etnia Vasca &#8211; Or\u00edgenes ancestrales\",\"datePublished\":\"2022-06-03T06:36:00+00:00\",\"dateModified\":\"2025-08-04T09:49:14+00:00\",\"mainEntityOfPage\":{\"@id\":\"https:\/\/adntro.com\/de\/blog\/abstammung\/ethnizitat_vasca\/\"},\"wordCount\":318,\"commentCount\":0,\"publisher\":{\"@id\":\"https:\/\/adntro.com\/es\/#organization\"},\"keywords\":[\"adntro\",\"etnia\",\"euskera\",\"gen\u00e9tica\",\"pa\u00eds vasco\",\"vascos\"],\"articleSection\":[\"Or\u00edgenes y Ancestr\u00eda\"],\"inLanguage\":\"en-US\",\"potentialAction\":[{\"@type\":\"CommentAction\",\"name\":\"Comment\",\"target\":[\"https:\/\/adntro.com\/es\/blog\/ancestria\/etnia_vasca\/#respond\"]}]},{\"@type\":\"WebPage\",\"@id\":\"https:\/\/adntro.com\/de\/blog\/abstammung\/ethnizitat_vasca\/\",\"url\":\"https:\/\/adntro.com\/es\/blog\/ancestria\/etnia_vasca\/\",\"name\":\"\u00bfInteresado en conocer caracter\u00edsticas de la etnia vasca?\",\"isPartOf\":{\"@id\":\"https:\/\/adntro.com\/es\/#website\"},\"datePublished\":\"2022-06-03T06:36:00+00:00\",\"dateModified\":\"2025-08-04T09:49:14+00:00\",\"description\":\"En este art\u00edculos podr\u00e1s conocer caracter\u00edsticas propias de la etnia vasca en un contexto hist\u00f3rico. Su lengua, sus or\u00edgenes...\",\"breadcrumb\":{\"@id\":\"https:\/\/adntro.com\/es\/blog\/ancestria\/etnia_vasca\/#breadcrumb\"},\"inLanguage\":\"en-US\",\"potentialAction\":[{\"@type\":\"ReadAction\",\"target\":[\"https:\/\/adntro.com\/es\/blog\/ancestria\/etnia_vasca\/\"]}]},{\"@type\":\"BreadcrumbList\",\"@id\":\"https:\/\/adntro.com\/es\/blog\/ancestria\/etnia_vasca\/#breadcrumb\",\"itemListElement\":[{\"@type\":\"ListItem\",\"position\":1,\"name\":\"Home\",\"item\":\"https:\/\/adntro.com\/de\/\"},{\"@type\":\"ListItem\",\"position\":2,\"name\":\"Etnia Vasca &#8211; Or\u00edgenes ancestrales\"}]},{\"@type\":\"WebSite\",\"@id\":\"https:\/\/adntro.com\/es\/#website\",\"url\":\"https:\/\/adntro.com\/es\/\",\"name\":\"ADNTRO\",\"description\":\"Gen\u00e9tica, salud, nutrici\u00f3n\",\"publisher\":{\"@id\":\"https:\/\/adntro.com\/es\/#organization\"},\"potentialAction\":[{\"@type\":\"SearchAction\",\"target\":{\"@type\":\"EntryPoint\",\"urlTemplate\":\"https:\/\/adntro.com\/es\/?s={search_term_string}\"},\"query-input\":\"required name=search_term_string\"}],\"inLanguage\":\"en-US\"},{\"@type\":\"Organization\",\"@id\":\"https:\/\/adntro.com\/es\/#organization\",\"name\":\"ADNTRO Genetics\",\"url\":\"https:\/\/adntro.com\/es\/\",\"logo\":{\"@type\":\"ImageObject\",\"inLanguage\":\"en-US\",\"@id\":\"https:\/\/adntro.com\/es\/#\/schema\/logo\/image\/\",\"url\":\"https:\/\/adntro.com\/wp-content\/uploads\/2021\/08\/android-chrome-512x512-2.png\",\"contentUrl\":\"https:\/\/adntro.com\/wp-content\/uploads\/2021\/08\/android-chrome-512x512-2.png\",\"width\":512,\"height\":512,\"caption\":\"ADNTRO Genetics\"},\"image\":{\"@id\":\"https:\/\/adntro.com\/es\/#\/schema\/logo\/image\/\"},\"sameAs\":[\"https:\/\/www.facebook.com\/ADNTROSPAIN\/\",\"https:\/\/twitter.com\/adntrospain\",\"https:\/\/www.instagram.com\/adntro_\/\",\"https:\/\/www.pinterest.es\/ADNTRO_TEAM\/_saved\/\"]},{\"@type\":\"Person\",\"@id\":\"https:\/\/adntro.com\/es\/#\/schema\/person\/a71eca38b563da2bb60f24d7e71f7d6b\",\"name\":\"Sandra Ferreiro\",\"image\":{\"@type\":\"ImageObject\",\"inLanguage\":\"en-US\",\"@id\":\"https:\/\/adntro.com\/es\/#\/schema\/person\/image\/\",\"url\":\"https:\/\/secure.gravatar.com\/avatar\/ddaa4448bc53192d65c596cd5119749fb4d7167a3b3d7931d8b0470a2021bdc3?s=96&d=mm&r=g\",\"contentUrl\":\"https:\/\/secure.gravatar.com\/avatar\/ddaa4448bc53192d65c596cd5119749fb4d7167a3b3d7931d8b0470a2021bdc3?s=96&d=mm&r=g\",\"caption\":\"Sandra Ferreiro\"},\"description\":\"Bioinform\u00e1tica y Responsable del \u00e1rea cient\u00edfica en ADNTRO. Biotecn\u00f3loga por la Universidad Francisco de Vitoria, donde recibi\u00f3 dos becas de expediente acad\u00e9mico brillante. Estuvo trabajando en un proyecto de investigaci\u00f3n sobre la asimetr\u00eda izquierda-derecha en Newcastle, siendo premiada en la Conferencia del Centro de Investigaci\u00f3n Cardiovascular Trainees Meeting como el mejor p\u00f3ster (2018). Complet\u00f3 un m\u00e1ster en Biolog\u00eda Computacional en la Universidad Polit\u00e9cnica de Madrid. All\u00ed estudi\u00f3 las redes de interacci\u00f3n metab\u00f3lica en el microbioma de pacientes con Enfermedad de Chron y Colitis Ulcerosa en el centro de investigaci\u00f3n CBGP, centro de Excelencia Severo Ochoa (2020). Desde el 2020 es Bioinform\u00e1tica en ADNTRO donde desarrolla modelos predictivos, realiza anotaciones y an\u00e1lisis de variantes patog\u00e9nicas, investigaci\u00f3n de literatura GWAS y divulgaci\u00f3n cient\u00edfica.\",\"sameAs\":[\"https:\/\/www.linkedin.com\/in\/sandra-ferreiro-lpez-78804016a\/\"],\"url\":\"https:\/\/adntro.com\/en\/blog\/author\/sandra\/\"}]}<\/script>\n<!-- \/ Yoast SEO plugin. -->","yoast_head_json":{"title":"\u00bfInteresado en conocer caracter\u00edsticas de la etnia vasca?","description":"En este art\u00edculos podr\u00e1s conocer caracter\u00edsticas propias de la etnia vasca en un contexto hist\u00f3rico. Su lengua, sus or\u00edgenes...","robots":{"index":"index","follow":"follow","max-snippet":"max-snippet:-1","max-image-preview":"max-image-preview:large","max-video-preview":"max-video-preview:-1"},"canonical":"https:\/\/adntro.com\/en\/blog\/ancestry\/basque_ethnicity\/","og_locale":"en_US","og_type":"article","og_title":"\u00bfInteresado en conocer caracter\u00edsticas de la etnia vasca?","og_description":"En este art\u00edculos podr\u00e1s conocer caracter\u00edsticas propias de la etnia vasca en un contexto hist\u00f3rico. Su lengua, sus or\u00edgenes...","og_url":"https:\/\/adntro.com\/en\/blog\/ancestry\/basque_ethnicity\/","og_site_name":"ADNTRO","article_publisher":"https:\/\/www.facebook.com\/ADNTROSPAIN\/","article_published_time":"2022-06-03T06:36:00+00:00","article_modified_time":"2025-08-04T09:49:14+00:00","og_image":[{"width":640,"height":360,"url":"https:\/\/adntro.com\/wp-content\/uploads\/2022\/05\/vascos.jpg","type":"image\/jpeg"}],"author":"Sandra Ferreiro","twitter_card":"summary_large_image","twitter_creator":"@adntrospain","twitter_site":"@adntrospain","twitter_misc":{"Written by":"Sandra Ferreiro","Est. reading time":"2 minutes"},"schema":{"@context":"https:\/\/schema.org","@graph":[{"@type":"Article","@id":"https:\/\/adntro.com\/es\/blog\/ancestria\/etnia_vasca\/#article","isPartOf":{"@id":"https:\/\/adntro.com\/de\/blog\/abstammung\/ethnizitat_vasca\/"},"author":{"name":"Sandra Ferreiro","@id":"https:\/\/adntro.com\/es\/#\/schema\/person\/a71eca38b563da2bb60f24d7e71f7d6b"},"headline":"Etnia Vasca &#8211; Or\u00edgenes ancestrales","datePublished":"2022-06-03T06:36:00+00:00","dateModified":"2025-08-04T09:49:14+00:00","mainEntityOfPage":{"@id":"https:\/\/adntro.com\/de\/blog\/abstammung\/ethnizitat_vasca\/"},"wordCount":318,"commentCount":0,"publisher":{"@id":"https:\/\/adntro.com\/es\/#organization"},"keywords":["adntro","etnia","euskera","gen\u00e9tica","pa\u00eds vasco","vascos"],"articleSection":["Or\u00edgenes y Ancestr\u00eda"],"inLanguage":"en-US","potentialAction":[{"@type":"CommentAction","name":"Comment","target":["https:\/\/adntro.com\/es\/blog\/ancestria\/etnia_vasca\/#respond"]}]},{"@type":"WebPage","@id":"https:\/\/adntro.com\/de\/blog\/abstammung\/ethnizitat_vasca\/","url":"https:\/\/adntro.com\/es\/blog\/ancestria\/etnia_vasca\/","name":"\u00bfInteresado en conocer caracter\u00edsticas de la etnia vasca?","isPartOf":{"@id":"https:\/\/adntro.com\/es\/#website"},"datePublished":"2022-06-03T06:36:00+00:00","dateModified":"2025-08-04T09:49:14+00:00","description":"En este art\u00edculos podr\u00e1s conocer caracter\u00edsticas propias de la etnia vasca en un contexto hist\u00f3rico. Su lengua, sus or\u00edgenes...","breadcrumb":{"@id":"https:\/\/adntro.com\/es\/blog\/ancestria\/etnia_vasca\/#breadcrumb"},"inLanguage":"en-US","potentialAction":[{"@type":"ReadAction","target":["https:\/\/adntro.com\/es\/blog\/ancestria\/etnia_vasca\/"]}]},{"@type":"BreadcrumbList","@id":"https:\/\/adntro.com\/es\/blog\/ancestria\/etnia_vasca\/#breadcrumb","itemListElement":[{"@type":"ListItem","position":1,"name":"Home","item":"https:\/\/adntro.com\/de\/"},{"@type":"ListItem","position":2,"name":"Etnia Vasca &#8211; Or\u00edgenes ancestrales"}]},{"@type":"WebSite","@id":"https:\/\/adntro.com\/es\/#website","url":"https:\/\/adntro.com\/es\/","name":"ADNTRO","description":"Gen\u00e9tica, salud, nutrici\u00f3n","publisher":{"@id":"https:\/\/adntro.com\/es\/#organization"},"potentialAction":[{"@type":"SearchAction","target":{"@type":"EntryPoint","urlTemplate":"https:\/\/adntro.com\/es\/?s={search_term_string}"},"query-input":"required name=search_term_string"}],"inLanguage":"en-US"},{"@type":"Organization","@id":"https:\/\/adntro.com\/es\/#organization","name":"ADNTRO Genetics","url":"https:\/\/adntro.com\/es\/","logo":{"@type":"ImageObject","inLanguage":"en-US","@id":"https:\/\/adntro.com\/es\/#\/schema\/logo\/image\/","url":"https:\/\/adntro.com\/wp-content\/uploads\/2021\/08\/android-chrome-512x512-2.png","contentUrl":"https:\/\/adntro.com\/wp-content\/uploads\/2021\/08\/android-chrome-512x512-2.png","width":512,"height":512,"caption":"ADNTRO Genetics"},"image":{"@id":"https:\/\/adntro.com\/es\/#\/schema\/logo\/image\/"},"sameAs":["https:\/\/www.facebook.com\/ADNTROSPAIN\/","https:\/\/twitter.com\/adntrospain","https:\/\/www.instagram.com\/adntro_\/","https:\/\/www.pinterest.es\/ADNTRO_TEAM\/_saved\/"]},{"@type":"Person","@id":"https:\/\/adntro.com\/es\/#\/schema\/person\/a71eca38b563da2bb60f24d7e71f7d6b","name":"Sandra Ferreiro","image":{"@type":"ImageObject","inLanguage":"en-US","@id":"https:\/\/adntro.com\/es\/#\/schema\/person\/image\/","url":"https:\/\/secure.gravatar.com\/avatar\/ddaa4448bc53192d65c596cd5119749fb4d7167a3b3d7931d8b0470a2021bdc3?s=96&d=mm&r=g","contentUrl":"https:\/\/secure.gravatar.com\/avatar\/ddaa4448bc53192d65c596cd5119749fb4d7167a3b3d7931d8b0470a2021bdc3?s=96&d=mm&r=g","caption":"Sandra Ferreiro"},"description":"Bioinform\u00e1tica y Responsable del \u00e1rea cient\u00edfica en ADNTRO. Biotecn\u00f3loga por la Universidad Francisco de Vitoria, donde recibi\u00f3 dos becas de expediente acad\u00e9mico brillante. Estuvo trabajando en un proyecto de investigaci\u00f3n sobre la asimetr\u00eda izquierda-derecha en Newcastle, siendo premiada en la Conferencia del Centro de Investigaci\u00f3n Cardiovascular Trainees Meeting como el mejor p\u00f3ster (2018). Complet\u00f3 un m\u00e1ster en Biolog\u00eda Computacional en la Universidad Polit\u00e9cnica de Madrid. All\u00ed estudi\u00f3 las redes de interacci\u00f3n metab\u00f3lica en el microbioma de pacientes con Enfermedad de Chron y Colitis Ulcerosa en el centro de investigaci\u00f3n CBGP, centro de Excelencia Severo Ochoa (2020). Desde el 2020 es Bioinform\u00e1tica en ADNTRO donde desarrolla modelos predictivos, realiza anotaciones y an\u00e1lisis de variantes patog\u00e9nicas, investigaci\u00f3n de literatura GWAS y divulgaci\u00f3n cient\u00edfica.","sameAs":["https:\/\/www.linkedin.com\/in\/sandra-ferreiro-lpez-78804016a\/"],"url":"https:\/\/adntro.com\/en\/blog\/author\/sandra\/"}]}},"_links":{"self":[{"href":"https:\/\/adntro.com\/en\/wp-json\/wp\/v2\/posts\/6704","targetHints":{"allow":["GET"]}}],"collection":[{"href":"https:\/\/adntro.com\/en\/wp-json\/wp\/v2\/posts"}],"about":[{"href":"https:\/\/adntro.com\/en\/wp-json\/wp\/v2\/types\/post"}],"author":[{"embeddable":true,"href":"https:\/\/adntro.com\/en\/wp-json\/wp\/v2\/users\/8"}],"replies":[{"embeddable":true,"href":"https:\/\/adntro.com\/en\/wp-json\/wp\/v2\/comments?post=6704"}],"version-history":[{"count":4,"href":"https:\/\/adntro.com\/en\/wp-json\/wp\/v2\/posts\/6704\/revisions"}],"predecessor-version":[{"id":13318,"href":"https:\/\/adntro.com\/en\/wp-json\/wp\/v2\/posts\/6704\/revisions\/13318"}],"wp:featuredmedia":[{"embeddable":true,"href":"https:\/\/adntro.com\/en\/wp-json\/wp\/v2\/media\/6706"}],"wp:attachment":[{"href":"https:\/\/adntro.com\/en\/wp-json\/wp\/v2\/media?parent=6704"}],"wp:term":[{"taxonomy":"category","embeddable":true,"href":"https:\/\/adntro.com\/en\/wp-json\/wp\/v2\/categories?post=6704"},{"taxonomy":"post_tag","embeddable":true,"href":"https:\/\/adntro.com\/en\/wp-json\/wp\/v2\/tags?post=6704"}],"curies":[{"name":"wp","href":"https:\/\/api.w.org\/{rel}","templated":true}]}}