{"id":9195,"date":"2022-12-07T10:30:00","date_gmt":"2022-12-07T09:30:00","guid":{"rendered":"https:\/\/adntro.com\/?p=9195"},"modified":"2025-07-28T08:36:15","modified_gmt":"2025-07-28T06:36:15","slug":"alzheimer","status":"publish","type":"post","link":"https:\/\/adntro.com\/de\/blog\/gesundheit-2\/alzheimer-krankheit\/","title":{"rendered":"Alzheimer-Krankheit"},"content":{"rendered":"<h2 class=\"wp-block-heading\"><strong>Was ist die Alzheimer-Krankheit?<\/strong><\/h2>\n\n\n\n<p>Demenz, auch als schwere neurokognitive St\u00f6rung bezeichnet, umfasst eine Reihe von gleichzeitig auftretenden Symptomen, deren Hauptsymptom eine schwere kognitive Beeintr\u00e4chtigung ist, die die Funktionsf\u00e4higkeit und die Aktivit\u00e4ten des t\u00e4glichen Lebens von Menschen mit Demenz beeintr\u00e4chtigt.<\/p>\n\n\n\n<p class=\" translation-block\">Die <strong>Alzheimer-Krankheit ist die h\u00e4ufigste Form der Demenz<\/strong> (60-80% der F\u00e4lle). Sie gilt als eine neurokognitive Erkrankung des Alterns, deren Pr\u00e4valenz in westlichen Bev\u00f6lkerungen von 1% bei Personen im Alter von 65 Jahren auf 25% bei Personen \u00fcber 90 Jahren ansteigt. Angesichts der fortschreitenden Alterung der Bev\u00f6lkerung wurde die Alzheimer-Krankheit als die Epidemie des 21. Jahrhunderts bezeichnet und ist eine der wichtigsten Priorit\u00e4ten der \u00f6ffentlichen Gesundheit.<\/p>\n\n\n\n<div style=\"height:31px\" aria-hidden=\"true\" class=\"wp-block-spacer\"><\/div>\n\n\n<div class=\"wp-block-image\">\n<figure class=\"aligncenter size-full is-resized\"><img fetchpriority=\"high\" decoding=\"async\" width=\"567\" height=\"543\" src=\"https:\/\/adntro.com\/wp-content\/uploads\/2022\/12\/prevalencia-AD-edad-1.png\" alt=\"Pr\u00e4valenz der Alzheimer-Krankheit in Abh\u00e4ngigkeit vom Alter.\" class=\"wp-image-9226\" style=\"width:471px;height:451px\" srcset=\"https:\/\/adntro.com\/wp-content\/uploads\/2022\/12\/prevalencia-AD-edad-1.png 567w, https:\/\/adntro.com\/wp-content\/uploads\/2022\/12\/prevalencia-AD-edad-1-300x287.png 300w, https:\/\/adntro.com\/wp-content\/uploads\/2022\/12\/prevalencia-AD-edad-1-13x12.png 13w\" sizes=\"(max-width: 567px) 100vw, 567px\" \/><figcaption class=\"wp-element-caption\">Pr\u00e4valenz der Alzheimer-Krankheit in Abh\u00e4ngigkeit vom Alter.<\/figcaption><\/figure>\n<\/div>\n\n\n<div style=\"height:26px\" aria-hidden=\"true\" class=\"wp-block-spacer\"><\/div>\n\n\n\n<p class=\" translation-block\">Auf kognitiver Ebene ist die Alzheimer-Krankheit gekennzeichnet durch Probleme mit dem <strong>Ged\u00e4chtnis<\/strong>, Schwierigkeiten beim Erkennen oder Erinnern der Namen von Dingen (Anomie), Probleme bei der <strong>Orientierung<\/strong>, Beeintr\u00e4chtigungen des <strong>Verst\u00e4ndnisses<\/strong> und der Entscheidungsfindung. Die Symptome sind zu Beginn der Krankheit unauff\u00e4llig und verschlimmern sich allm\u00e4hlich, bis sie die t\u00e4glichen Aufgaben beeintr\u00e4chtigen. Die kognitiven Defizite der Alzheimer-Krankheit variieren daher je nach Stadium der Krankheit:<\/p>\n\n\n\n<ol class=\"wp-block-list\" style=\"list-style-type:1\">\n<li class=\" translation-block\"><strong>Symptome der leichten Alzheimer-Krankheit<\/strong>: Dies ist das fr\u00fche und leichte Stadium der Alzheimer-Krankheit. Die Person ist in der Lage, selbstst\u00e4ndig zu arbeiten. Die Person hat jedoch Episoden von leichtem Ged\u00e4chtnisverlust oder wei\u00df sogar nicht mehr, wo sich die Gegenst\u00e4nde des t\u00e4glichen Lebens befinden.<\/li>\n\n\n\n<li class=\" translation-block\"><strong>Symptome der mittelschweren Alzheimer-Krankheit<\/strong>: Dies ist das mittlere und l\u00e4ngste Stadium der Alzheimer-Krankheit. Die Person hat Schwierigkeiten, ihre Gedanken auszudr\u00fccken und allt\u00e4gliche Aufgaben zu erledigen. Verwirrung von Orten, Daten, Namen, pers\u00f6nlichen Informationen wie Telefonnummern, Desorientierung, ver\u00e4nderte Schlafgewohnheiten, Probleme bei der Kontrolle des Bed\u00fcrfnisses, auf die Toilette zu gehen... beginnen.<\/li>\n\n\n\n<li><strong>Symptome der schweren Alzheimer-Krankheit<\/strong>Dies ist das schwerste Stadium. Die Kommunikation wird sehr schwierig, die k\u00f6rperlichen F\u00e4higkeiten ver\u00e4ndern sich, einschlie\u00dflich der F\u00e4higkeit zu sprechen, zu sitzen und schlie\u00dflich zu schlucken. Die Person ist nicht mehr in der Lage, allein zu funktionieren, und verliert den \u00dcberblick \u00fcber die j\u00fcngsten Erfahrungen, Erinnerungen und Ereignisse in ihrer Umgebung. &nbsp;&nbsp;&nbsp;&nbsp;&nbsp;<\/li>\n<\/ol>\n\n\n\n<div style=\"height:35px\" aria-hidden=\"true\" class=\"wp-block-spacer\"><\/div>\n\n\n<div class=\"wp-block-image\">\n<figure class=\"aligncenter size-full\"><img decoding=\"async\" width=\"490\" height=\"322\" src=\"https:\/\/adntro.com\/wp-content\/uploads\/2022\/12\/AD.jpg\" alt=\"Grafische Darstellung der Alzheimer-Krankheit\" class=\"wp-image-9196\" srcset=\"https:\/\/adntro.com\/wp-content\/uploads\/2022\/12\/AD.jpg 490w, https:\/\/adntro.com\/wp-content\/uploads\/2022\/12\/AD-300x197.jpg 300w, https:\/\/adntro.com\/wp-content\/uploads\/2022\/12\/AD-18x12.jpg 18w\" sizes=\"(max-width: 490px) 100vw, 490px\" \/><\/figure>\n<\/div>\n\n\n<div style=\"height:34px\" aria-hidden=\"true\" class=\"wp-block-spacer\"><\/div>\n\n\n\n<h2 class=\"wp-block-heading\"><strong>Genetische Architektur der Alzheimer-Krankheit<\/strong><\/h2>\n\n\n\n<p class=\" translation-block\"><strong>Aus genetischer Sicht<\/strong> kann die <strong>Alzheimer-Krankheit<\/strong> in zwei <strong>Untergruppen<\/strong> unterteilt werden:<\/p>\n\n\n\n<ol class=\"wp-block-list\" style=\"list-style-type:1\">\n<li><strong>Sp\u00e4t auftretende oder sporadische F\u00e4lle<\/strong>Heritabilit\u00e4t: Dies ist die h\u00e4ufigste Untergruppe (90-95% der F\u00e4lle), die von mehreren gemeinsamen Varianten beeinflusst wird, deren individueller Effekt auf die Krankheit gering ist. Die Heritabilit\u00e4t (Anteil der Variation eines Merkmals in einer Population, der auf genetische Faktoren zur\u00fcckgef\u00fchrt werden kann) liegt zwischen 70-80% und kann mit Hilfe der Genotypisierung analysiert werden (genomische Technologie, die in der <a href=\"https:\/\/adntro.com\/de\/dna-gentest-bericht-krankheiten\/\"><strong>DNA-TEST<\/strong><\/a> von ADNTRO).<\/li>\n\n\n\n<li><strong>Fr\u00fchzeitiges Auftreten oder famili\u00e4re F\u00e4lle<\/strong>Die fr\u00fch einsetzende Alzheimer-Krankheit ist selten (5-10% der F\u00e4lle) und tritt bei Menschen unter 65 Jahren auf. Die h\u00e4ufigste Form der Alzheimer-Krankheit (5-10% der F\u00e4lle) tritt bei Menschen unter 65 Jahren auf. <a href=\"https:\/\/adntro.com\/de\/blog\/unternehmensnachrichten\/erblichkeit\/\">Erblichkeit<\/a>In diesem Fall handelt es sich um 90%. Sie wird in der Regel durch seltene genetische Varianten erkl\u00e4rt, die einen starken Einfluss auf die Krankheit haben. Ihre Analyse erfolgt durch die Sequenzierung des <a href=\"https:\/\/adntro.com\/de\/blog\/gesundheit-2\/gesamtgenom\/\">vollst\u00e4ndiges Genom<\/a> (Service erh\u00e4ltlich bei ADNTRO).<\/li>\n<\/ol>\n\n\n\n<p>Wenn wir \u00fcber genetische Varianten und Auswirkungen sprechen, stellen wir folgenden Trend fest.<\/p>\n\n\n\n<div style=\"height:21px\" aria-hidden=\"true\" class=\"wp-block-spacer\"><\/div>\n\n\n<div class=\"wp-block-image\">\n<figure class=\"aligncenter size-full\"><img decoding=\"async\" width=\"488\" height=\"355\" src=\"https:\/\/adntro.com\/wp-content\/uploads\/2022\/12\/variantes_efectos.png\" alt=\"Auswirkung von h\u00e4ufigen und seltenen Varianten\" class=\"wp-image-9197\" srcset=\"https:\/\/adntro.com\/wp-content\/uploads\/2022\/12\/variantes_efectos.png 488w, https:\/\/adntro.com\/wp-content\/uploads\/2022\/12\/variantes_efectos-300x218.png 300w, https:\/\/adntro.com\/wp-content\/uploads\/2022\/12\/variantes_efectos-16x12.png 16w\" sizes=\"(max-width: 488px) 100vw, 488px\" \/><\/figure>\n<\/div>\n\n\n<div style=\"height:23px\" aria-hidden=\"true\" class=\"wp-block-spacer\"><\/div>\n\n\n\n<p class=\" translation-block\">Es gibt seltene Varianten, die einen fr\u00fchen Ausbruch der Alzheimer-Krankheit verursachen k\u00f6nnen, zum Beispiel: seltene Varianten in den Genen <em>PSEN1, PSEN2<\/em> und <em>APP<\/em>. Im Gegensatz dazu haben h\u00e4ufige Varianten (h\u00e4ufig in der Bev\u00f6lkerung) allein tendenziell einen geringeren Einfluss auf die Krankheit (geringere Wirkung), so dass mehrere h\u00e4ufige Varianten, die mit der Krankheit assoziiert sind, notwendig sind, um eine hohe Pr\u00e4disposition f\u00fcr die Entwicklung der Krankheit zu haben.<\/p>\n\n\n\n<p class=\" translation-block\"><strong>Bei ADNTRO analysieren wir genetische Biomarker, die mit der sp\u00e4ten Alzheimer-Krankheit in Verbindung gebracht werden<\/strong>, d. h. wir analysieren <strong>verbreitete genetische Varianten<\/strong>, die in hohem Ma\u00dfe mit der Alzheimer-Krankheit in Verbindung stehen.<\/p>\n\n\n\n<h2 class=\"wp-block-heading\"><strong>Ihre genetische Veranlagung, an Alzheimer zu erkranken<\/strong><\/h2>\n\n\n\n<p><strong>Bei ADNTRO analysieren wir h\u00e4ufige genetische Biomarker, die mit der Alzheimer-Krankheit im Sp\u00e4tstadium in Verbindung gebracht werden, und st\u00fctzen uns dabei auf Erkenntnisse aus gro\u00df angelegten genomweiten Assoziationsstudien (GWAS), die in gro\u00dfen Biobanken durchgef\u00fchrt wurden.<\/strong>.<\/p>\n\n\n\n<p class=\" translation-block\">Um Ihre Veranlagung oder Ihren Schutz vor der Alzheimer-Krankheit zu berechnen, haben wir uns auf eine aktuelle <a href=\"https:\/\/journals.plos.org\/plosgenetics\/article?id=10.1371\/journal.pgen.1010208\" target=\"_self\">wissenschaftliche Studie<\/a> gest\u00fctzt, in der mehr als zweitausend h\u00e4ufige genetische Varianten identifiziert wurden, die mit der Alzheimer-Krankheit in Verbindung stehen.<\/p>\n\n\n\n<p>Finden Sie in ADNTRO Ihre genetische Veranlagung f\u00fcr die Alzheimer-Krankheit heraus!<\/p>\n\n\n\n<h2 class=\"wp-block-heading\"><strong>Genetische Ursachen der Alzheimer-Krankheit<\/strong><\/h2>\n\n\n\n<p class=\" translation-block\">Genetische Risikovarianten, die mit der Alzheimer-Krankheit assoziiert sind, erh\u00f6hen das Risiko, an der Krankheit zu erkranken, im wahrscheinlichen Sinne des Wortes, so dass <strong>ein hohes genetisches Risiko, an Alzheimer zu erkranken, nicht bedeutet, dass man die Krankheit auch bekommen wird<\/strong>. Es stimmt zwar, dass ein homozygoter Tr\u00e4ger des APOE-\u025b4-Haplotyps mit einem acht- bis zehnmal h\u00f6heren Risiko f\u00fcr die Entwicklung der Alzheimer-Krankheit verbunden ist als Nicht-Tr\u00e4ger dieser Genform (die genetische Variation in diesem Gen erkl\u00e4rt etwa 10% des genetischen Risikos f\u00fcr die Alzheimer-Krankheit).<\/p>\n\n\n\n<p>Genetische Varianten sind bestimmte Stellen in der DNA und geh\u00f6ren daher zu bestimmten Genen oder stehen diesen sehr nahe.<\/p>\n\n\n\n<p>Zu den f\u00fcr die Alzheimer-Krankheit wichtigsten Genen geh\u00f6ren:<\/p>\n\n\n\n<ol class=\"wp-block-list\" style=\"list-style-type:1\">\n<li class=\" translation-block\"><strong><em>CLU<\/em><\/strong>: tr\u00e4gt zur Regulierung des Abbaus von Beta-Amyloid im Gehirn bei.<\/li>\n\n\n\n<li class=\" translation-block\"><strong><em>CR1<\/em><\/strong>: Ein Mangel an dem von diesem Gen kodierten Protein kann zu chronischen Entz\u00fcndungen im Gehirn beitragen.<\/li>\n\n\n\n<li class=\" translation-block\"><strong><em>PICALM<\/em><\/strong>: beteiligt an Synapsen. Korrekte Synapsen sind f\u00fcr das reibungslose Funktionieren der Neuronen und die Bildung des Ged\u00e4chtnisses unerl\u00e4sslich.<\/li>\n\n\n\n<li class=\" translation-block\"><strong><em>APOE<\/em><\/strong>: ist ein stark untersuchtes Gen, das mit der Alzheimer-Krankheit in Verbindung steht. Es gibt verschiedene \"Versionen\" (Allele) dieses Gens. <strong>Unterschiedliche Kombinationen dieser Versionen bergen ein gr\u00f6\u00dferes oder geringeres Risiko, an der Krankheit zu erkranken<\/strong>. Aus diesem Grund ermitteln wir nicht nur Ihre genetische Veranlagung auf der Grundlage von mehr als 2.000 genetischen Varianten, die mit dem Risiko, an Alzheimer zu erkranken, in Verbindung gebracht werden, sondern geben auch Ihren APOE-Haplotyp an. Mit anderen Worten: Ihre \"Kombination von m\u00f6glichen APOE-Versionen\". Der APOE-Haplotyp basiert auf der Kombination des Genotyps, den Sie f\u00fcr zwei sehr spezifische genetische Varianten des <em>APOE<\/em>-Gens haben. Entdecken Sie Ihren <a href=\"https:\/\/adntro.com\/es\/adn-test-genetico-informe-enfermedades\/\" target=\"_self\">APOE Haplotyp<\/a> mit ADNTRO.<\/li>\n<\/ol>\n\n\n\n<h2 class=\"wp-block-heading\"><strong>Ihr APOE-Haplotyp<\/strong><\/h2>\n\n\n\n<p class=\" translation-block\">Das <em>APOE<\/em>-Gen ist ein sehr gut untersuchtes Gen, das mit der Alzheimer-Krankheit in Verbindung steht. Zwei h\u00e4ufige genetische Varianten innerhalb dieses Gens bestimmen die verschiedenen Formen, die ein h\u00f6heres oder niedrigeres Risiko f\u00fcr die Entwicklung der Krankheit mit sich bringen. So wird beispielsweise das Tragen der APOE- \u03b54\/APOE- \u03b54-Form mit einem 8-10-fach erh\u00f6hten Erkrankungsrisiko in Verbindung gebracht. <strong>Die Vererbung der APOE \u03b54-Konfiguration bedeutet nicht, dass Sie die Krankheit entwickeln werden<\/strong>, sondern nur, dass Sie ein erh\u00f6htes Risiko daf\u00fcr haben.<\/p>\n\n\n\n<p class=\" translation-block\">Das Gleiche gilt auch andersherum. Die Tatsache, dass<strong>Sie nicht die APOE \u03b54-Konfiguration haben, schlie\u00dft nicht aus, dass Sie an der Alzheimer-Krankheit erkranken<\/strong>. Aus diesem Grund sind sowohl der APOE-Haplotyp als auch der \"Balken\" mit Ihrem Ergebnis, den wir bei ADNTRO bereitstellen, unabh\u00e4ngige Variablen, die angeben, ob Sie ein h\u00f6heres oder niedrigeres Risiko haben, die Krankheit zu entwickeln.<\/p>\n\n\n\n<p>Das genetische Risiko der Alzheimer-Krankheit h\u00e4ngt von vielen anderen genetischen Varianten ab, wobei APOE nur 10% des Gesamtrisikos ausmacht.<\/p>\n\n\n\n<p>Der APOE-Haplotyp macht etwa 10% des genetischen Risikos aus, das durch h\u00e4ufige genetische Varianten f\u00fcr die Alzheimer-Krankheit erkl\u00e4rt wird, was einen gro\u00dfen Effekt f\u00fcr diese Region auf Chromosom 19 darstellt. Die \u00fcbrigen h\u00e4ufigen genetischen Risikovarianten, die mit der Alzheimer-Krankheit in Verbindung gebracht werden, machen sch\u00e4tzungsweise weitere 10% des genetischen Risikos f\u00fcr die Alzheimer-Krankheit aus, so dass bis zu 80% des genetischen Risikos f\u00fcr die Alzheimer-Krankheit noch unentdeckt sind.<\/p>\n\n\n\n<p class=\" translation-block\">Es gibt drei Konfigurationen des APOE-Gens (\u03b52, \u03b53 oder \u03b54). Finden Sie Ihren <a href=\"https:\/\/adntro.com\/es\/adn-test-genetico-informe-enfermedades\/\" target=\"_self\">APOE-Haplotyp in ADNTRO<\/a> heraus!<\/p>\n\n\n\n<div style=\"height:27px\" aria-hidden=\"true\" class=\"wp-block-spacer\"><\/div>\n\n\n<div class=\"wp-block-image\">\n<figure class=\"aligncenter size-large is-resized\"><img loading=\"lazy\" decoding=\"async\" width=\"1024\" height=\"986\" src=\"https:\/\/adntro.com\/wp-content\/uploads\/2022\/12\/haplotipo_ADNTRO-1024x986.png\" alt=\"Pr\u00e4valenz des APOE-Haplotyps ADNTRO\" class=\"wp-image-9208\" style=\"width:519px;height:494px\" srcset=\"https:\/\/adntro.com\/wp-content\/uploads\/2022\/12\/haplotipo_ADNTRO-1024x986.png 1024w, https:\/\/adntro.com\/wp-content\/uploads\/2022\/12\/haplotipo_ADNTRO-300x289.png 300w, https:\/\/adntro.com\/wp-content\/uploads\/2022\/12\/haplotipo_ADNTRO-768x740.png 768w, https:\/\/adntro.com\/wp-content\/uploads\/2022\/12\/haplotipo_ADNTRO-1536x1479.png 1536w, https:\/\/adntro.com\/wp-content\/uploads\/2022\/12\/haplotipo_ADNTRO-2048x1972.png 2048w, https:\/\/adntro.com\/wp-content\/uploads\/2022\/12\/haplotipo_ADNTRO-12x12.png 12w\" sizes=\"(max-width: 1024px) 100vw, 1024px\" \/><\/figure>\n<\/div>\n\n\n<div style=\"height:29px\" aria-hidden=\"true\" class=\"wp-block-spacer\"><\/div>\n\n\n\n<h2 class=\"wp-block-heading\"><strong>Pathophysiologie der Alzheimer-Krankheit <\/strong><\/h2>\n\n\n\n<p class=\" translation-block\">Das erste Stadium der Alzheimer-Krankheit beruht auf dem Absterben von Zellen im <strong>Hippocampus<\/strong>, der Region des Gehirns, in der Erinnerungen gespeichert werden<\/strong>. Der <strong>parahippocampale Kortex<\/strong>, der f\u00fcr wichtige Prozesse wie <strong>Ged\u00e4chtnis und<\/strong> <strong>Lernen<\/strong> verantwortlich ist, ist ebenfalls betroffen und verliert dadurch die F\u00e4higkeit, neue Erinnerungen zu speichern.<\/p>\n\n\n\n<p class=\" translation-block\">In der Folge breitet sich die Verschlechterung auf andere Hirnstrukturen wie den <strong>entorhinalen Kortex<\/strong> aus, der au\u00dferordentlich wichtige Funktionen wie die Konsolidierung des autobiografischen Ged\u00e4chtnisses aus\u00fcbt, das <strong>erlaubt uns zu wissen, wer wir sind<\/strong>.<\/p>\n\n\n\n<p class=\" translation-block\">Die <strong>Alzheimer-Krankheit ist klinisch durch kognitive Beeintr\u00e4chtigungen<\/strong> (Verlust und Absterben von Nervenzellen) gekennzeichnet, die die Unabh\u00e4ngigkeit bei allt\u00e4glichen Aktivit\u00e4ten beeintr\u00e4chtigen. Und Sie fragen sich vielleicht, was all diese Sch\u00e4den an unserem Gehirn verursacht? Wenn wir \u00fcber die Alzheimer-Krankheit sprechen, gibt es auf molekularer Ebene <strong>drei Hauptmerkmale, die f\u00fcr die kognitive Verschlechterung verantwortlich sind, die die Krankheit biologisch kennzeichnet<\/strong>:<\/p>\n\n\n\n<ol class=\"wp-block-list\" style=\"list-style-type:1\">\n<li class=\" translation-block\"><strong>Neurofibrill\u00e4re Kn\u00e4uelbildung<\/strong>. Diese Verwicklungen entstehen durch das <strong>Tau-Protein<\/strong>. Dieses Protein ist f\u00fcr die Stabilisierung bestimmter Strukturen in unserem Gehirn verantwortlich. Das Problem entsteht, wenn das Tau-Protein seine stabilisierende Wirkung verliert und Ausf\u00e4llungen (neurofibrill\u00e4re Tangles) bildet, die die Struktur unseres Gehirns sch\u00e4digen.<\/li>\n\n\n\n<li class=\" translation-block\"><strong>Erscheinung von neuritischen Plaques<\/strong>. Ein Protein namens <strong>Beta-Amyloid<\/strong> ist f\u00fcr die Bildung dieser Plaques verantwortlich. Wenn sich diese Ausscheidungen bilden, wird eine starke Entz\u00fcndungsreaktion ausgel\u00f6st, die das Gehirn sch\u00e4digt. Das vom <strong><em>APOE<\/em><\/strong>-Gen kodierte Protein <strong>ist f\u00fcr den Abbau<\/strong> dieser <strong>Beta-Amyloid<\/strong>-Plaques verantwortlich. Es hat sich herausgestellt, dass das <strong>\u03b54-Allel weniger effektiv<\/strong> bei der Durchf\u00fchrung dieser Aktion ist, so dass die Tr\u00e4ger dieses Allels ein h\u00f6heres Risiko f\u00fcr die Alzheimer-Krankheit haben.<\/li>\n\n\n\n<li class=\" translation-block\"><strong>Verlust von funktionellen Synapsen<\/strong>. Synapsen sind das Kommunikationsmittel unserer Neuronen. Um das Ganze etwas anschaulicher zu machen und eine einfache molekulare Erkl\u00e4rung zu entwickeln, stellen wir uns ein riesiges Spinnennetz vor, das in der Ecke einer Wand entsteht. Wenn eine Ameise in das Spinnennetz f\u00e4llt, bleibt die Struktur intakt, aber wenn ein ganzer Ameisenhaufen auf einmal hineinf\u00e4llt, zerbricht die Struktur, und die Verbindungen, die zwischen den beiden Enden der Wand bestanden, werden zerst\u00f6rt. Das Gleiche gilt f\u00fcr unser Gehirn. Alle Verbindungen zwischen unseren Neuronen (Synapsen) k\u00f6nnen durch die Bildung von neurofibrill\u00e4ren Kn\u00e4ueln und neuritischen Plaques, die nichts anderes sind als Ausf\u00e4llungen (Ameisengruppen), die sich auf unsere neuronalen Verbindungen (Spinnennetz) legen, ver\u00e4ndert und sogar zerst\u00f6rt werden.<\/li>\n<\/ol>\n\n\n<div class=\"wp-block-image\">\n<figure class=\"aligncenter size-full is-resized\"><img loading=\"lazy\" decoding=\"async\" width=\"844\" height=\"438\" src=\"https:\/\/adntro.com\/wp-content\/uploads\/2022\/12\/sinapsis.jpg\" alt=\"Synapsen\" class=\"wp-image-9199\" style=\"width:605px;height:313px\" srcset=\"https:\/\/adntro.com\/wp-content\/uploads\/2022\/12\/sinapsis.jpg 844w, https:\/\/adntro.com\/wp-content\/uploads\/2022\/12\/sinapsis-300x156.jpg 300w, https:\/\/adntro.com\/wp-content\/uploads\/2022\/12\/sinapsis-768x399.jpg 768w, https:\/\/adntro.com\/wp-content\/uploads\/2022\/12\/sinapsis-18x9.jpg 18w\" sizes=\"(max-width: 844px) 100vw, 844px\" \/><\/figure>\n<\/div>\n\n\n<div style=\"height:28px\" aria-hidden=\"true\" class=\"wp-block-spacer\"><\/div>\n\n\n\n<p><strong>J\u00fcngste Studien legen nahe, dass das Amyloid-beta-Protein<\/strong> Es handelt sich nicht um ein abnormales Protein, sondern um ein k\u00f6rpereigenes Molek\u00fcl, das <strong>ist Teil des Immunsystems des Gehirns<\/strong>. Dadurch wird das Beta-Amyloid-Protein zu einem Schl\u00fcsselelement in der Immunantwort des Gehirns, z. B. bei traumatischen Hirnverletzungen oder bakteriellen Infektionen.<\/p>\n\n\n\n<p>Aufgrund der gro\u00dfen \u00c4hnlichkeit zwischen den Fettmolek\u00fclen, aus denen die Membranen von Bakterien und die Membranen von Gehirnzellen bestehen, wird postuliert, dass Beta-Amyloid bei der Alzheimer-Krankheit m\u00f6glicherweise nicht zwischen eindringenden Bakterien und Gehirnzellen unterscheiden kann und f\u00e4lschlicherweise letztere angreift.<\/p>\n\n\n\n<p class=\" translation-block\"><strong>In diesem Fall<\/strong> w\u00fcrde die <strong>Alzheimer-Krankheit als Autoimmunerkrankung<\/strong> betrachtet werden, da die Ursache der Krankheit auf einen fehlgeleiteten Angriff des Immunsystems des Gehirns zur\u00fcckzuf\u00fchren ist, wenn die neue Hypothese richtig ist.<\/p>\n\n\n\n<h2 class=\"wp-block-heading\">Quellen und Links von Interesse<\/h2>\n\n\n\n<p><a href=\"https:\/\/www.fundacioace.com\/es\" target=\"_blank\" rel=\"noreferrer noopener\">https:\/\/www.fundacioace.com\/es<\/a><\/p>\n\n\n\n<p><a href=\"https:\/\/www.nia.nih.gov\/health\/alzheimers-disease-genetics-fact-sheet\" target=\"_blank\" rel=\"noreferrer noopener\">https:\/\/www.nia.nih.gov\/health\/alzheimers-disease-genetics-fact-sheet<\/a><\/p>\n\n\n\n<p><a href=\"https:\/\/www.mayoclinic.org\/diseases-conditions\/alzheimers-disease\/in-depth\/alzheimers-genes\/art-20046552#:~:text=Young%2Donset%20Alzheimer's&amp;text=This%20type%20of%20Alzheimer's%20disease,Alzheimer's%20symptoms%20before%20age%2065\" target=\"_blank\" rel=\"noreferrer noopener\">https:\/\/www.mayoclinic.org\/diseases-conditions\/alzheimers-disease\/in-depth\/alzheimers-genes\/art-20046552#:~:text=Young%2Donset%20Alzheimer&#8217;s&amp;text=This%20type%20of%20Alzheimer&#8217;s%20disease,Alzheimer&#8217;s%20symptoms%20before%20age%2065<\/a><\/p>\n\n\n\n<p><a href=\"https:\/\/www.ncbi.nlm.nih.gov\/pmc\/articles\/PMC9200312\/\" target=\"_blank\" rel=\"noreferrer noopener\">https:\/\/www.ncbi.nlm.nih.gov\/pmc\/articles\/PMC9200312\/<\/a><\/p>\n\n\n\n<p><a href=\"https:\/\/www.nia.nih.gov\/espanol\/hoja-informativa-sobre-enfermedad-alzheimer#:~:text=La%20enfermedad%20de%20Alzheimer%20es,m%C3%A1s%20tarde%20en%20la%20vida.\" target=\"_blank\" rel=\"noreferrer noopener\">https:\/\/www.nia.nih.gov\/espanol\/hoja-informativa-sobre-enfermedad-alzheimer#:~:text=La%20enfermedad%20de%20Alzheimer%20es,m%C3%A1s%20tarde%20en%20la%20vida<\/a><\/p>\n\n\n\n<p><a href=\"https:\/\/www.alz.org\/alzheimer-demencia\/etapas\" target=\"_blank\" rel=\"noreferrer noopener\">https:\/\/www.alz.org\/alzheimer-demencia\/etapas<\/a><\/p>\n\n\n\n<p><a href=\"https:\/\/www.mayoclinic.org\/es-es\/diseases-conditions\/alzheimers-disease\/in-depth\/alzheimers-genes\/art-20046552\" target=\"_blank\" rel=\"noreferrer noopener\">https:\/\/www.mayoclinic.org\/es-es\/diseases-conditions\/alzheimers-disease\/in-depth\/alzheimers-genes\/art-20046552<\/a><\/p>\n\n\n\n<p><a href=\"https:\/\/theconversation.com\/hay-motivos-para-sospechar-que-el-alzheimer-podria-ser-una-enfermedad-autoinmune-190998#:~:text=El%20alzh%C3%A9imer%20como%20enfermedad%20autoinmune&amp;text=Cuando%20se%20produce%20un%20traumatismo,es%20donde%20empieza%20el%20pro.\" target=\"_blank\" rel=\"noreferrer noopener\">https:\/\/theconversation.com\/hay-motivos-para-sospechar-que-el-alzheimer-podria-ser-una-enfermedad-autoinmune-190998#:~:text=El%20alzh%C3%A9imer%20como%20enfermedad%20autoinmune&amp;text=Cuando%20se%20produce%20un%20traumatismo,es%20donde%20empieza%20el%20pro.<\/a><\/p>","protected":false},"excerpt":{"rendered":"<p>Was ist die Alzheimer-Krankheit? Demenz, auch als schwere neurokognitive St\u00f6rung bezeichnet, umfasst eine Reihe von gleichzeitig auftretenden Symptomen, deren Hauptsymptom eine schwere kognitive Beeintr\u00e4chtigung ist, die die Funktionsf\u00e4higkeit und die Aktivit\u00e4ten des t\u00e4glichen Lebens der Betroffenen beeintr\u00e4chtigt. Die Alzheimer-Krankheit ist die h\u00e4ufigste Form der Alzheimer-Krankheit.<\/p>","protected":false},"author":8,"featured_media":9196,"comment_status":"open","ping_status":"open","sticky":false,"template":"","format":"standard","meta":{"footnotes":""},"categories":[430],"tags":[42,417,418,419,389,421,420,422,32,20,238],"class_list":["post-9195","post","type-post","status-publish","format-standard","has-post-thumbnail","hentry","category-salud","tag-adntro","tag-alzheimer","tag-apoe","tag-epsilon-4","tag-genetica-2","tag-haplotipo-apoe","tag-haplotipos","tag-prevalencia","tag-salud","tag-snp","tag-variantes"],"yoast_head":"<!-- This site is optimized with the Yoast SEO plugin v22.0 - https:\/\/yoast.com\/wordpress\/plugins\/seo\/ -->\n<title>\u00bfQu\u00e9 es el Alzheimer? | ADNTRO<\/title>\n<meta name=\"description\" content=\"Descubre la gen\u00e9tica que hay detr\u00e1s de esta enfermedad y qu\u00e9 ocurre a nivel biol\u00f3gico en el organismo de personas diagnosticadas con Alzheimer\" \/>\n<meta name=\"robots\" content=\"index, follow, max-snippet:-1, max-image-preview:large, max-video-preview:-1\" \/>\n<link rel=\"canonical\" href=\"https:\/\/adntro.com\/de\/blog\/gesundheit-2\/alzheimer-krankheit\/\" \/>\n<meta property=\"og:locale\" content=\"de_DE\" \/>\n<meta property=\"og:type\" content=\"article\" \/>\n<meta property=\"og:title\" content=\"\u00bfQu\u00e9 es el Alzheimer? | ADNTRO\" \/>\n<meta property=\"og:description\" content=\"Descubre la gen\u00e9tica que hay detr\u00e1s de esta enfermedad y qu\u00e9 ocurre a nivel biol\u00f3gico en el organismo de personas diagnosticadas con Alzheimer\" \/>\n<meta property=\"og:url\" content=\"https:\/\/adntro.com\/de\/blog\/gesundheit-2\/alzheimer-krankheit\/\" \/>\n<meta property=\"og:site_name\" content=\"ADNTRO\" \/>\n<meta property=\"article:publisher\" content=\"https:\/\/www.facebook.com\/ADNTROSPAIN\/\" \/>\n<meta property=\"article:published_time\" content=\"2022-12-07T09:30:00+00:00\" \/>\n<meta property=\"article:modified_time\" content=\"2025-07-28T06:36:15+00:00\" \/>\n<meta property=\"og:image\" content=\"https:\/\/adntro.com\/wp-content\/uploads\/2022\/12\/AD.jpg\" \/>\n\t<meta property=\"og:image:width\" content=\"490\" \/>\n\t<meta property=\"og:image:height\" content=\"322\" \/>\n\t<meta property=\"og:image:type\" content=\"image\/jpeg\" \/>\n<meta name=\"author\" content=\"Sandra Ferreiro\" \/>\n<meta name=\"twitter:card\" content=\"summary_large_image\" \/>\n<meta name=\"twitter:creator\" content=\"@adntrospain\" \/>\n<meta name=\"twitter:site\" content=\"@adntrospain\" \/>\n<meta name=\"twitter:label1\" content=\"Verfasst von\" \/>\n\t<meta name=\"twitter:data1\" content=\"Sandra Ferreiro\" \/>\n\t<meta name=\"twitter:label2\" content=\"Gesch\u00e4tzte Lesezeit\" \/>\n\t<meta name=\"twitter:data2\" content=\"10\u00a0Minuten\" \/>\n<script type=\"application\/ld+json\" class=\"yoast-schema-graph\">{\"@context\":\"https:\/\/schema.org\",\"@graph\":[{\"@type\":\"Article\",\"@id\":\"https:\/\/adntro.com\/es\/blog\/salud\/alzheimer\/#article\",\"isPartOf\":{\"@id\":\"https:\/\/adntro.com\/en\/blog\/salud\/alzheimer\/\"},\"author\":{\"name\":\"Sandra Ferreiro\",\"@id\":\"https:\/\/adntro.com\/es\/#\/schema\/person\/a71eca38b563da2bb60f24d7e71f7d6b\"},\"headline\":\"Alzheimer\",\"datePublished\":\"2022-12-07T09:30:00+00:00\",\"dateModified\":\"2025-07-28T06:36:15+00:00\",\"mainEntityOfPage\":{\"@id\":\"https:\/\/adntro.com\/en\/blog\/salud\/alzheimer\/\"},\"wordCount\":2118,\"commentCount\":0,\"publisher\":{\"@id\":\"https:\/\/adntro.com\/es\/#organization\"},\"keywords\":[\"adntro\",\"alzheimer\",\"APOE\",\"epsilon 4\",\"genetica\",\"haplotipo APOE\",\"haplotipos\",\"prevalencia\",\"salud\",\"SNP\",\"variantes\"],\"articleSection\":[\"Salud\"],\"inLanguage\":\"de\",\"potentialAction\":[{\"@type\":\"CommentAction\",\"name\":\"Comment\",\"target\":[\"https:\/\/adntro.com\/es\/blog\/salud\/alzheimer\/#respond\"]}]},{\"@type\":\"WebPage\",\"@id\":\"https:\/\/adntro.com\/en\/blog\/salud\/alzheimer\/\",\"url\":\"https:\/\/adntro.com\/es\/blog\/salud\/alzheimer\/\",\"name\":\"\u00bfQu\u00e9 es el Alzheimer? | ADNTRO\",\"isPartOf\":{\"@id\":\"https:\/\/adntro.com\/es\/#website\"},\"datePublished\":\"2022-12-07T09:30:00+00:00\",\"dateModified\":\"2025-07-28T06:36:15+00:00\",\"description\":\"Descubre la gen\u00e9tica que hay detr\u00e1s de esta enfermedad y qu\u00e9 ocurre a nivel biol\u00f3gico en el organismo de personas diagnosticadas con Alzheimer\",\"breadcrumb\":{\"@id\":\"https:\/\/adntro.com\/es\/blog\/salud\/alzheimer\/#breadcrumb\"},\"inLanguage\":\"de\",\"potentialAction\":[{\"@type\":\"ReadAction\",\"target\":[\"https:\/\/adntro.com\/es\/blog\/salud\/alzheimer\/\"]}]},{\"@type\":\"BreadcrumbList\",\"@id\":\"https:\/\/adntro.com\/es\/blog\/salud\/alzheimer\/#breadcrumb\",\"itemListElement\":[{\"@type\":\"ListItem\",\"position\":1,\"name\":\"Home\",\"item\":\"https:\/\/adntro.com\/de\/\"},{\"@type\":\"ListItem\",\"position\":2,\"name\":\"Alzheimer\"}]},{\"@type\":\"WebSite\",\"@id\":\"https:\/\/adntro.com\/es\/#website\",\"url\":\"https:\/\/adntro.com\/es\/\",\"name\":\"ADNTRO\",\"description\":\"Gen\u00e9tica, salud, nutrici\u00f3n\",\"publisher\":{\"@id\":\"https:\/\/adntro.com\/es\/#organization\"},\"potentialAction\":[{\"@type\":\"SearchAction\",\"target\":{\"@type\":\"EntryPoint\",\"urlTemplate\":\"https:\/\/adntro.com\/es\/?s={search_term_string}\"},\"query-input\":\"required name=search_term_string\"}],\"inLanguage\":\"de\"},{\"@type\":\"Organization\",\"@id\":\"https:\/\/adntro.com\/es\/#organization\",\"name\":\"ADNTRO Genetics\",\"url\":\"https:\/\/adntro.com\/es\/\",\"logo\":{\"@type\":\"ImageObject\",\"inLanguage\":\"de\",\"@id\":\"https:\/\/adntro.com\/es\/#\/schema\/logo\/image\/\",\"url\":\"https:\/\/adntro.com\/wp-content\/uploads\/2021\/08\/android-chrome-512x512-2.png\",\"contentUrl\":\"https:\/\/adntro.com\/wp-content\/uploads\/2021\/08\/android-chrome-512x512-2.png\",\"width\":512,\"height\":512,\"caption\":\"ADNTRO Genetics\"},\"image\":{\"@id\":\"https:\/\/adntro.com\/es\/#\/schema\/logo\/image\/\"},\"sameAs\":[\"https:\/\/www.facebook.com\/ADNTROSPAIN\/\",\"https:\/\/twitter.com\/adntrospain\",\"https:\/\/www.instagram.com\/adntro_\/\",\"https:\/\/www.pinterest.es\/ADNTRO_TEAM\/_saved\/\"]},{\"@type\":\"Person\",\"@id\":\"https:\/\/adntro.com\/es\/#\/schema\/person\/a71eca38b563da2bb60f24d7e71f7d6b\",\"name\":\"Sandra Ferreiro\",\"image\":{\"@type\":\"ImageObject\",\"inLanguage\":\"de\",\"@id\":\"https:\/\/adntro.com\/es\/#\/schema\/person\/image\/\",\"url\":\"https:\/\/secure.gravatar.com\/avatar\/ddaa4448bc53192d65c596cd5119749fb4d7167a3b3d7931d8b0470a2021bdc3?s=96&d=mm&r=g\",\"contentUrl\":\"https:\/\/secure.gravatar.com\/avatar\/ddaa4448bc53192d65c596cd5119749fb4d7167a3b3d7931d8b0470a2021bdc3?s=96&d=mm&r=g\",\"caption\":\"Sandra Ferreiro\"},\"description\":\"Bioinform\u00e1tica y Responsable del \u00e1rea cient\u00edfica en ADNTRO. Biotecn\u00f3loga por la Universidad Francisco de Vitoria, donde recibi\u00f3 dos becas de expediente acad\u00e9mico brillante. Estuvo trabajando en un proyecto de investigaci\u00f3n sobre la asimetr\u00eda izquierda-derecha en Newcastle, siendo premiada en la Conferencia del Centro de Investigaci\u00f3n Cardiovascular Trainees Meeting como el mejor p\u00f3ster (2018). Complet\u00f3 un m\u00e1ster en Biolog\u00eda Computacional en la Universidad Polit\u00e9cnica de Madrid. All\u00ed estudi\u00f3 las redes de interacci\u00f3n metab\u00f3lica en el microbioma de pacientes con Enfermedad de Chron y Colitis Ulcerosa en el centro de investigaci\u00f3n CBGP, centro de Excelencia Severo Ochoa (2020). Desde el 2020 es Bioinform\u00e1tica en ADNTRO donde desarrolla modelos predictivos, realiza anotaciones y an\u00e1lisis de variantes patog\u00e9nicas, investigaci\u00f3n de literatura GWAS y divulgaci\u00f3n cient\u00edfica.\",\"sameAs\":[\"https:\/\/www.linkedin.com\/in\/sandra-ferreiro-lpez-78804016a\/\"],\"url\":\"https:\/\/adntro.com\/de\/blog\/author\/sandra\/\"}]}<\/script>\n<!-- \/ Yoast SEO plugin. -->","yoast_head_json":{"title":"\u00bfQu\u00e9 es el Alzheimer? | ADNTRO","description":"Descubre la gen\u00e9tica que hay detr\u00e1s de esta enfermedad y qu\u00e9 ocurre a nivel biol\u00f3gico en el organismo de personas diagnosticadas con Alzheimer","robots":{"index":"index","follow":"follow","max-snippet":"max-snippet:-1","max-image-preview":"max-image-preview:large","max-video-preview":"max-video-preview:-1"},"canonical":"https:\/\/adntro.com\/de\/blog\/gesundheit-2\/alzheimer-krankheit\/","og_locale":"de_DE","og_type":"article","og_title":"\u00bfQu\u00e9 es el Alzheimer? | ADNTRO","og_description":"Descubre la gen\u00e9tica que hay detr\u00e1s de esta enfermedad y qu\u00e9 ocurre a nivel biol\u00f3gico en el organismo de personas diagnosticadas con Alzheimer","og_url":"https:\/\/adntro.com\/de\/blog\/gesundheit-2\/alzheimer-krankheit\/","og_site_name":"ADNTRO","article_publisher":"https:\/\/www.facebook.com\/ADNTROSPAIN\/","article_published_time":"2022-12-07T09:30:00+00:00","article_modified_time":"2025-07-28T06:36:15+00:00","og_image":[{"width":490,"height":322,"url":"https:\/\/adntro.com\/wp-content\/uploads\/2022\/12\/AD.jpg","type":"image\/jpeg"}],"author":"Sandra Ferreiro","twitter_card":"summary_large_image","twitter_creator":"@adntrospain","twitter_site":"@adntrospain","twitter_misc":{"Verfasst von":"Sandra Ferreiro","Gesch\u00e4tzte Lesezeit":"10\u00a0Minuten"},"schema":{"@context":"https:\/\/schema.org","@graph":[{"@type":"Article","@id":"https:\/\/adntro.com\/es\/blog\/salud\/alzheimer\/#article","isPartOf":{"@id":"https:\/\/adntro.com\/en\/blog\/salud\/alzheimer\/"},"author":{"name":"Sandra Ferreiro","@id":"https:\/\/adntro.com\/es\/#\/schema\/person\/a71eca38b563da2bb60f24d7e71f7d6b"},"headline":"Alzheimer","datePublished":"2022-12-07T09:30:00+00:00","dateModified":"2025-07-28T06:36:15+00:00","mainEntityOfPage":{"@id":"https:\/\/adntro.com\/en\/blog\/salud\/alzheimer\/"},"wordCount":2118,"commentCount":0,"publisher":{"@id":"https:\/\/adntro.com\/es\/#organization"},"keywords":["adntro","alzheimer","APOE","epsilon 4","genetica","haplotipo APOE","haplotipos","prevalencia","salud","SNP","variantes"],"articleSection":["Salud"],"inLanguage":"de","potentialAction":[{"@type":"CommentAction","name":"Comment","target":["https:\/\/adntro.com\/es\/blog\/salud\/alzheimer\/#respond"]}]},{"@type":"WebPage","@id":"https:\/\/adntro.com\/en\/blog\/salud\/alzheimer\/","url":"https:\/\/adntro.com\/es\/blog\/salud\/alzheimer\/","name":"\u00bfQu\u00e9 es el Alzheimer? | ADNTRO","isPartOf":{"@id":"https:\/\/adntro.com\/es\/#website"},"datePublished":"2022-12-07T09:30:00+00:00","dateModified":"2025-07-28T06:36:15+00:00","description":"Descubre la gen\u00e9tica que hay detr\u00e1s de esta enfermedad y qu\u00e9 ocurre a nivel biol\u00f3gico en el organismo de personas diagnosticadas con Alzheimer","breadcrumb":{"@id":"https:\/\/adntro.com\/es\/blog\/salud\/alzheimer\/#breadcrumb"},"inLanguage":"de","potentialAction":[{"@type":"ReadAction","target":["https:\/\/adntro.com\/es\/blog\/salud\/alzheimer\/"]}]},{"@type":"BreadcrumbList","@id":"https:\/\/adntro.com\/es\/blog\/salud\/alzheimer\/#breadcrumb","itemListElement":[{"@type":"ListItem","position":1,"name":"Home","item":"https:\/\/adntro.com\/de\/"},{"@type":"ListItem","position":2,"name":"Alzheimer"}]},{"@type":"WebSite","@id":"https:\/\/adntro.com\/es\/#website","url":"https:\/\/adntro.com\/es\/","name":"ADNTRO","description":"Gen\u00e9tica, salud, nutrici\u00f3n","publisher":{"@id":"https:\/\/adntro.com\/es\/#organization"},"potentialAction":[{"@type":"SearchAction","target":{"@type":"EntryPoint","urlTemplate":"https:\/\/adntro.com\/es\/?s={search_term_string}"},"query-input":"required name=search_term_string"}],"inLanguage":"de"},{"@type":"Organization","@id":"https:\/\/adntro.com\/es\/#organization","name":"ADNTRO Genetics","url":"https:\/\/adntro.com\/es\/","logo":{"@type":"ImageObject","inLanguage":"de","@id":"https:\/\/adntro.com\/es\/#\/schema\/logo\/image\/","url":"https:\/\/adntro.com\/wp-content\/uploads\/2021\/08\/android-chrome-512x512-2.png","contentUrl":"https:\/\/adntro.com\/wp-content\/uploads\/2021\/08\/android-chrome-512x512-2.png","width":512,"height":512,"caption":"ADNTRO Genetics"},"image":{"@id":"https:\/\/adntro.com\/es\/#\/schema\/logo\/image\/"},"sameAs":["https:\/\/www.facebook.com\/ADNTROSPAIN\/","https:\/\/twitter.com\/adntrospain","https:\/\/www.instagram.com\/adntro_\/","https:\/\/www.pinterest.es\/ADNTRO_TEAM\/_saved\/"]},{"@type":"Person","@id":"https:\/\/adntro.com\/es\/#\/schema\/person\/a71eca38b563da2bb60f24d7e71f7d6b","name":"Sandra Ferreiro","image":{"@type":"ImageObject","inLanguage":"de","@id":"https:\/\/adntro.com\/es\/#\/schema\/person\/image\/","url":"https:\/\/secure.gravatar.com\/avatar\/ddaa4448bc53192d65c596cd5119749fb4d7167a3b3d7931d8b0470a2021bdc3?s=96&d=mm&r=g","contentUrl":"https:\/\/secure.gravatar.com\/avatar\/ddaa4448bc53192d65c596cd5119749fb4d7167a3b3d7931d8b0470a2021bdc3?s=96&d=mm&r=g","caption":"Sandra Ferreiro"},"description":"Bioinform\u00e1tica y Responsable del \u00e1rea cient\u00edfica en ADNTRO. Biotecn\u00f3loga por la Universidad Francisco de Vitoria, donde recibi\u00f3 dos becas de expediente acad\u00e9mico brillante. Estuvo trabajando en un proyecto de investigaci\u00f3n sobre la asimetr\u00eda izquierda-derecha en Newcastle, siendo premiada en la Conferencia del Centro de Investigaci\u00f3n Cardiovascular Trainees Meeting como el mejor p\u00f3ster (2018). Complet\u00f3 un m\u00e1ster en Biolog\u00eda Computacional en la Universidad Polit\u00e9cnica de Madrid. All\u00ed estudi\u00f3 las redes de interacci\u00f3n metab\u00f3lica en el microbioma de pacientes con Enfermedad de Chron y Colitis Ulcerosa en el centro de investigaci\u00f3n CBGP, centro de Excelencia Severo Ochoa (2020). Desde el 2020 es Bioinform\u00e1tica en ADNTRO donde desarrolla modelos predictivos, realiza anotaciones y an\u00e1lisis de variantes patog\u00e9nicas, investigaci\u00f3n de literatura GWAS y divulgaci\u00f3n cient\u00edfica.","sameAs":["https:\/\/www.linkedin.com\/in\/sandra-ferreiro-lpez-78804016a\/"],"url":"https:\/\/adntro.com\/de\/blog\/author\/sandra\/"}]}},"_links":{"self":[{"href":"https:\/\/adntro.com\/de\/wp-json\/wp\/v2\/posts\/9195","targetHints":{"allow":["GET"]}}],"collection":[{"href":"https:\/\/adntro.com\/de\/wp-json\/wp\/v2\/posts"}],"about":[{"href":"https:\/\/adntro.com\/de\/wp-json\/wp\/v2\/types\/post"}],"author":[{"embeddable":true,"href":"https:\/\/adntro.com\/de\/wp-json\/wp\/v2\/users\/8"}],"replies":[{"embeddable":true,"href":"https:\/\/adntro.com\/de\/wp-json\/wp\/v2\/comments?post=9195"}],"version-history":[{"count":15,"href":"https:\/\/adntro.com\/de\/wp-json\/wp\/v2\/posts\/9195\/revisions"}],"predecessor-version":[{"id":13012,"href":"https:\/\/adntro.com\/de\/wp-json\/wp\/v2\/posts\/9195\/revisions\/13012"}],"wp:featuredmedia":[{"embeddable":true,"href":"https:\/\/adntro.com\/de\/wp-json\/wp\/v2\/media\/9196"}],"wp:attachment":[{"href":"https:\/\/adntro.com\/de\/wp-json\/wp\/v2\/media?parent=9195"}],"wp:term":[{"taxonomy":"category","embeddable":true,"href":"https:\/\/adntro.com\/de\/wp-json\/wp\/v2\/categories?post=9195"},{"taxonomy":"post_tag","embeddable":true,"href":"https:\/\/adntro.com\/de\/wp-json\/wp\/v2\/tags?post=9195"}],"curies":[{"name":"wp","href":"https:\/\/api.w.org\/{rel}","templated":true}]}}