{"id":6802,"date":"2022-06-24T09:00:00","date_gmt":"2022-06-24T07:00:00","guid":{"rendered":"https:\/\/adntro.com\/?p=6802"},"modified":"2025-07-28T08:43:31","modified_gmt":"2025-07-28T06:43:31","slug":"pueblos_dravidicos_etnia","status":"publish","type":"post","link":"https:\/\/adntro.com\/de\/blog\/abstammung\/ravidische_dorfer_etnien\/","title":{"rendered":"Dravidische V\u00f6lker - Urspr\u00fcnge der Vorfahren"},"content":{"rendered":"<p class=\" translation-block\">In den s\u00fcdlichen Regionen Indiens gibt es Bev\u00f6lkerungsgruppen, die eine Gruppe von Sprachen sprechen, die als dravidische Sprachen bekannt sind. Diese Bev\u00f6lkerungsgruppen sind unter dem Namen <strong>Dravidische V\u00f6lker<\/strong> bekannt.<\/p>\n\n\n\n<div style=\"height:10px\" aria-hidden=\"true\" class=\"wp-block-spacer\"><\/div>\n\n\n\n<h2 class=\"wp-block-heading\"><strong>Unterscheidungsmerkmale der dravidischen V\u00f6lker<\/strong><\/h2>\n\n\n\n<p class=\" translation-block\">Die <strong>unterscheidenden Merkmale<\/strong> dieser V\u00f6lker sind <strong>kurze Statur<\/strong>, <strong>dunkelbraune Haut<\/strong> und <strong>glattes schwarzes Haar<\/strong>, wodurch sie sich von den \u00fcbrigen indischen Ethnien unterscheiden. Das charakteristische Zeichen dieser V\u00f6lker ist jedoch die <strong>Sammlung von Sprachen, die sie sprechen<\/strong>.<\/p>\n\n\n\n<div style=\"height:10px\" aria-hidden=\"true\" class=\"wp-block-spacer\"><\/div>\n\n\n\n<p class=\" translation-block\">17 Sprachen werden von den Draviden gesprochen, die rund 245 Millionen Einwohner in ganz Indien haben. Mit anderen Worten: <strong>sie stellen etwa 25% der Bev\u00f6lkerung des Landes<\/strong>.<\/p>\n\n\n\n<div style=\"height:10px\" aria-hidden=\"true\" class=\"wp-block-spacer\"><\/div>\n\n\n\n<h2 class=\"wp-block-heading\">Geografischer und genetischer Hintergrund<\/h2>\n\n\n\n<p>Trotz einer gewissen geografischen Isolierung sind die dravidischen V\u00f6lker, wie der Rest der indischen Bev\u00f6lkerung, immer noch am meisten gef\u00e4hrdet, <strong>weisen einen genetischen Mix auf, der Einfl\u00fcsse aus den Steppen, Westasien und Indien enth\u00e4lt. <\/strong>Diese genetische Vielfalt spiegelt die komplexe Geschichte und die Interaktionen der Bewohner des Subkontinents \u00fcber Jahrtausende hinweg wider.<\/p>\n\n\n\n<div style=\"height:10px\" aria-hidden=\"true\" class=\"wp-block-spacer\"><\/div>\n\n\n<div class=\"wp-block-image is-resized\">\n<figure class=\"aligncenter size-full\"><img fetchpriority=\"high\" decoding=\"async\" width=\"800\" height=\"589\" src=\"https:\/\/adntro.com\/wp-content\/uploads\/2022\/06\/pueblos-dravicos2.jpg\" alt=\"Taj Mahal - Indien\" class=\"wp-image-6803\" srcset=\"https:\/\/adntro.com\/wp-content\/uploads\/2022\/06\/pueblos-dravicos2.jpg 800w, https:\/\/adntro.com\/wp-content\/uploads\/2022\/06\/pueblos-dravicos2-300x221.jpg 300w, https:\/\/adntro.com\/wp-content\/uploads\/2022\/06\/pueblos-dravicos2-768x565.jpg 768w, https:\/\/adntro.com\/wp-content\/uploads\/2022\/06\/pueblos-dravicos2-16x12.jpg 16w\" sizes=\"(max-width: 800px) 100vw, 800px\" \/><figcaption class=\"wp-element-caption\">Taj Mahal - Indien<\/figcaption><\/figure>\n<\/div>\n\n\n<h2 class=\"wp-block-heading\">Historische und kulturelle Bedeutung<\/h2>\n\n\n\n<p>Seit dem 5. Jahrhundert nach Christus gibt es B\u00fccher und Handb\u00fccher, die die Bedeutung der dravidischen Kunst und Architektur hervorheben. Diese akribische Handwerkskunst ist heute in den pr\u00e4chtigen Tempeln zu sehen, die vom dravidischen Stil beeinflusst sind, wie zum Beispiel das ikonische <strong><a href=\"https:\/\/whc.unesco.org\/en\/list\/668\/\">Angkor<\/a> Wat in Kambodscha<\/strong>.<\/p>\n\n\n\n<div style=\"height:10px\" aria-hidden=\"true\" class=\"wp-block-spacer\"><\/div>\n\n\n\n<h2 class=\"wp-block-heading\">Religi\u00f6se Praktiken<\/h2>\n\n\n\n<p class=\" translation-block\">Die vorherrschende Religion bei den dravidischen V\u00f6lkern ist eine Form des <strong>Hinduismus<\/strong>, die keine vedischen Einfl\u00fcsse aufweist. Rituale und Symbolik sind von zentraler Bedeutung f\u00fcr ihre Feste. Allerdings gibt es in dieser Gruppe auch Vertreter anderer Religionen, darunter Buddhismus, Islam und Christentum.<\/p>\n\n\n\n<div style=\"height:10px\" aria-hidden=\"true\" class=\"wp-block-spacer\"><\/div>\n\n\n\n<h2 class=\"wp-block-heading\">Di\u00e4tetische Praktiken<\/h2>\n\n\n\n<p>Aufgrund religi\u00f6ser Einfl\u00fcsse gibt es in S\u00fcdindien, der Heimat der dravidischen V\u00f6lker, einen h\u00f6heren Anteil an Vegetariern. Diese Praxis geht auf mehrere Jahrhunderte vor Christus zur\u00fcck, als der Buddhismus und der Jainismus eingef\u00fchrt wurden, die Gewaltlosigkeit und Vegetarismus bef\u00fcrworten.<\/p>\n\n\n\n<div style=\"height:10px\" aria-hidden=\"true\" class=\"wp-block-spacer\"><\/div>\n\n\n\n<h2 class=\"wp-block-heading\">Entdecken Sie Ihre dravidische Ahnenreihe<\/h2>\n\n\n\n<p>M\u00f6chten Sie wissen, ob Ihre DNA der der dravidischen V\u00f6lker \u00e4hnelt? Sind Sie neugierig, mehr \u00fcber andere Ethnien zu erfahren? Finden Sie es heraus mit dem <a href=\"https:\/\/adntro.com\/de\/test-dna-genetischer-bericht-herkunft\/\"><strong>dna-herkunftstest<\/strong><\/a> von ADNTRO oder <a href=\"https:\/\/adntro.com\/de\/upload-your-raw-adn-landing\/\"><strong>Ihre RAW-Datei kostenlos hochladen<\/strong><\/a>.<\/p>\n\n\n\n<div style=\"height:10px\" aria-hidden=\"true\" class=\"wp-block-spacer\"><\/div>\n\n\n\n<p>Die dravidischen V\u00f6lker sind ein bedeutender und einzigartiger Teil der vielf\u00e4ltigen kulturellen Vielfalt Indiens. Das Verst\u00e4ndnis ihrer besonderen Merkmale, ihres genetischen Hintergrunds, ihrer historischen Bedeutung, ihrer religi\u00f6sen Praktiken und Ern\u00e4hrungsgewohnheiten erm\u00f6glicht einen umfassenden Einblick in ihren Beitrag zum kulturellen Reichtum Indiens. Ob durch ihre Sprachen, Tempel oder vegetarischen Traditionen, die dravidischen V\u00f6lker bleiben ein wesentlicher Bestandteil der indischen Identit\u00e4t.<\/p>\n\n\n\n<div style=\"height:10px\" aria-hidden=\"true\" class=\"wp-block-spacer\"><\/div>\n\n\n\n<p>Wenn man sich mit der Geschichte und Kultur der dravidischen V\u00f6lker besch\u00e4ftigt, kann man die Komplexit\u00e4t und Sch\u00f6nheit der s\u00fcdlichen Regionen Indiens besser verstehen. Um Ihre eigene Verbindung zu den dravidischen V\u00f6lkern oder anderen Ethnien zu entdecken, sollten Sie Ihr genetisches Erbe mit Hilfe moderner DNA-Tests erforschen.<\/p>","protected":false},"excerpt":{"rendered":"<p>In den s\u00fcdlichen Regionen Indiens gibt es Bev\u00f6lkerungsgruppen, die eine Gruppe von Sprachen sprechen, die als dravidische Sprachen bekannt sind. Diese Bev\u00f6lkerungsgruppen werden zusammenfassend als dravidische V\u00f6lker bezeichnet. Unterscheidungsmerkmale der dravidischen V\u00f6lker Die dravidischen V\u00f6lker zeichnen sich durch eine kurze Statur, dunkelbraune Haut und schwarzes Haar aus.<\/p>","protected":false},"author":8,"featured_media":6803,"comment_status":"open","ping_status":"open","sticky":false,"template":"","format":"standard","meta":{"footnotes":""},"categories":[23],"tags":[42,321,18,344,326,345,20],"class_list":["post-6802","post","type-post","status-publish","format-standard","has-post-thumbnail","hentry","category-ancestria","tag-adntro","tag-etnia","tag-genetica","tag-india","tag-origenes","tag-pueblos-dravidicos","tag-snp"],"yoast_head":"<!-- This site is optimized with the Yoast SEO plugin v22.0 - https:\/\/yoast.com\/wordpress\/plugins\/seo\/ -->\n<title>\u00bfInteresado en las caracter\u00edsticas de los pueblos drav\u00eddicos?<\/title>\n<meta name=\"description\" content=\"En este art\u00edculo podr\u00e1s conocer caracter\u00edsticas propias de los pueblos drav\u00eddicos en un contexto hist\u00f3rico.\" \/>\n<meta name=\"robots\" content=\"index, follow, max-snippet:-1, max-image-preview:large, max-video-preview:-1\" \/>\n<link rel=\"canonical\" href=\"https:\/\/adntro.com\/de\/blog\/abstammung\/ravidische_dorfer_etnien\/\" \/>\n<meta property=\"og:locale\" content=\"de_DE\" \/>\n<meta property=\"og:type\" content=\"article\" \/>\n<meta property=\"og:title\" content=\"\u00bfInteresado en las caracter\u00edsticas de los pueblos drav\u00eddicos?\" \/>\n<meta property=\"og:description\" content=\"En este art\u00edculo podr\u00e1s conocer caracter\u00edsticas propias de los pueblos drav\u00eddicos en un contexto hist\u00f3rico.\" \/>\n<meta property=\"og:url\" content=\"https:\/\/adntro.com\/de\/blog\/abstammung\/ravidische_dorfer_etnien\/\" \/>\n<meta property=\"og:site_name\" content=\"ADNTRO\" \/>\n<meta property=\"article:publisher\" content=\"https:\/\/www.facebook.com\/ADNTROSPAIN\/\" \/>\n<meta property=\"article:published_time\" content=\"2022-06-24T07:00:00+00:00\" \/>\n<meta property=\"article:modified_time\" content=\"2025-07-28T06:43:31+00:00\" \/>\n<meta property=\"og:image\" content=\"https:\/\/adntro.com\/wp-content\/uploads\/2022\/06\/pueblos-dravicos2.jpg\" \/>\n\t<meta property=\"og:image:width\" content=\"800\" \/>\n\t<meta property=\"og:image:height\" content=\"589\" \/>\n\t<meta property=\"og:image:type\" content=\"image\/jpeg\" \/>\n<meta name=\"author\" content=\"Sandra Ferreiro\" \/>\n<meta name=\"twitter:card\" content=\"summary_large_image\" \/>\n<meta name=\"twitter:creator\" content=\"@adntrospain\" \/>\n<meta name=\"twitter:site\" content=\"@adntrospain\" \/>\n<meta name=\"twitter:label1\" content=\"Verfasst von\" \/>\n\t<meta name=\"twitter:data1\" content=\"Sandra Ferreiro\" \/>\n\t<meta name=\"twitter:label2\" content=\"Gesch\u00e4tzte Lesezeit\" \/>\n\t<meta name=\"twitter:data2\" content=\"3\u00a0Minuten\" \/>\n<script type=\"application\/ld+json\" class=\"yoast-schema-graph\">{\"@context\":\"https:\/\/schema.org\",\"@graph\":[{\"@type\":\"Article\",\"@id\":\"https:\/\/adntro.com\/es\/blog\/ancestria\/pueblos_dravidicos_etnia\/#article\",\"isPartOf\":{\"@id\":\"https:\/\/adntro.com\/es\/blog\/ancestria\/pueblos_dravidicos_etnia\/\"},\"author\":{\"name\":\"Sandra Ferreiro\",\"@id\":\"https:\/\/adntro.com\/es\/#\/schema\/person\/a71eca38b563da2bb60f24d7e71f7d6b\"},\"headline\":\"Pueblos drav\u00eddicos &#8211; Or\u00edgenes ancestrales\",\"datePublished\":\"2022-06-24T07:00:00+00:00\",\"dateModified\":\"2025-07-28T06:43:31+00:00\",\"mainEntityOfPage\":{\"@id\":\"https:\/\/adntro.com\/es\/blog\/ancestria\/pueblos_dravidicos_etnia\/\"},\"wordCount\":539,\"commentCount\":0,\"publisher\":{\"@id\":\"https:\/\/adntro.com\/es\/#organization\"},\"keywords\":[\"adntro\",\"etnia\",\"gen\u00e9tica\",\"india\",\"or\u00edgenes\",\"pueblos drav\u00eddicos\",\"SNP\"],\"articleSection\":[\"Or\u00edgenes y Ancestr\u00eda\"],\"inLanguage\":\"de\",\"potentialAction\":[{\"@type\":\"CommentAction\",\"name\":\"Comment\",\"target\":[\"https:\/\/adntro.com\/es\/blog\/ancestria\/pueblos_dravidicos_etnia\/#respond\"]}]},{\"@type\":\"WebPage\",\"@id\":\"https:\/\/adntro.com\/es\/blog\/ancestria\/pueblos_dravidicos_etnia\/\",\"url\":\"https:\/\/adntro.com\/es\/blog\/ancestria\/pueblos_dravidicos_etnia\/\",\"name\":\"\u00bfInteresado en las caracter\u00edsticas de los pueblos drav\u00eddicos?\",\"isPartOf\":{\"@id\":\"https:\/\/adntro.com\/es\/#website\"},\"datePublished\":\"2022-06-24T07:00:00+00:00\",\"dateModified\":\"2025-07-28T06:43:31+00:00\",\"description\":\"En este art\u00edculo podr\u00e1s conocer caracter\u00edsticas propias de los pueblos drav\u00eddicos en un contexto hist\u00f3rico.\",\"breadcrumb\":{\"@id\":\"https:\/\/adntro.com\/es\/blog\/ancestria\/pueblos_dravidicos_etnia\/#breadcrumb\"},\"inLanguage\":\"de\",\"potentialAction\":[{\"@type\":\"ReadAction\",\"target\":[\"https:\/\/adntro.com\/es\/blog\/ancestria\/pueblos_dravidicos_etnia\/\"]}]},{\"@type\":\"BreadcrumbList\",\"@id\":\"https:\/\/adntro.com\/es\/blog\/ancestria\/pueblos_dravidicos_etnia\/#breadcrumb\",\"itemListElement\":[{\"@type\":\"ListItem\",\"position\":1,\"name\":\"Home\",\"item\":\"https:\/\/adntro.com\/es\/\"},{\"@type\":\"ListItem\",\"position\":2,\"name\":\"Pueblos drav\u00eddicos &#8211; Or\u00edgenes ancestrales\"}]},{\"@type\":\"WebSite\",\"@id\":\"https:\/\/adntro.com\/es\/#website\",\"url\":\"https:\/\/adntro.com\/es\/\",\"name\":\"ADNTRO\",\"description\":\"Gen\u00e9tica, salud, nutrici\u00f3n\",\"publisher\":{\"@id\":\"https:\/\/adntro.com\/es\/#organization\"},\"potentialAction\":[{\"@type\":\"SearchAction\",\"target\":{\"@type\":\"EntryPoint\",\"urlTemplate\":\"https:\/\/adntro.com\/es\/?s={search_term_string}\"},\"query-input\":\"required name=search_term_string\"}],\"inLanguage\":\"de\"},{\"@type\":\"Organization\",\"@id\":\"https:\/\/adntro.com\/es\/#organization\",\"name\":\"ADNTRO Genetics\",\"url\":\"https:\/\/adntro.com\/es\/\",\"logo\":{\"@type\":\"ImageObject\",\"inLanguage\":\"de\",\"@id\":\"https:\/\/adntro.com\/es\/#\/schema\/logo\/image\/\",\"url\":\"https:\/\/adntro.com\/wp-content\/uploads\/2021\/08\/android-chrome-512x512-2.png\",\"contentUrl\":\"https:\/\/adntro.com\/wp-content\/uploads\/2021\/08\/android-chrome-512x512-2.png\",\"width\":512,\"height\":512,\"caption\":\"ADNTRO Genetics\"},\"image\":{\"@id\":\"https:\/\/adntro.com\/es\/#\/schema\/logo\/image\/\"},\"sameAs\":[\"https:\/\/www.facebook.com\/ADNTROSPAIN\/\",\"https:\/\/twitter.com\/adntrospain\",\"https:\/\/www.instagram.com\/adntro_\/\",\"https:\/\/www.pinterest.es\/ADNTRO_TEAM\/_saved\/\"]},{\"@type\":\"Person\",\"@id\":\"https:\/\/adntro.com\/es\/#\/schema\/person\/a71eca38b563da2bb60f24d7e71f7d6b\",\"name\":\"Sandra Ferreiro\",\"image\":{\"@type\":\"ImageObject\",\"inLanguage\":\"de\",\"@id\":\"https:\/\/adntro.com\/es\/#\/schema\/person\/image\/\",\"url\":\"https:\/\/secure.gravatar.com\/avatar\/ddaa4448bc53192d65c596cd5119749fb4d7167a3b3d7931d8b0470a2021bdc3?s=96&d=mm&r=g\",\"contentUrl\":\"https:\/\/secure.gravatar.com\/avatar\/ddaa4448bc53192d65c596cd5119749fb4d7167a3b3d7931d8b0470a2021bdc3?s=96&d=mm&r=g\",\"caption\":\"Sandra Ferreiro\"},\"description\":\"Bioinform\u00e1tica y Responsable del \u00e1rea cient\u00edfica en ADNTRO. Biotecn\u00f3loga por la Universidad Francisco de Vitoria, donde recibi\u00f3 dos becas de expediente acad\u00e9mico brillante. Estuvo trabajando en un proyecto de investigaci\u00f3n sobre la asimetr\u00eda izquierda-derecha en Newcastle, siendo premiada en la Conferencia del Centro de Investigaci\u00f3n Cardiovascular Trainees Meeting como el mejor p\u00f3ster (2018). Complet\u00f3 un m\u00e1ster en Biolog\u00eda Computacional en la Universidad Polit\u00e9cnica de Madrid. All\u00ed estudi\u00f3 las redes de interacci\u00f3n metab\u00f3lica en el microbioma de pacientes con Enfermedad de Chron y Colitis Ulcerosa en el centro de investigaci\u00f3n CBGP, centro de Excelencia Severo Ochoa (2020). Desde el 2020 es Bioinform\u00e1tica en ADNTRO donde desarrolla modelos predictivos, realiza anotaciones y an\u00e1lisis de variantes patog\u00e9nicas, investigaci\u00f3n de literatura GWAS y divulgaci\u00f3n cient\u00edfica.\",\"sameAs\":[\"https:\/\/www.linkedin.com\/in\/sandra-ferreiro-lpez-78804016a\/\"],\"url\":\"https:\/\/adntro.com\/de\/blog\/author\/sandra\/\"}]}<\/script>\n<!-- \/ Yoast SEO plugin. -->","yoast_head_json":{"title":"\u00bfInteresado en las caracter\u00edsticas de los pueblos drav\u00eddicos?","description":"En este art\u00edculo podr\u00e1s conocer caracter\u00edsticas propias de los pueblos drav\u00eddicos en un contexto hist\u00f3rico.","robots":{"index":"index","follow":"follow","max-snippet":"max-snippet:-1","max-image-preview":"max-image-preview:large","max-video-preview":"max-video-preview:-1"},"canonical":"https:\/\/adntro.com\/de\/blog\/abstammung\/ravidische_dorfer_etnien\/","og_locale":"de_DE","og_type":"article","og_title":"\u00bfInteresado en las caracter\u00edsticas de los pueblos drav\u00eddicos?","og_description":"En este art\u00edculo podr\u00e1s conocer caracter\u00edsticas propias de los pueblos drav\u00eddicos en un contexto hist\u00f3rico.","og_url":"https:\/\/adntro.com\/de\/blog\/abstammung\/ravidische_dorfer_etnien\/","og_site_name":"ADNTRO","article_publisher":"https:\/\/www.facebook.com\/ADNTROSPAIN\/","article_published_time":"2022-06-24T07:00:00+00:00","article_modified_time":"2025-07-28T06:43:31+00:00","og_image":[{"width":800,"height":589,"url":"https:\/\/adntro.com\/wp-content\/uploads\/2022\/06\/pueblos-dravicos2.jpg","type":"image\/jpeg"}],"author":"Sandra Ferreiro","twitter_card":"summary_large_image","twitter_creator":"@adntrospain","twitter_site":"@adntrospain","twitter_misc":{"Verfasst von":"Sandra Ferreiro","Gesch\u00e4tzte Lesezeit":"3\u00a0Minuten"},"schema":{"@context":"https:\/\/schema.org","@graph":[{"@type":"Article","@id":"https:\/\/adntro.com\/es\/blog\/ancestria\/pueblos_dravidicos_etnia\/#article","isPartOf":{"@id":"https:\/\/adntro.com\/es\/blog\/ancestria\/pueblos_dravidicos_etnia\/"},"author":{"name":"Sandra Ferreiro","@id":"https:\/\/adntro.com\/es\/#\/schema\/person\/a71eca38b563da2bb60f24d7e71f7d6b"},"headline":"Pueblos drav\u00eddicos &#8211; Or\u00edgenes ancestrales","datePublished":"2022-06-24T07:00:00+00:00","dateModified":"2025-07-28T06:43:31+00:00","mainEntityOfPage":{"@id":"https:\/\/adntro.com\/es\/blog\/ancestria\/pueblos_dravidicos_etnia\/"},"wordCount":539,"commentCount":0,"publisher":{"@id":"https:\/\/adntro.com\/es\/#organization"},"keywords":["adntro","etnia","gen\u00e9tica","india","or\u00edgenes","pueblos drav\u00eddicos","SNP"],"articleSection":["Or\u00edgenes y Ancestr\u00eda"],"inLanguage":"de","potentialAction":[{"@type":"CommentAction","name":"Comment","target":["https:\/\/adntro.com\/es\/blog\/ancestria\/pueblos_dravidicos_etnia\/#respond"]}]},{"@type":"WebPage","@id":"https:\/\/adntro.com\/es\/blog\/ancestria\/pueblos_dravidicos_etnia\/","url":"https:\/\/adntro.com\/es\/blog\/ancestria\/pueblos_dravidicos_etnia\/","name":"\u00bfInteresado en las caracter\u00edsticas de los pueblos drav\u00eddicos?","isPartOf":{"@id":"https:\/\/adntro.com\/es\/#website"},"datePublished":"2022-06-24T07:00:00+00:00","dateModified":"2025-07-28T06:43:31+00:00","description":"En este art\u00edculo podr\u00e1s conocer caracter\u00edsticas propias de los pueblos drav\u00eddicos en un contexto hist\u00f3rico.","breadcrumb":{"@id":"https:\/\/adntro.com\/es\/blog\/ancestria\/pueblos_dravidicos_etnia\/#breadcrumb"},"inLanguage":"de","potentialAction":[{"@type":"ReadAction","target":["https:\/\/adntro.com\/es\/blog\/ancestria\/pueblos_dravidicos_etnia\/"]}]},{"@type":"BreadcrumbList","@id":"https:\/\/adntro.com\/es\/blog\/ancestria\/pueblos_dravidicos_etnia\/#breadcrumb","itemListElement":[{"@type":"ListItem","position":1,"name":"Home","item":"https:\/\/adntro.com\/es\/"},{"@type":"ListItem","position":2,"name":"Pueblos drav\u00eddicos &#8211; Or\u00edgenes ancestrales"}]},{"@type":"WebSite","@id":"https:\/\/adntro.com\/es\/#website","url":"https:\/\/adntro.com\/es\/","name":"ADNTRO","description":"Gen\u00e9tica, salud, nutrici\u00f3n","publisher":{"@id":"https:\/\/adntro.com\/es\/#organization"},"potentialAction":[{"@type":"SearchAction","target":{"@type":"EntryPoint","urlTemplate":"https:\/\/adntro.com\/es\/?s={search_term_string}"},"query-input":"required name=search_term_string"}],"inLanguage":"de"},{"@type":"Organization","@id":"https:\/\/adntro.com\/es\/#organization","name":"ADNTRO Genetics","url":"https:\/\/adntro.com\/es\/","logo":{"@type":"ImageObject","inLanguage":"de","@id":"https:\/\/adntro.com\/es\/#\/schema\/logo\/image\/","url":"https:\/\/adntro.com\/wp-content\/uploads\/2021\/08\/android-chrome-512x512-2.png","contentUrl":"https:\/\/adntro.com\/wp-content\/uploads\/2021\/08\/android-chrome-512x512-2.png","width":512,"height":512,"caption":"ADNTRO Genetics"},"image":{"@id":"https:\/\/adntro.com\/es\/#\/schema\/logo\/image\/"},"sameAs":["https:\/\/www.facebook.com\/ADNTROSPAIN\/","https:\/\/twitter.com\/adntrospain","https:\/\/www.instagram.com\/adntro_\/","https:\/\/www.pinterest.es\/ADNTRO_TEAM\/_saved\/"]},{"@type":"Person","@id":"https:\/\/adntro.com\/es\/#\/schema\/person\/a71eca38b563da2bb60f24d7e71f7d6b","name":"Sandra Ferreiro","image":{"@type":"ImageObject","inLanguage":"de","@id":"https:\/\/adntro.com\/es\/#\/schema\/person\/image\/","url":"https:\/\/secure.gravatar.com\/avatar\/ddaa4448bc53192d65c596cd5119749fb4d7167a3b3d7931d8b0470a2021bdc3?s=96&d=mm&r=g","contentUrl":"https:\/\/secure.gravatar.com\/avatar\/ddaa4448bc53192d65c596cd5119749fb4d7167a3b3d7931d8b0470a2021bdc3?s=96&d=mm&r=g","caption":"Sandra Ferreiro"},"description":"Bioinform\u00e1tica y Responsable del \u00e1rea cient\u00edfica en ADNTRO. Biotecn\u00f3loga por la Universidad Francisco de Vitoria, donde recibi\u00f3 dos becas de expediente acad\u00e9mico brillante. Estuvo trabajando en un proyecto de investigaci\u00f3n sobre la asimetr\u00eda izquierda-derecha en Newcastle, siendo premiada en la Conferencia del Centro de Investigaci\u00f3n Cardiovascular Trainees Meeting como el mejor p\u00f3ster (2018). Complet\u00f3 un m\u00e1ster en Biolog\u00eda Computacional en la Universidad Polit\u00e9cnica de Madrid. All\u00ed estudi\u00f3 las redes de interacci\u00f3n metab\u00f3lica en el microbioma de pacientes con Enfermedad de Chron y Colitis Ulcerosa en el centro de investigaci\u00f3n CBGP, centro de Excelencia Severo Ochoa (2020). Desde el 2020 es Bioinform\u00e1tica en ADNTRO donde desarrolla modelos predictivos, realiza anotaciones y an\u00e1lisis de variantes patog\u00e9nicas, investigaci\u00f3n de literatura GWAS y divulgaci\u00f3n cient\u00edfica.","sameAs":["https:\/\/www.linkedin.com\/in\/sandra-ferreiro-lpez-78804016a\/"],"url":"https:\/\/adntro.com\/de\/blog\/author\/sandra\/"}]}},"_links":{"self":[{"href":"https:\/\/adntro.com\/de\/wp-json\/wp\/v2\/posts\/6802","targetHints":{"allow":["GET"]}}],"collection":[{"href":"https:\/\/adntro.com\/de\/wp-json\/wp\/v2\/posts"}],"about":[{"href":"https:\/\/adntro.com\/de\/wp-json\/wp\/v2\/types\/post"}],"author":[{"embeddable":true,"href":"https:\/\/adntro.com\/de\/wp-json\/wp\/v2\/users\/8"}],"replies":[{"embeddable":true,"href":"https:\/\/adntro.com\/de\/wp-json\/wp\/v2\/comments?post=6802"}],"version-history":[{"count":6,"href":"https:\/\/adntro.com\/de\/wp-json\/wp\/v2\/posts\/6802\/revisions"}],"predecessor-version":[{"id":15331,"href":"https:\/\/adntro.com\/de\/wp-json\/wp\/v2\/posts\/6802\/revisions\/15331"}],"wp:featuredmedia":[{"embeddable":true,"href":"https:\/\/adntro.com\/de\/wp-json\/wp\/v2\/media\/6803"}],"wp:attachment":[{"href":"https:\/\/adntro.com\/de\/wp-json\/wp\/v2\/media?parent=6802"}],"wp:term":[{"taxonomy":"category","embeddable":true,"href":"https:\/\/adntro.com\/de\/wp-json\/wp\/v2\/categories?post=6802"},{"taxonomy":"post_tag","embeddable":true,"href":"https:\/\/adntro.com\/de\/wp-json\/wp\/v2\/tags?post=6802"}],"curies":[{"name":"wp","href":"https:\/\/api.w.org\/{rel}","templated":true}]}}