{"id":1971,"date":"2020-11-11T15:27:45","date_gmt":"2020-11-11T14:27:45","guid":{"rendered":"https:\/\/www.adntro.com\/?p=1971"},"modified":"2026-03-26T09:33:29","modified_gmt":"2026-03-26T08:33:29","slug":"aprende-sobre-la-interaccion-entre-genoma-y-alimentacion-con-adntro","status":"publish","type":"post","link":"https:\/\/adntro.com\/de\/blog\/ernahrung\/lerne-uber-die-interaktion-zwischen-genom-und-futtern-mit-adntro\/","title":{"rendered":"Erfahren Sie mehr \u00fcber die Interaktion zwischen Genom und Nahrung mit ADNTRO"},"content":{"rendered":"<p>In den letzten zehn Jahren hat die Zahl der Menschen mit Lebensmittelallergien und -unvertr\u00e4glichkeiten erheblich zugenommen. Dies zeigt sich in unserem Alltag, denn auf den Speisekarten der Restaurants sind die Allergene in den einzelnen Gerichten jetzt immer deutlich angegeben, was vor einigen Jahren noch nicht so \u00fcblich war. Doch was ist der Grund daf\u00fcr? Es gibt zwar keine vollst\u00e4ndig bewiesene Hypothese, aber wir wissen, dass sich unsere Ern\u00e4hrung rapide ver\u00e4ndert, hin zum Verzehr von extrem verarbeiteten Lebensmitteln mit einer Vielzahl von Konservierungsstoffen, Aromen, Farbstoffen usw. <\/p>\n\n\n\n<div style=\"height:10px\" aria-hidden=\"true\" class=\"wp-block-spacer\"><\/div>\n\n\n\n<p>Dies und der \u00fcberm\u00e4\u00dfige Verzehr bestimmter Lebensmittel wie Milch oder Weizen sind zwei Faktoren, die zu einer wachsenden Zahl von Lebensmittelallergien und -unvertr\u00e4glichkeiten f\u00fchren. In diesem Artikel werden wir uns ansehen, was sie sind, welche genetischen Ursachen sie haben und wie die einzigartige Reise, die wir mit <a href=\"https:\/\/adntro.com\/de\/\">ADNTRO,<\/a> und unsere <a href=\"https:\/\/adntro.com\/de\/\">DNA-Test<\/a>.&nbsp;<\/p>\n\n\n\n<div style=\"height:10px\" aria-hidden=\"true\" class=\"wp-block-spacer\"><\/div>\n\n\n\n<h2 class=\"wp-block-heading\"><strong>Definition von Nahrungsmittelallergie und -unvertr\u00e4glichkeit und der Unterschied zwischen ihnen<\/strong><\/h2>\n\n\n\n<div style=\"height:10px\" aria-hidden=\"true\" class=\"wp-block-spacer\"><\/div>\n\n\n\n<p>Die <strong>Allergie ist die Immunantwort<\/strong> Dies tritt auf, wenn der K\u00f6rper mit einem Fremdstoff oder einem bestimmten Lebensmittel (als Allergen bezeichnet) in Kontakt kommt, das f\u00fcr die normale Bev\u00f6lkerung sicher ist. Diese Immunantwort besteht aus einem entz\u00fcndlichen Prozess, der durch die Produktion von Antik\u00f6rpern vom IgE-Typ ausgel\u00f6st wird und Symptome unterschiedlicher Schwere verursacht, die von leichten Reizungen bis hin zu Atemproblemen und anaphylaktischem Schock reichen.&nbsp;<\/p>\n\n\n\n<div style=\"height:10px\" aria-hidden=\"true\" class=\"wp-block-spacer\"><\/div>\n\n\n\n<p>Die <strong><a href=\"https:\/\/adntro.com\/de\/genetischer-intoleranztest\/\">Nahrungsmittelunvertr\u00e4glichkeiten<\/a><\/strong>stattdessen sind sie <strong>nicht-immune Nebenwirkungen<\/strong> entsteht, wenn der K\u00f6rper einen bestimmten Nahrungsbestandteil nicht verarbeiten oder verdauen kann, was zu Verdauungsproblemen unterschiedlicher Schwere f\u00fchren kann, am h\u00e4ufigsten sind Bauchschmerzen, Bl\u00e4hungen und Durchfall. Je nachdem, was sie verursacht, unterscheiden wir Unvertr\u00e4glichkeiten metabolischer oder enzymatischer, pharmakologischer und unbestimmter Ursache.&nbsp;<\/p>\n\n\n\n<div style=\"height:10px\" aria-hidden=\"true\" class=\"wp-block-spacer\"><\/div>\n\n\n\n<p><strong>Daher besteht der Hauptunterschied zwischen Allergie und Nahrungsmittelunvertr\u00e4glichkeit darin, dass erstere eine Immunantwort aktiviert und letztere nicht.&nbsp;<\/strong><\/p>\n\n\n\n<div style=\"height:10px\" aria-hidden=\"true\" class=\"wp-block-spacer\"><\/div>\n\n\n\n<p>Zudem ist in beiden F\u00e4llen die Einnahme des jeweiligen Lebensmittels (Allergens) f\u00fcr die Folgesymptome verantwortlich, bei Unvertr\u00e4glichkeiten k\u00f6nnen viele Betroffene jedoch geringe Mengen des Lebensmittels vertragen, ohne gro\u00dfe Beschwerden zu verursachen. Die Reaktionen, die bei einer Intoleranz gegen\u00fcber einer bestimmten Substanz ausgel\u00f6st werden, sind dosisabh\u00e4ngig, da die Symptome umso deutlicher werden, je h\u00f6her die eingenommene Dosis ist.&nbsp;<\/p>\n\n\n\n<div style=\"height:10px\" aria-hidden=\"true\" class=\"wp-block-spacer\"><\/div>\n\n\n<div class=\"wp-block-image\">\n<figure class=\"aligncenter size-full\"><img fetchpriority=\"high\" decoding=\"async\" width=\"626\" height=\"417\" src=\"http:\/\/adntro.com\/wp-content\/uploads\/2021\/08\/image1.jpg\" alt=\"Nahrungsmittelunvertr\u00e4glichkeiten\" class=\"wp-image-3426\" srcset=\"https:\/\/adntro.com\/wp-content\/uploads\/2021\/08\/image1.jpg 626w, https:\/\/adntro.com\/wp-content\/uploads\/2021\/08\/image1-300x200.jpg 300w, https:\/\/adntro.com\/wp-content\/uploads\/2021\/08\/image1-18x12.jpg 18w\" sizes=\"(max-width: 626px) 100vw, 626px\" \/><\/figure>\n<\/div>\n\n\n<p><\/p>\n\n\n\n<h2 class=\"wp-block-heading\"><strong>Genetik von Allergien und Nahrungsmittelunvertr\u00e4glichkeiten&nbsp;<\/strong><\/h2>\n\n\n\n<div style=\"height:10px\" aria-hidden=\"true\" class=\"wp-block-spacer\"><\/div>\n\n\n\n<p>Allergische Prozesse stellen eine famili\u00e4re H\u00e4ufung dar, was bedeutet, dass eine signifikante Anzahl von Allergikern eine Familienanamnese von Allergien hat. Dies legt daher die <strong>Vorhandensein einer genetischen Veranlagung f\u00fcr Allergien<\/strong>. Es wurde jedoch festgestellt, dass die Vererbung von Allergien nicht nach einem <a href=\"https:\/\/adntro.com\/de\/blog\/genetische-kuriositaten\/mendel-gesetze\/\">Mendelsches Muster<\/a> Das Auftreten der Krankheit wird von mehreren Genen mit additiven Effekten (Polygenie) bestimmt, die auch mit Umweltfaktoren interagieren.\u00a0<\/p>\n\n\n\n<div style=\"height:10px\" aria-hidden=\"true\" class=\"wp-block-spacer\"><\/div>\n\n\n\n<p>In Bezug auf Unvertr\u00e4glichkeiten muss jede von ihnen separat betrachtet werden, da sie zwar alle eine genetische Komponente enth\u00e4lt, diese jedoch je nach Art der Unvertr\u00e4glichkeit, die wir analysieren (metabolisch, pharmakologisch usw.), unterschiedlich ist.&nbsp;<\/p>\n\n\n\n<div style=\"height:10px\" aria-hidden=\"true\" class=\"wp-block-spacer\"><\/div>\n\n\n\n<h3 class=\"wp-block-heading\"><strong>Welche Ern\u00e4hrungsaspekte k\u00f6nnen wir aus dem herauslesen, was wir in unserer DNA tragen?&nbsp;<\/strong><\/h3>\n\n\n\n<div style=\"height:10px\" aria-hidden=\"true\" class=\"wp-block-spacer\"><\/div>\n\n\n\n<p>Die Reise, auf die wir uns mit dem <a href=\"https:\/\/adntro.com\/de\/bericht-uber-genetische-ernahrungstests\/\">Nutrigenetik-Test<\/a> Die ADNTRO-Website informiert uns \u00fcber unsere mehr oder weniger ausgepr\u00e4gte Neigung, Allergien gegen Erdn\u00fcsse (und sehr bald auch gegen Schalentiere und Eier) zu entwickeln. <a href=\"https:\/\/adntro.com\/de\/blog\/ernahrung\/gluten_gluten_lactose_fructose_intoleranz\/\">Laktose-, Fruktose- und Glutenunvertr\u00e4glichkeiten<\/a>. Aber wie wird diese Veranlagung berechnet?<\/p>\n\n\n\n<div style=\"height:10px\" aria-hidden=\"true\" class=\"wp-block-spacer\"><\/div>\n\n\n<div class=\"wp-block-image\">\n<figure class=\"aligncenter size-full\"><img decoding=\"async\" width=\"1024\" height=\"576\" src=\"http:\/\/adntro.com\/wp-content\/uploads\/2021\/08\/image2-1024x576-1.jpg\" alt=\"ern\u00e4hrungswissenschaftliche Aspekte mit Zusatz\" class=\"wp-image-3425\" srcset=\"https:\/\/adntro.com\/wp-content\/uploads\/2021\/08\/image2-1024x576-1.jpg 1024w, https:\/\/adntro.com\/wp-content\/uploads\/2021\/08\/image2-1024x576-1-300x169.jpg 300w, https:\/\/adntro.com\/wp-content\/uploads\/2021\/08\/image2-1024x576-1-768x432.jpg 768w, https:\/\/adntro.com\/wp-content\/uploads\/2021\/08\/image2-1024x576-1-18x10.jpg 18w\" sizes=\"(max-width: 1024px) 100vw, 1024px\" \/><\/figure>\n<\/div>\n\n\n<p>Nehmen wir zur Veranschaulichung das Beispiel der Laktoseintoleranz. Laktoseintoleranz ist das Hauptbeispiel f\u00fcr metabolische Intoleranz und wird durch einen Mangel des Enzyms Laktase verursacht, das f\u00fcr den Abbau von Laktose in Galaktose und Glukose verantwortlich ist.&nbsp;<\/p>\n\n\n\n<div style=\"height:10px\" aria-hidden=\"true\" class=\"wp-block-spacer\"><\/div>\n\n\n\n<p>Der erste Schritt <strong>es ist, innerhalb eines bestimmten Gens die Position der genetischen Varianten zu lokalisieren, die an der Entwicklung der Laktoseintoleranz beteiligt sind.<\/strong> Dazu werden Assoziationsstudien (besser bekannt als <strong>GWAS<\/strong>, nach seinem englischen Akronym <em>Genomweite Assoziationsstudie<\/em>) im NHGRI-Katalog enthalten (<em><a href=\"https:\/\/www.genome.gov\/\" target=\"_blank\" rel=\"noreferrer noopener\">Nationales Institut f\u00fcr Humangenomforschung<\/a><\/em>).&nbsp;<\/p>\n\n\n\n<div style=\"height:10px\" aria-hidden=\"true\" class=\"wp-block-spacer\"><\/div>\n\n\n\n<p>Die <a href=\"https:\/\/youtu.be\/Fizghv_PyTA\" target=\"_blank\" rel=\"noreferrer noopener\">Studien vom GWAS-Typ<\/a> sie basieren auf dem Vergleich des Genotyps von Familienkernen, die ein bestimmtes Merkmal oder eine bestimmte Pathologie aufweisen (in unserem Beispiel Laktoseintoleranz) mit dem Genotyp der Kontrollpopulation. Auf diese Weise ist es m\u00f6glich, genetische Varianten zu lokalisieren, deren H\u00e4ufigkeit bei Patienten (mit Unvertr\u00e4glichkeit) h\u00f6her ist als bei Kontrollen.&nbsp;<\/p>\n\n\n\n<div style=\"height:10px\" aria-hidden=\"true\" class=\"wp-block-spacer\"><\/div>\n\n\n\n<p><strong>Nachdem die vorherrschenden genetischen Varianten bei Menschen mit Unvertr\u00e4glichkeiten lokalisiert wurden, besteht der n\u00e4chste Schritt darin, den Genotyp einer Person zu analysieren. <\/strong>Dabei betrachten wir die mit der Laktoseintoleranz assoziierte Variante (identifiziert dank der GWAS-Studien) und wir \u00fcberpr\u00fcfen, ob diese Person die vorherrschende Variante in der Patientengruppe oder die vorherrschende Variante in der Kontrollpopulation hat. So geht das <strong>wir k\u00f6nnen Ihre mehr oder weniger genetische Veranlagung feststellen<\/strong>, um besagte Nahrungsmittelunvertr\u00e4glichkeit zu entwickeln.&nbsp;<\/p>\n\n\n\n<div style=\"height:10px\" aria-hidden=\"true\" class=\"wp-block-spacer\"><\/div>\n\n\n\n<p>Eine Art genetischer Variante, die in Studien vom GWAS-Typ weit verbreitet ist, sind die <a href=\"https:\/\/adntro.com\/de\/blog\/lernen-genetisch\/was-sind-snps\/\">SNPs<\/a> (single nucleotide polymorphisms), bei denen es sich um genetische Einzelbasen-Varianten handelt. Um unser Beispiel der Laktoseintoleranz fortzusetzen, haben wir bei ADNTRO zwei SNPs analysiert, die im Gen lokalisiert sind <em><a href=\"https:\/\/medlineplus.gov\/genetics\/gene\/mcm6\/\" target=\"_blank\" rel=\"noreferrer noopener\">MCM6<\/a><\/em>, das f\u00fcr die Regulierung der vom K\u00f6rper gebildeten Laktasemenge verantwortlich ist. Menschen, deren Genotyp mit den mit Intoleranz assoziierten SNPs \u00fcbereinstimmt, werden eher darunter leiden als diejenigen, deren Genotyp nicht \u00fcbereinstimmt.&nbsp;<\/p>\n\n\n\n<div style=\"height:10px\" aria-hidden=\"true\" class=\"wp-block-spacer\"><\/div>\n\n\n\n<p>Fructoseintoleranz oder Fructos\u00e4mie hingegen besteht aus einer genetischen St\u00f6rung, die von Geburt an vorhanden ist und durch einen Mangel an hepatischer Fructose-1-Phosphat-Aldolase, auch Enzym Aldolase B genannt, verursacht wird. Das Gen, das f\u00fcr dieses Enzym kodiert, hei\u00dft <em><a href=\"https:\/\/medlineplus.gov\/genetics\/gene\/aldob\/\" target=\"_blank\" rel=\"noreferrer noopener\">ALDOB<\/a>, <\/em>und das Vorhandensein von Varianten in seiner Sequenz erm\u00f6glicht es, Menschen mit Fructoseintoleranz zu identifizieren.<\/p>\n\n\n\n<div style=\"height:10px\" aria-hidden=\"true\" class=\"wp-block-spacer\"><\/div>\n\n\n\n<p>Der Fall der Glutenunvertr\u00e4glichkeit oder Z\u00f6liakie ist komplexer, da es sich um eine dauerhafte Erkrankung handelt, deren Entwicklung von genetischen, umweltbedingten und immunologischen Faktoren beeinflusst wird, so dass es nicht ganz korrekt ist, sie als Nahrungsmittelunvertr\u00e4glichkeit einzustufen.&nbsp;<\/p>\n\n\n\n<div style=\"height:10px\" aria-hidden=\"true\" class=\"wp-block-spacer\"><\/div>\n\n\n\n<p>Da unsere Beziehung zur Nahrung so wichtig und besonders ist und wir wissen, dass unsere Gene die Art und Weise steuern, wie wir N\u00e4hrstoffe verdauen, aufnehmen und verwerten, laden wir Sie ein, mit uns an Bord zu kommen und diese Reise zu beginnen.&nbsp;<\/p>\n\n\n\n<div style=\"height:10px\" aria-hidden=\"true\" class=\"wp-block-spacer\"><\/div>\n\n\n\n<p><strong>Bibliographie<\/strong><\/p>\n\n\n\n<ul class=\"wp-block-list\">\n<li>Dr. Francisco Arasa und Dr. Santiago Garc\u00eda Tornel. Die h\u00e4ufigsten Nahrungsmittelunvertr\u00e4glichkeiten. Kinder\u00e4rztlicher Dienst. Krankenhaus Sant Joan de D\u00e9u.&nbsp;<\/li>\n\n\n\n<li>Ballesta F. Genetik und Allergie. Bd. 26 Nr. 3, Seiten 81-119 (Mai 1998)<\/li>\n\n\n\n<li>Hong X. et al., Genomweite Assoziationsstudie identifiziert Erdnussallergie-spezifische Loci und Beweise f\u00fcr epigenetische Mediation bei US-Kindern. DOI: <a href=\"http:\/\/www.nature.com\/articles\/ncomms7304\" target=\"_blank\" rel=\"noreferrer noopener\">10.1038 \/ ncomms7304<\/a><\/li>\n\n\n\n<li>Dzialanski Z. et al., Laktasepersistenz versus Laktoseintoleranz: Gibt es einen intermedi\u00e4ren Ph\u00e4notyp? DOI: <a href=\"https:\/\/linkinghub.elsevier.com\/retrieve\/pii\/S0009912015005081\" target=\"_blank\" rel=\"noreferrer noopener\">https:\/\/linkinghub.elsevier.com\/retrieve\/pii\/S0009912015005081<\/a><\/li>\n<\/ul>\n\n\n\n<ul class=\"wp-block-list\">\n<li>Heredit\u00e4re Fructoseintoleranz. Medline Plus.&nbsp;<\/li>\n\n\n\n<li>Uitterlinden AG Eine Einf\u00fchrung in genomweite Assoziationsstudien: GWAS f\u00fcr Dummies. Semin Reprod Med 2016; 34: 196\u2013204<\/li>\n\n\n\n<li>Ana Zugasti Murillo<a href=\"https:\/\/www.elsevier.es\/es-revista-endocrinologia-nutricion-12-articulo-intolerancia-alimentaria-S157509220971407X#cor1\"><sup>Ich<\/sup><\/a>. Nahrungsmittelunvertr\u00e4glichkeit. Abteilung f\u00fcr Klinische Ern\u00e4hrung und Di\u00e4tetik. Krankenhaus Virgen del Camino. Pamplona. Navarra. Spanien<\/li>\n\n\n\n<li>Ruiz S\u00e1nchez JG. [Eine globale Vision der unerw\u00fcnschten Reaktionen auf Lebensmittel: Lebensmittelallergie und -intoleranz.]<\/li>\n<\/ul>\n\n\n\n<p>Andere Ressourcen<\/p>\n\n\n\n<ul class=\"wp-block-list\">\n<li><a href=\"https:\/\/www.mayoclinic.org\/\" target=\"_blank\" rel=\"noreferrer noopener\">www.mayoclinic.org<\/a><\/li>\n<\/ul>","protected":false},"excerpt":{"rendered":"<p>In den letzten zehn Jahren hat die Zahl der Menschen mit Nahrungsmittelallergien und -unvertr\u00e4glichkeiten dramatisch zugenommen. Dies zeigt sich in unserem t\u00e4glichen Leben, da die Speisekarten der Restaurants jetzt immer deutlich die Allergene in jedem Gericht angeben, was vor einigen Jahren nicht so h\u00e4ufig vorkam. Aber, [\u2026]<\/p>","protected":false},"author":8,"featured_media":5489,"comment_status":"closed","ping_status":"closed","sticky":false,"template":"","format":"standard","meta":{"footnotes":""},"categories":[41],"tags":[15,42,43,44,45],"class_list":["post-1971","post","type-post","status-publish","format-standard","has-post-thumbnail","hentry","category-nutrigenetica","tag-adn","tag-adntro","tag-alimentacion","tag-lactosa","tag-nutricion"],"yoast_head":"<!-- This site is optimized with the Yoast SEO plugin v22.0 - https:\/\/yoast.com\/wordpress\/plugins\/seo\/ -->\n<title>Interacci\u00f3n entre genoma y alimentaci\u00f3n | ADNTRO<\/title>\n<meta name=\"description\" content=\"La alergia es la respuesta inmunitaria que se produce cuando el organismo entra en contacto con un agente extra\u00f1o o un determinado alimento.\" \/>\n<meta name=\"robots\" content=\"index, follow, max-snippet:-1, max-image-preview:large, max-video-preview:-1\" \/>\n<link rel=\"canonical\" href=\"https:\/\/adntro.com\/de\/blog\/ernahrung\/lerne-uber-die-interaktion-zwischen-genom-und-futtern-mit-adntro\/\" \/>\n<meta property=\"og:locale\" content=\"de_DE\" \/>\n<meta property=\"og:type\" content=\"article\" \/>\n<meta property=\"og:title\" content=\"Interacci\u00f3n entre genoma y alimentaci\u00f3n | ADNTRO\" \/>\n<meta property=\"og:description\" content=\"La alergia es la respuesta inmunitaria que se produce cuando el organismo entra en contacto con un agente extra\u00f1o o un determinado alimento.\" \/>\n<meta property=\"og:url\" content=\"https:\/\/adntro.com\/de\/blog\/ernahrung\/lerne-uber-die-interaktion-zwischen-genom-und-futtern-mit-adntro\/\" \/>\n<meta property=\"og:site_name\" content=\"ADNTRO\" \/>\n<meta property=\"article:publisher\" content=\"https:\/\/www.facebook.com\/ADNTROSPAIN\/\" \/>\n<meta property=\"article:published_time\" content=\"2020-11-11T14:27:45+00:00\" \/>\n<meta property=\"article:modified_time\" content=\"2026-03-26T08:33:29+00:00\" \/>\n<meta property=\"og:image\" content=\"https:\/\/adntro.com\/wp-content\/uploads\/2020\/11\/interaccion-genoma-alimentacion-t.jpg\" \/>\n\t<meta property=\"og:image:width\" content=\"567\" \/>\n\t<meta property=\"og:image:height\" content=\"378\" \/>\n\t<meta property=\"og:image:type\" content=\"image\/jpeg\" \/>\n<meta name=\"author\" content=\"Sandra Ferreiro\" \/>\n<meta name=\"twitter:card\" content=\"summary_large_image\" \/>\n<meta name=\"twitter:creator\" content=\"@adntrospain\" \/>\n<meta name=\"twitter:site\" content=\"@adntrospain\" \/>\n<meta name=\"twitter:label1\" content=\"Verfasst von\" \/>\n\t<meta name=\"twitter:data1\" content=\"Sandra Ferreiro\" \/>\n\t<meta name=\"twitter:label2\" content=\"Gesch\u00e4tzte Lesezeit\" \/>\n\t<meta name=\"twitter:data2\" content=\"6\u00a0Minuten\" \/>\n<script type=\"application\/ld+json\" class=\"yoast-schema-graph\">{\"@context\":\"https:\/\/schema.org\",\"@graph\":[{\"@type\":\"Article\",\"@id\":\"https:\/\/adntro.com\/de\/blog\/ernahrung\/lerne-uber-die-interaktion-zwischen-genom-und-futtern-mit-adntro\/#article\",\"isPartOf\":{\"@id\":\"https:\/\/adntro.com\/de\/blog\/ernahrung\/lerne-uber-die-interaktion-zwischen-genom-und-futtern-mit-adntro\/\"},\"author\":{\"name\":\"Sandra Ferreiro\",\"@id\":\"https:\/\/adntro.com\/es\/#\/schema\/person\/a71eca38b563da2bb60f24d7e71f7d6b\"},\"headline\":\"Aprende sobre la interacci\u00f3n entre genoma y alimentaci\u00f3n con ADNTRO\",\"datePublished\":\"2020-11-11T14:27:45+00:00\",\"dateModified\":\"2026-03-26T08:33:29+00:00\",\"mainEntityOfPage\":{\"@id\":\"https:\/\/adntro.com\/de\/blog\/ernahrung\/lerne-uber-die-interaktion-zwischen-genom-und-futtern-mit-adntro\/\"},\"wordCount\":1281,\"publisher\":{\"@id\":\"https:\/\/adntro.com\/es\/#organization\"},\"keywords\":[\"ADN\",\"adntro\",\"alimentaci\u00f3n\",\"lactosa\",\"nutrici\u00f3n\"],\"articleSection\":[\"Nutrigen\u00e9tica\"],\"inLanguage\":\"de\"},{\"@type\":\"WebPage\",\"@id\":\"https:\/\/adntro.com\/de\/blog\/ernahrung\/lerne-uber-die-interaktion-zwischen-genom-und-futtern-mit-adntro\/\",\"url\":\"https:\/\/adntro.com\/de\/blog\/ernahrung\/lerne-uber-die-interaktion-zwischen-genom-und-futtern-mit-adntro\/\",\"name\":\"Interacci\u00f3n entre genoma y alimentaci\u00f3n | ADNTRO\",\"isPartOf\":{\"@id\":\"https:\/\/adntro.com\/es\/#website\"},\"datePublished\":\"2020-11-11T14:27:45+00:00\",\"dateModified\":\"2026-03-26T08:33:29+00:00\",\"description\":\"La alergia es la respuesta inmunitaria que se produce cuando el organismo entra en contacto con un agente extra\u00f1o o un determinado alimento.\",\"breadcrumb\":{\"@id\":\"https:\/\/adntro.com\/de\/blog\/ernahrung\/lerne-uber-die-interaktion-zwischen-genom-und-futtern-mit-adntro\/#breadcrumb\"},\"inLanguage\":\"de\",\"potentialAction\":[{\"@type\":\"ReadAction\",\"target\":[\"https:\/\/adntro.com\/de\/blog\/ernahrung\/lerne-uber-die-interaktion-zwischen-genom-und-futtern-mit-adntro\/\"]}]},{\"@type\":\"BreadcrumbList\",\"@id\":\"https:\/\/adntro.com\/de\/blog\/ernahrung\/lerne-uber-die-interaktion-zwischen-genom-und-futtern-mit-adntro\/#breadcrumb\",\"itemListElement\":[{\"@type\":\"ListItem\",\"position\":1,\"name\":\"Home\",\"item\":\"https:\/\/adntro.com\/de\/\"},{\"@type\":\"ListItem\",\"position\":2,\"name\":\"Aprende sobre la interacci\u00f3n entre genoma y alimentaci\u00f3n con ADNTRO\"}]},{\"@type\":\"WebSite\",\"@id\":\"https:\/\/adntro.com\/es\/#website\",\"url\":\"https:\/\/adntro.com\/es\/\",\"name\":\"ADNTRO\",\"description\":\"Gen\u00e9tica, salud, nutrici\u00f3n\",\"publisher\":{\"@id\":\"https:\/\/adntro.com\/es\/#organization\"},\"potentialAction\":[{\"@type\":\"SearchAction\",\"target\":{\"@type\":\"EntryPoint\",\"urlTemplate\":\"https:\/\/adntro.com\/es\/?s={search_term_string}\"},\"query-input\":\"required name=search_term_string\"}],\"inLanguage\":\"de\"},{\"@type\":\"Organization\",\"@id\":\"https:\/\/adntro.com\/es\/#organization\",\"name\":\"ADNTRO Genetics\",\"url\":\"https:\/\/adntro.com\/es\/\",\"logo\":{\"@type\":\"ImageObject\",\"inLanguage\":\"de\",\"@id\":\"https:\/\/adntro.com\/es\/#\/schema\/logo\/image\/\",\"url\":\"https:\/\/adntro.com\/wp-content\/uploads\/2021\/08\/android-chrome-512x512-2.png\",\"contentUrl\":\"https:\/\/adntro.com\/wp-content\/uploads\/2021\/08\/android-chrome-512x512-2.png\",\"width\":512,\"height\":512,\"caption\":\"ADNTRO Genetics\"},\"image\":{\"@id\":\"https:\/\/adntro.com\/es\/#\/schema\/logo\/image\/\"},\"sameAs\":[\"https:\/\/www.facebook.com\/ADNTROSPAIN\/\",\"https:\/\/twitter.com\/adntrospain\",\"https:\/\/www.instagram.com\/adntro_\/\",\"https:\/\/www.pinterest.es\/ADNTRO_TEAM\/_saved\/\"]},{\"@type\":\"Person\",\"@id\":\"https:\/\/adntro.com\/es\/#\/schema\/person\/a71eca38b563da2bb60f24d7e71f7d6b\",\"name\":\"Sandra Ferreiro\",\"image\":{\"@type\":\"ImageObject\",\"inLanguage\":\"de\",\"@id\":\"https:\/\/adntro.com\/es\/#\/schema\/person\/image\/\",\"url\":\"https:\/\/secure.gravatar.com\/avatar\/ddaa4448bc53192d65c596cd5119749fb4d7167a3b3d7931d8b0470a2021bdc3?s=96&d=mm&r=g\",\"contentUrl\":\"https:\/\/secure.gravatar.com\/avatar\/ddaa4448bc53192d65c596cd5119749fb4d7167a3b3d7931d8b0470a2021bdc3?s=96&d=mm&r=g\",\"caption\":\"Sandra Ferreiro\"},\"description\":\"Bioinform\u00e1tica y Responsable del \u00e1rea cient\u00edfica en ADNTRO. Biotecn\u00f3loga por la Universidad Francisco de Vitoria, donde recibi\u00f3 dos becas de expediente acad\u00e9mico brillante. Estuvo trabajando en un proyecto de investigaci\u00f3n sobre la asimetr\u00eda izquierda-derecha en Newcastle, siendo premiada en la Conferencia del Centro de Investigaci\u00f3n Cardiovascular Trainees Meeting como el mejor p\u00f3ster (2018). Complet\u00f3 un m\u00e1ster en Biolog\u00eda Computacional en la Universidad Polit\u00e9cnica de Madrid. All\u00ed estudi\u00f3 las redes de interacci\u00f3n metab\u00f3lica en el microbioma de pacientes con Enfermedad de Chron y Colitis Ulcerosa en el centro de investigaci\u00f3n CBGP, centro de Excelencia Severo Ochoa (2020). Desde el 2020 es Bioinform\u00e1tica en ADNTRO donde desarrolla modelos predictivos, realiza anotaciones y an\u00e1lisis de variantes patog\u00e9nicas, investigaci\u00f3n de literatura GWAS y divulgaci\u00f3n cient\u00edfica.\",\"sameAs\":[\"https:\/\/www.linkedin.com\/in\/sandra-ferreiro-lpez-78804016a\/\"],\"url\":\"https:\/\/adntro.com\/de\/blog\/author\/sandra\/\"}]}<\/script>\n<!-- \/ Yoast SEO plugin. -->","yoast_head_json":{"title":"Interacci\u00f3n entre genoma y alimentaci\u00f3n | ADNTRO","description":"La alergia es la respuesta inmunitaria que se produce cuando el organismo entra en contacto con un agente extra\u00f1o o un determinado alimento.","robots":{"index":"index","follow":"follow","max-snippet":"max-snippet:-1","max-image-preview":"max-image-preview:large","max-video-preview":"max-video-preview:-1"},"canonical":"https:\/\/adntro.com\/de\/blog\/ernahrung\/lerne-uber-die-interaktion-zwischen-genom-und-futtern-mit-adntro\/","og_locale":"de_DE","og_type":"article","og_title":"Interacci\u00f3n entre genoma y alimentaci\u00f3n | ADNTRO","og_description":"La alergia es la respuesta inmunitaria que se produce cuando el organismo entra en contacto con un agente extra\u00f1o o un determinado alimento.","og_url":"https:\/\/adntro.com\/de\/blog\/ernahrung\/lerne-uber-die-interaktion-zwischen-genom-und-futtern-mit-adntro\/","og_site_name":"ADNTRO","article_publisher":"https:\/\/www.facebook.com\/ADNTROSPAIN\/","article_published_time":"2020-11-11T14:27:45+00:00","article_modified_time":"2026-03-26T08:33:29+00:00","og_image":[{"width":567,"height":378,"url":"https:\/\/adntro.com\/wp-content\/uploads\/2020\/11\/interaccion-genoma-alimentacion-t.jpg","type":"image\/jpeg"}],"author":"Sandra Ferreiro","twitter_card":"summary_large_image","twitter_creator":"@adntrospain","twitter_site":"@adntrospain","twitter_misc":{"Verfasst von":"Sandra Ferreiro","Gesch\u00e4tzte Lesezeit":"6\u00a0Minuten"},"schema":{"@context":"https:\/\/schema.org","@graph":[{"@type":"Article","@id":"https:\/\/adntro.com\/de\/blog\/ernahrung\/lerne-uber-die-interaktion-zwischen-genom-und-futtern-mit-adntro\/#article","isPartOf":{"@id":"https:\/\/adntro.com\/de\/blog\/ernahrung\/lerne-uber-die-interaktion-zwischen-genom-und-futtern-mit-adntro\/"},"author":{"name":"Sandra Ferreiro","@id":"https:\/\/adntro.com\/es\/#\/schema\/person\/a71eca38b563da2bb60f24d7e71f7d6b"},"headline":"Aprende sobre la interacci\u00f3n entre genoma y alimentaci\u00f3n con ADNTRO","datePublished":"2020-11-11T14:27:45+00:00","dateModified":"2026-03-26T08:33:29+00:00","mainEntityOfPage":{"@id":"https:\/\/adntro.com\/de\/blog\/ernahrung\/lerne-uber-die-interaktion-zwischen-genom-und-futtern-mit-adntro\/"},"wordCount":1281,"publisher":{"@id":"https:\/\/adntro.com\/es\/#organization"},"keywords":["ADN","adntro","alimentaci\u00f3n","lactosa","nutrici\u00f3n"],"articleSection":["Nutrigen\u00e9tica"],"inLanguage":"de"},{"@type":"WebPage","@id":"https:\/\/adntro.com\/de\/blog\/ernahrung\/lerne-uber-die-interaktion-zwischen-genom-und-futtern-mit-adntro\/","url":"https:\/\/adntro.com\/de\/blog\/ernahrung\/lerne-uber-die-interaktion-zwischen-genom-und-futtern-mit-adntro\/","name":"Interacci\u00f3n entre genoma y alimentaci\u00f3n | ADNTRO","isPartOf":{"@id":"https:\/\/adntro.com\/es\/#website"},"datePublished":"2020-11-11T14:27:45+00:00","dateModified":"2026-03-26T08:33:29+00:00","description":"La alergia es la respuesta inmunitaria que se produce cuando el organismo entra en contacto con un agente extra\u00f1o o un determinado alimento.","breadcrumb":{"@id":"https:\/\/adntro.com\/de\/blog\/ernahrung\/lerne-uber-die-interaktion-zwischen-genom-und-futtern-mit-adntro\/#breadcrumb"},"inLanguage":"de","potentialAction":[{"@type":"ReadAction","target":["https:\/\/adntro.com\/de\/blog\/ernahrung\/lerne-uber-die-interaktion-zwischen-genom-und-futtern-mit-adntro\/"]}]},{"@type":"BreadcrumbList","@id":"https:\/\/adntro.com\/de\/blog\/ernahrung\/lerne-uber-die-interaktion-zwischen-genom-und-futtern-mit-adntro\/#breadcrumb","itemListElement":[{"@type":"ListItem","position":1,"name":"Home","item":"https:\/\/adntro.com\/de\/"},{"@type":"ListItem","position":2,"name":"Aprende sobre la interacci\u00f3n entre genoma y alimentaci\u00f3n con ADNTRO"}]},{"@type":"WebSite","@id":"https:\/\/adntro.com\/es\/#website","url":"https:\/\/adntro.com\/es\/","name":"ADNTRO","description":"Gen\u00e9tica, salud, nutrici\u00f3n","publisher":{"@id":"https:\/\/adntro.com\/es\/#organization"},"potentialAction":[{"@type":"SearchAction","target":{"@type":"EntryPoint","urlTemplate":"https:\/\/adntro.com\/es\/?s={search_term_string}"},"query-input":"required name=search_term_string"}],"inLanguage":"de"},{"@type":"Organization","@id":"https:\/\/adntro.com\/es\/#organization","name":"ADNTRO Genetics","url":"https:\/\/adntro.com\/es\/","logo":{"@type":"ImageObject","inLanguage":"de","@id":"https:\/\/adntro.com\/es\/#\/schema\/logo\/image\/","url":"https:\/\/adntro.com\/wp-content\/uploads\/2021\/08\/android-chrome-512x512-2.png","contentUrl":"https:\/\/adntro.com\/wp-content\/uploads\/2021\/08\/android-chrome-512x512-2.png","width":512,"height":512,"caption":"ADNTRO Genetics"},"image":{"@id":"https:\/\/adntro.com\/es\/#\/schema\/logo\/image\/"},"sameAs":["https:\/\/www.facebook.com\/ADNTROSPAIN\/","https:\/\/twitter.com\/adntrospain","https:\/\/www.instagram.com\/adntro_\/","https:\/\/www.pinterest.es\/ADNTRO_TEAM\/_saved\/"]},{"@type":"Person","@id":"https:\/\/adntro.com\/es\/#\/schema\/person\/a71eca38b563da2bb60f24d7e71f7d6b","name":"Sandra Ferreiro","image":{"@type":"ImageObject","inLanguage":"de","@id":"https:\/\/adntro.com\/es\/#\/schema\/person\/image\/","url":"https:\/\/secure.gravatar.com\/avatar\/ddaa4448bc53192d65c596cd5119749fb4d7167a3b3d7931d8b0470a2021bdc3?s=96&d=mm&r=g","contentUrl":"https:\/\/secure.gravatar.com\/avatar\/ddaa4448bc53192d65c596cd5119749fb4d7167a3b3d7931d8b0470a2021bdc3?s=96&d=mm&r=g","caption":"Sandra Ferreiro"},"description":"Bioinform\u00e1tica y Responsable del \u00e1rea cient\u00edfica en ADNTRO. Biotecn\u00f3loga por la Universidad Francisco de Vitoria, donde recibi\u00f3 dos becas de expediente acad\u00e9mico brillante. Estuvo trabajando en un proyecto de investigaci\u00f3n sobre la asimetr\u00eda izquierda-derecha en Newcastle, siendo premiada en la Conferencia del Centro de Investigaci\u00f3n Cardiovascular Trainees Meeting como el mejor p\u00f3ster (2018). Complet\u00f3 un m\u00e1ster en Biolog\u00eda Computacional en la Universidad Polit\u00e9cnica de Madrid. All\u00ed estudi\u00f3 las redes de interacci\u00f3n metab\u00f3lica en el microbioma de pacientes con Enfermedad de Chron y Colitis Ulcerosa en el centro de investigaci\u00f3n CBGP, centro de Excelencia Severo Ochoa (2020). Desde el 2020 es Bioinform\u00e1tica en ADNTRO donde desarrolla modelos predictivos, realiza anotaciones y an\u00e1lisis de variantes patog\u00e9nicas, investigaci\u00f3n de literatura GWAS y divulgaci\u00f3n cient\u00edfica.","sameAs":["https:\/\/www.linkedin.com\/in\/sandra-ferreiro-lpez-78804016a\/"],"url":"https:\/\/adntro.com\/de\/blog\/author\/sandra\/"}]}},"_links":{"self":[{"href":"https:\/\/adntro.com\/de\/wp-json\/wp\/v2\/posts\/1971","targetHints":{"allow":["GET"]}}],"collection":[{"href":"https:\/\/adntro.com\/de\/wp-json\/wp\/v2\/posts"}],"about":[{"href":"https:\/\/adntro.com\/de\/wp-json\/wp\/v2\/types\/post"}],"author":[{"embeddable":true,"href":"https:\/\/adntro.com\/de\/wp-json\/wp\/v2\/users\/8"}],"replies":[{"embeddable":true,"href":"https:\/\/adntro.com\/de\/wp-json\/wp\/v2\/comments?post=1971"}],"version-history":[{"count":27,"href":"https:\/\/adntro.com\/de\/wp-json\/wp\/v2\/posts\/1971\/revisions"}],"predecessor-version":[{"id":18127,"href":"https:\/\/adntro.com\/de\/wp-json\/wp\/v2\/posts\/1971\/revisions\/18127"}],"wp:featuredmedia":[{"embeddable":true,"href":"https:\/\/adntro.com\/de\/wp-json\/wp\/v2\/media\/5489"}],"wp:attachment":[{"href":"https:\/\/adntro.com\/de\/wp-json\/wp\/v2\/media?parent=1971"}],"wp:term":[{"taxonomy":"category","embeddable":true,"href":"https:\/\/adntro.com\/de\/wp-json\/wp\/v2\/categories?post=1971"},{"taxonomy":"post_tag","embeddable":true,"href":"https:\/\/adntro.com\/de\/wp-json\/wp\/v2\/tags?post=1971"}],"curies":[{"name":"wp","href":"https:\/\/api.w.org\/{rel}","templated":true}]}}